{"id":42665,"date":"2018-03-01T21:02:34","date_gmt":"2018-03-02T00:02:34","guid":{"rendered":"http:\/\/caririemacao.com\/1\/?p=42665"},"modified":"2018-03-01T21:02:34","modified_gmt":"2018-03-02T00:02:34","slug":"nucleo-de-artes-de-monteiro-inscreve-para-cursos-de-teclado-violao-e-sanfona","status":"publish","type":"post","link":"https:\/\/www.caririemacao.com\/1\/2018\/03\/01\/nucleo-de-artes-de-monteiro-inscreve-para-cursos-de-teclado-violao-e-sanfona\/","title":{"rendered":"N\u00facleo de Artes de Monteiro inscreve para cursos de teclado, viol\u00e3o e sanfona"},"content":{"rendered":"<p>O N\u00facleo de Arte e Cultura Zab\u00e9 da Loca do Centro de Ci\u00eancias Humanas e\u00a0Exatas (CCHE), localizado no\u00a0C\u00e2mpus VI da Universidade Estadual da Para\u00edba (UEPB), em Monteiro, no Cariri\u00a0da Para\u00edba, abriu inscri\u00e7\u00f5es para os cursos em n\u00edvel b\u00e1sico de Teclado, Viol\u00e3o\u00a0Popular e Sanfona. As inscri\u00e7\u00f5es est\u00e3o abertas at\u00e9 ter\u00e7a-feria (6)\u00a0para comunidade interna e externa da Institui\u00e7\u00e3o. Os interessados precisam\u00a0comparecer a recep\u00e7\u00e3o do CCHE e efetivar a inscri\u00e7\u00e3o, apresentando documento de identifica\u00e7\u00e3o e comprovante de resid\u00eancia em nome do candidato ou familiar\u00a0de primeiro grau.<\/p>\n<p>No caso do curso de Viol\u00e3o Popular, est\u00e3o sendo oferecidas 15 vagas para a turma que funcionar\u00e1 \u00e0s\u00a0ter\u00e7as-feiras, das 9h \u00e0s 11h. N\u00e3o ser\u00e1 exigida do candidato nenhuma aptid\u00e3o musical nem a posse do\u00a0instrumento. A institui\u00e7\u00e3o oferecer\u00e1 o instrumento para uso exclusivo no dia e local das aulas, sob a\u00a0supervis\u00e3o do colaborador.<\/p>\n<p>Todos os participantes que conclu\u00edrem o curso receber\u00e3o certificados. O curso ser\u00e1 ministrado pelo professor e\u00a0m\u00fasico Robson de Ara\u00fajo Silva e ter\u00e1 como objetivo permitir ao aluno a oportunidade de ter uma experi\u00eancia mais<br \/>\npr\u00f3xima com as artes musicais e, com isso, possibilitar o est\u00edmulo de suas capacidades art\u00edsticas, tendo ele o crit\u00e9rio<br \/>\nde levar adiante sua carreira musical ou apenas para o seu lazer.<\/p>\n<p>Teclado e sanfona<br \/>\nEm rela\u00e7\u00e3o ao curso de Teclado, est\u00e3o sendo ofertadas 10 vagas. O curso acontecer\u00e1 entre os meses de<br \/>\nmar\u00e7o e julho de 2018, na Sala do N\u00facleo de Arte e Cultura Zab\u00e9 da Loca, nas depend\u00eancias do CCHE. A<br \/>\nturma funcionar\u00e1 \u00e0s quintas-feiras, das 19h \u00e0s 21h. Cada aula ter\u00e1 a dura\u00e7\u00e3o de 3 horas e ser\u00e3o ministradas pelo<br \/>\nprofessor e m\u00fasico Claudinho de Monteiro.<\/p>\n<p>J\u00e1 para o curso de Sanfona tamb\u00e9m est\u00e3o sendo ofertadas 10 vagas. A turma funcionar\u00e1 \u00e0s ter\u00e7as-feiras,<br \/>\ndas 9h \u00e0s 12h e cada aula ter\u00e1 a dura\u00e7\u00e3o de 3 horas. As aulas tamb\u00e9m ser\u00e3o ministradas por Claudinho de<br \/>\nMonteiro<\/p>\n<p><strong>CARIRI EM A\u00c7\u00c3O<\/strong><\/p>\n<p><em>Com Vitrine do Cariri \/Foto: Reprodu\u00e7\u00e3o Internet<\/em><\/p>\n<p><strong>Leia mais not\u00edcias em\u00a0<\/strong><a href=\"http:\/\/www.caririemacao.com\/\"><strong>caririemacao.com<\/strong><\/a><strong>, siga nossa p\u00e1gina no\u00a0<\/strong><a href=\"https:\/\/www.facebook.com\/CaririEmAcao\/?ref=aymt_homepage_panel\"><strong>Facebook<\/strong><\/a>,<strong>\u00a0<\/strong><a href=\"https:\/\/www.instagram.com\/cariri_em_acao\/?hl=pt-br\"><strong>Instagram<\/strong><\/a><strong>\u00a0e\u00a0<\/strong><a href=\"https:\/\/www.youtube.com\/channel\/UCAptA0jQuYQy8vMhLt2m4qg\"><strong>Youtube<\/strong><\/a><strong>\u00a0e veja nossas mat\u00e9rias, v\u00eddeos e fotos. Voc\u00ea tamb\u00e9m pode enviar informa\u00e7\u00f5es \u00e0 Reda\u00e7\u00e3o do Portal Cariri em A\u00e7\u00e3o pelo WhatsApp (83) 9 9634.5791, (83) 9 9601-1162.<\/strong><\/p>\n","protected":false},"excerpt":{"rendered":"<p>O N\u00facleo de Arte e Cultura Zab\u00e9 da Loca do Centro de Ci\u00eancias Humanas e\u00a0Exatas (CCHE), localizado no\u00a0C\u00e2mpus VI da Universidade Estadual da Para\u00edba (UEPB),&hellip; <\/p>\n","protected":false},"author":2,"featured_media":42666,"comment_status":"closed","ping_status":"closed","sticky":false,"template":"","format":"standard","meta":{"sfsi_plus_gutenberg_text_before_share":"","sfsi_plus_gutenberg_show_text_before_share":"","sfsi_plus_gutenberg_icon_type":"","sfsi_plus_gutenberg_icon_alignemt":"","sfsi_plus_gutenburg_max_per_row":"","footnotes":""},"categories":[2],"tags":[],"class_list":["post-42665","post","type-post","status-publish","format-standard","has-post-thumbnail","hentry","category-geral"],"_links":{"self":[{"href":"https:\/\/www.caririemacao.com\/1\/wp-json\/wp\/v2\/posts\/42665","targetHints":{"allow":["GET"]}}],"collection":[{"href":"https:\/\/www.caririemacao.com\/1\/wp-json\/wp\/v2\/posts"}],"about":[{"href":"https:\/\/www.caririemacao.com\/1\/wp-json\/wp\/v2\/types\/post"}],"author":[{"embeddable":true,"href":"https:\/\/www.caririemacao.com\/1\/wp-json\/wp\/v2\/users\/2"}],"replies":[{"embeddable":true,"href":"https:\/\/www.caririemacao.com\/1\/wp-json\/wp\/v2\/comments?post=42665"}],"version-history":[{"count":0,"href":"https:\/\/www.caririemacao.com\/1\/wp-json\/wp\/v2\/posts\/42665\/revisions"}],"wp:featuredmedia":[{"embeddable":true,"href":"https:\/\/www.caririemacao.com\/1\/wp-json\/wp\/v2\/media\/42666"}],"wp:attachment":[{"href":"https:\/\/www.caririemacao.com\/1\/wp-json\/wp\/v2\/media?parent=42665"}],"wp:term":[{"taxonomy":"category","embeddable":true,"href":"https:\/\/www.caririemacao.com\/1\/wp-json\/wp\/v2\/categories?post=42665"},{"taxonomy":"post_tag","embeddable":true,"href":"https:\/\/www.caririemacao.com\/1\/wp-json\/wp\/v2\/tags?post=42665"}],"curies":[{"name":"wp","href":"https:\/\/api.w.org\/{rel}","templated":true}]}}