{"id":42668,"date":"2018-03-01T21:10:59","date_gmt":"2018-03-02T00:10:59","guid":{"rendered":"http:\/\/caririemacao.com\/1\/?p=42668"},"modified":"2018-03-01T21:10:59","modified_gmt":"2018-03-02T00:10:59","slug":"ligia-apos-reuniao-com-temer-eu-esperava-mais","status":"publish","type":"post","link":"https:\/\/www.caririemacao.com\/1\/2018\/03\/01\/ligia-apos-reuniao-com-temer-eu-esperava-mais\/","title":{"rendered":"L\u00edgia ap\u00f3s reuni\u00e3o com Temer: \u201cEu esperava mais\u201d"},"content":{"rendered":"<p>A vice-governadora da Para\u00edba, L\u00edgia Feliciano (PDT), participou nesta quinta-feira (1\u00ba) de\u00a0 reuni\u00e3o do governadores com o presidente Michel Temer (MDB) sobre seguran\u00e7a p\u00fablica.<\/p>\n<p>Ao\u00a0Portal MaisPB, a vice-governadora fez um balan\u00e7o da audi\u00eancia. Ela viu poucos avan\u00e7os:<\/p>\n<p>\u201cEu esperava muito mais. O tema da viol\u00eancia \u00e9 um tema que deve ser discutido e eu espero que avance a passos largos. O primeiro passo foi dado, a gente espera que o Minist\u00e9rio da Seguran\u00e7a venha tomar conta dos crimes de compet\u00eancia da Uni\u00e3o, tenha um plano para desenvolver uma a\u00e7\u00e3o de tecnologia para todos os estados. Acho que deve ser constru\u00eddo um plano assim como o que existe na Para\u00edba\u201d.<\/p>\n<p>Aproveitou para fazer nova defesa do atual modelo de governo da Para\u00edba, pilotado pelo governador Ricardo Coutinho. Gest\u00e3o que ela integra.<\/p>\n<p><strong>CARIRI EM A\u00c7\u00c3O<\/strong><\/p>\n<p><em>Com Mais PB \/Foto: Reprodu\u00e7\u00e3o Internet<\/em><\/p>\n<p><strong>Leia mais not\u00edcias em\u00a0<\/strong><a href=\"http:\/\/www.caririemacao.com\/\"><strong>caririemacao.com<\/strong><\/a><strong>, siga nossa p\u00e1gina no\u00a0<\/strong><a href=\"https:\/\/www.facebook.com\/CaririEmAcao\/?ref=aymt_homepage_panel\"><strong>Facebook<\/strong><\/a>,<strong>\u00a0<\/strong><a href=\"https:\/\/www.instagram.com\/cariri_em_acao\/?hl=pt-br\"><strong>Instagram<\/strong><\/a><strong>\u00a0e\u00a0<\/strong><a href=\"https:\/\/www.youtube.com\/channel\/UCAptA0jQuYQy8vMhLt2m4qg\"><strong>Youtube<\/strong><\/a><strong>\u00a0e veja nossas mat\u00e9rias, v\u00eddeos e fotos. Voc\u00ea tamb\u00e9m pode enviar informa\u00e7\u00f5es \u00e0 Reda\u00e7\u00e3o do Portal Cariri em A\u00e7\u00e3o pelo WhatsApp (83) 9 9634.5791, (83) 9 9601-1162.<\/strong><\/p>\n","protected":false},"excerpt":{"rendered":"<p>A vice-governadora da Para\u00edba, L\u00edgia Feliciano (PDT), participou nesta quinta-feira (1\u00ba) de\u00a0 reuni\u00e3o do governadores com o presidente Michel Temer (MDB) sobre seguran\u00e7a p\u00fablica. Ao\u00a0Portal&hellip; <\/p>\n","protected":false},"author":2,"featured_media":42669,"comment_status":"closed","ping_status":"closed","sticky":false,"template":"","format":"standard","meta":{"sfsi_plus_gutenberg_text_before_share":"","sfsi_plus_gutenberg_show_text_before_share":"","sfsi_plus_gutenberg_icon_type":"","sfsi_plus_gutenberg_icon_alignemt":"","sfsi_plus_gutenburg_max_per_row":"","footnotes":""},"categories":[11],"tags":[],"class_list":["post-42668","post","type-post","status-publish","format-standard","has-post-thumbnail","hentry","category-politica"],"_links":{"self":[{"href":"https:\/\/www.caririemacao.com\/1\/wp-json\/wp\/v2\/posts\/42668","targetHints":{"allow":["GET"]}}],"collection":[{"href":"https:\/\/www.caririemacao.com\/1\/wp-json\/wp\/v2\/posts"}],"about":[{"href":"https:\/\/www.caririemacao.com\/1\/wp-json\/wp\/v2\/types\/post"}],"author":[{"embeddable":true,"href":"https:\/\/www.caririemacao.com\/1\/wp-json\/wp\/v2\/users\/2"}],"replies":[{"embeddable":true,"href":"https:\/\/www.caririemacao.com\/1\/wp-json\/wp\/v2\/comments?post=42668"}],"version-history":[{"count":0,"href":"https:\/\/www.caririemacao.com\/1\/wp-json\/wp\/v2\/posts\/42668\/revisions"}],"wp:featuredmedia":[{"embeddable":true,"href":"https:\/\/www.caririemacao.com\/1\/wp-json\/wp\/v2\/media\/42669"}],"wp:attachment":[{"href":"https:\/\/www.caririemacao.com\/1\/wp-json\/wp\/v2\/media?parent=42668"}],"wp:term":[{"taxonomy":"category","embeddable":true,"href":"https:\/\/www.caririemacao.com\/1\/wp-json\/wp\/v2\/categories?post=42668"},{"taxonomy":"post_tag","embeddable":true,"href":"https:\/\/www.caririemacao.com\/1\/wp-json\/wp\/v2\/tags?post=42668"}],"curies":[{"name":"wp","href":"https:\/\/api.w.org\/{rel}","templated":true}]}}