{"id":42671,"date":"2018-03-01T21:16:27","date_gmt":"2018-03-02T00:16:27","guid":{"rendered":"http:\/\/caririemacao.com\/1\/?p=42671"},"modified":"2018-03-01T21:16:27","modified_gmt":"2018-03-02T00:16:27","slug":"prazo-de-inscricoes-para-o-fies-e-prorrogado-ate-sexta","status":"publish","type":"post","link":"https:\/\/www.caririemacao.com\/1\/2018\/03\/01\/prazo-de-inscricoes-para-o-fies-e-prorrogado-ate-sexta\/","title":{"rendered":"Prazo de inscri\u00e7\u00f5es para o Fies \u00e9 prorrogado at\u00e9 sexta"},"content":{"rendered":"<p>O Minist\u00e9rio da Educa\u00e7\u00e3o (MEC) decidiu prorrogar o per\u00edodo de inscri\u00e7\u00f5es para o Fundo de Financiamento Estudantil (Fies) referente ao primeiro semestre de 2018. Agora, o prazo termina na pr\u00f3xima sexta-feira (2).<\/p>\n<p>Segundo o MEC, a decis\u00e3o foi tomada para n\u00e3o prejudicar os candidatos e institui\u00e7\u00f5es, j\u00e1 que cerca de 400 mil inscri\u00e7\u00f5es ainda se encontram em fase de preenchimento no Sistema de Sele\u00e7\u00e3o do Fies. At\u00e9 as 17h de hoje (28), o\u00a0sistema\u00a0havia registrado 387.488 inscri\u00e7\u00f5es conclu\u00eddas e 427.431 inscri\u00e7\u00f5es em andamento. O prazo para as inscri\u00e7\u00f5es terminaria hoje (28).<\/p>\n<p>Pode se inscrever no Fies o estudante que tiver m\u00e9dia de pelo menos 450 pontos no Exame Nacional do Ensino M\u00e9dio (Enem) e que n\u00e3o tenha tirado nota zero na reda\u00e7\u00e3o. Outra exig\u00eancia \u00e9 se encaixar dentro dos limites de faixa de renda estabelecidos para o programa.<\/p>\n<p>Para esta edi\u00e7\u00e3o, ser\u00e3o ofertadas 155 mil vagas. No total, em 2018, o n\u00famero chegar\u00e1 a 310 mil vagas. Dessas, 100 mil ter\u00e3o juro zero para os estudantes que comprovarem renda per capita mensal familiar de at\u00e9 tr\u00eas sal\u00e1rios m\u00ednimos.<\/p>\n<p><strong>CARIRI EM A\u00c7\u00c3O<\/strong><\/p>\n<p><em>Com\u00a0EBC \/Foto: Reprodu\u00e7\u00e3o Internet<\/em><\/p>\n<p><strong>Leia mais not\u00edcias em\u00a0<\/strong><a href=\"http:\/\/www.caririemacao.com\/\"><strong>caririemacao.com<\/strong><\/a><strong>, siga nossa p\u00e1gina no\u00a0<\/strong><a href=\"https:\/\/www.facebook.com\/CaririEmAcao\/?ref=aymt_homepage_panel\"><strong>Facebook<\/strong><\/a>,<strong>\u00a0<\/strong><a href=\"https:\/\/www.instagram.com\/cariri_em_acao\/?hl=pt-br\"><strong>Instagram<\/strong><\/a><strong>\u00a0e\u00a0<\/strong><a href=\"https:\/\/www.youtube.com\/channel\/UCAptA0jQuYQy8vMhLt2m4qg\"><strong>Youtube<\/strong><\/a><strong>\u00a0e veja nossas mat\u00e9rias, v\u00eddeos e fotos. Voc\u00ea tamb\u00e9m pode enviar informa\u00e7\u00f5es \u00e0 Reda\u00e7\u00e3o do Portal Cariri em A\u00e7\u00e3o pelo WhatsApp (83) 9 9634.5791, (83) 9 9601-1162.<\/strong><\/p>\n","protected":false},"excerpt":{"rendered":"<p>O Minist\u00e9rio da Educa\u00e7\u00e3o (MEC) decidiu prorrogar o per\u00edodo de inscri\u00e7\u00f5es para o Fundo de Financiamento Estudantil (Fies) referente ao primeiro semestre de 2018. Agora,&hellip; <\/p>\n","protected":false},"author":2,"featured_media":9115,"comment_status":"closed","ping_status":"closed","sticky":false,"template":"","format":"standard","meta":{"sfsi_plus_gutenberg_text_before_share":"","sfsi_plus_gutenberg_show_text_before_share":"","sfsi_plus_gutenberg_icon_type":"","sfsi_plus_gutenberg_icon_alignemt":"","sfsi_plus_gutenburg_max_per_row":"","footnotes":""},"categories":[2],"tags":[],"class_list":["post-42671","post","type-post","status-publish","format-standard","has-post-thumbnail","hentry","category-geral"],"_links":{"self":[{"href":"https:\/\/www.caririemacao.com\/1\/wp-json\/wp\/v2\/posts\/42671","targetHints":{"allow":["GET"]}}],"collection":[{"href":"https:\/\/www.caririemacao.com\/1\/wp-json\/wp\/v2\/posts"}],"about":[{"href":"https:\/\/www.caririemacao.com\/1\/wp-json\/wp\/v2\/types\/post"}],"author":[{"embeddable":true,"href":"https:\/\/www.caririemacao.com\/1\/wp-json\/wp\/v2\/users\/2"}],"replies":[{"embeddable":true,"href":"https:\/\/www.caririemacao.com\/1\/wp-json\/wp\/v2\/comments?post=42671"}],"version-history":[{"count":0,"href":"https:\/\/www.caririemacao.com\/1\/wp-json\/wp\/v2\/posts\/42671\/revisions"}],"wp:featuredmedia":[{"embeddable":true,"href":"https:\/\/www.caririemacao.com\/1\/wp-json\/wp\/v2\/media\/9115"}],"wp:attachment":[{"href":"https:\/\/www.caririemacao.com\/1\/wp-json\/wp\/v2\/media?parent=42671"}],"wp:term":[{"taxonomy":"category","embeddable":true,"href":"https:\/\/www.caririemacao.com\/1\/wp-json\/wp\/v2\/categories?post=42671"},{"taxonomy":"post_tag","embeddable":true,"href":"https:\/\/www.caririemacao.com\/1\/wp-json\/wp\/v2\/tags?post=42671"}],"curies":[{"name":"wp","href":"https:\/\/api.w.org\/{rel}","templated":true}]}}