{"id":42673,"date":"2018-03-01T21:25:04","date_gmt":"2018-03-02T00:25:04","guid":{"rendered":"http:\/\/caririemacao.com\/1\/?p=42673"},"modified":"2018-03-01T21:25:04","modified_gmt":"2018-03-02T00:25:04","slug":"venda-de-veiculos-novos-registra-alta-em-fevereiro","status":"publish","type":"post","link":"https:\/\/www.caririemacao.com\/1\/2018\/03\/01\/venda-de-veiculos-novos-registra-alta-em-fevereiro\/","title":{"rendered":"Venda de ve\u00edculos novos registra alta em fevereiro"},"content":{"rendered":"<p>A venda de ve\u00edculos novos cresceu 15,67% em fevereiro desse ano, na compara\u00e7\u00e3o com o mesmo m\u00eas do ano passado. Segundo levantamento realizado pela Federa\u00e7\u00e3o Nacional da Distribui\u00e7\u00e3o de Ve\u00edculos Automotores (Fenabrave), foram vendidos 156,9 mil unidades no m\u00eas passado, somando autom\u00f3veis, comerciais leves, \u00f4nibus e caminh\u00f5es.<\/p>\n<p>No entanto, as vendas em fevereiro apresentaram queda de 13,43% em rela\u00e7\u00e3o a janeiro, quando foram vendidos 181.254 ve\u00edculos. No acumulado do ano, as vendas somam 338,1 mil unidades, o que representa um aumento de 19,55% em rela\u00e7\u00e3o ao primeiro bimestre do ano passado.<\/p>\n<p>Segmentos<\/p>\n<p>Conforme os dados apresentados pela entidade, os segmentos de autom\u00f3veis e comerciais leves (como picapes e furg\u00f5es) apresentaram no primeiro bimestre alta de 18,59% sobre iguais meses do ano passado, totalizando 327.237 unidades.<\/p>\n<p>Em fevereiro, o segmento ficou 14,58% acima de fevereiro de 2016, mas 13,59% abaixo de janeiro, por conta dos dias a menos de emplacamentos.<\/p>\n<p>No segmento de caminh\u00f5es, foram licenciadas em fevereiro 4.106 unidades, 57,26% acima do de fevereiro do ano passado, mas 10,6% abaixo do volume de janeiro. As vendas de \u00f4nibus cresceram 71,41% na compara\u00e7\u00e3o com um ano atr\u00e1s, totalizando 1.109 unidades.<\/p>\n<p>No mercado de motocicletas foram comercializadas 63.013 unidades em fevereiro, uma alta de 4,15% ante fevereiro de 2016, mas retra\u00e7\u00e3o de 18,19% ante janeiro.<\/p>\n<p><strong>CARIRI EM A\u00c7\u00c3O<\/strong><\/p>\n<p><em>Com Ag\u00eancia Brasil\/Foto: Reprodu\u00e7\u00e3o Internet<\/em><\/p>\n<p><strong>Leia mais not\u00edcias em\u00a0<\/strong><a href=\"http:\/\/www.caririemacao.com\/\"><strong>caririemacao.com<\/strong><\/a><strong>, siga nossa p\u00e1gina no\u00a0<\/strong><a href=\"https:\/\/www.facebook.com\/CaririEmAcao\/?ref=aymt_homepage_panel\"><strong>Facebook<\/strong><\/a>,<strong>\u00a0<\/strong><a href=\"https:\/\/www.instagram.com\/cariri_em_acao\/?hl=pt-br\"><strong>Instagram<\/strong><\/a><strong>\u00a0e\u00a0<\/strong><a href=\"https:\/\/www.youtube.com\/channel\/UCAptA0jQuYQy8vMhLt2m4qg\"><strong>Youtube<\/strong><\/a><strong>\u00a0e veja nossas mat\u00e9rias, v\u00eddeos e fotos. Voc\u00ea tamb\u00e9m pode enviar informa\u00e7\u00f5es \u00e0 Reda\u00e7\u00e3o do Portal Cariri em A\u00e7\u00e3o pelo WhatsApp (83) 9 9634.5791, (83) 9 9601-1162.<\/strong><\/p>\n","protected":false},"excerpt":{"rendered":"<p>A venda de ve\u00edculos novos cresceu 15,67% em fevereiro desse ano, na compara\u00e7\u00e3o com o mesmo m\u00eas do ano passado. Segundo levantamento realizado pela Federa\u00e7\u00e3o&hellip; <\/p>\n","protected":false},"author":2,"featured_media":42674,"comment_status":"closed","ping_status":"closed","sticky":false,"template":"","format":"standard","meta":{"sfsi_plus_gutenberg_text_before_share":"","sfsi_plus_gutenberg_show_text_before_share":"","sfsi_plus_gutenberg_icon_type":"","sfsi_plus_gutenberg_icon_alignemt":"","sfsi_plus_gutenburg_max_per_row":"","footnotes":""},"categories":[2],"tags":[],"class_list":["post-42673","post","type-post","status-publish","format-standard","has-post-thumbnail","hentry","category-geral"],"_links":{"self":[{"href":"https:\/\/www.caririemacao.com\/1\/wp-json\/wp\/v2\/posts\/42673","targetHints":{"allow":["GET"]}}],"collection":[{"href":"https:\/\/www.caririemacao.com\/1\/wp-json\/wp\/v2\/posts"}],"about":[{"href":"https:\/\/www.caririemacao.com\/1\/wp-json\/wp\/v2\/types\/post"}],"author":[{"embeddable":true,"href":"https:\/\/www.caririemacao.com\/1\/wp-json\/wp\/v2\/users\/2"}],"replies":[{"embeddable":true,"href":"https:\/\/www.caririemacao.com\/1\/wp-json\/wp\/v2\/comments?post=42673"}],"version-history":[{"count":0,"href":"https:\/\/www.caririemacao.com\/1\/wp-json\/wp\/v2\/posts\/42673\/revisions"}],"wp:featuredmedia":[{"embeddable":true,"href":"https:\/\/www.caririemacao.com\/1\/wp-json\/wp\/v2\/media\/42674"}],"wp:attachment":[{"href":"https:\/\/www.caririemacao.com\/1\/wp-json\/wp\/v2\/media?parent=42673"}],"wp:term":[{"taxonomy":"category","embeddable":true,"href":"https:\/\/www.caririemacao.com\/1\/wp-json\/wp\/v2\/categories?post=42673"},{"taxonomy":"post_tag","embeddable":true,"href":"https:\/\/www.caririemacao.com\/1\/wp-json\/wp\/v2\/tags?post=42673"}],"curies":[{"name":"wp","href":"https:\/\/api.w.org\/{rel}","templated":true}]}}