{"id":42676,"date":"2018-03-02T14:05:06","date_gmt":"2018-03-02T17:05:06","guid":{"rendered":"http:\/\/caririemacao.com\/1\/?p=42676"},"modified":"2018-03-02T14:05:06","modified_gmt":"2018-03-02T17:05:06","slug":"prefeitura-de-sume-divulga-resultado-final-de-pss-para-professor-do-eja","status":"publish","type":"post","link":"https:\/\/www.caririemacao.com\/1\/2018\/03\/02\/prefeitura-de-sume-divulga-resultado-final-de-pss-para-professor-do-eja\/","title":{"rendered":"Prefeitura de Sum\u00e9 divulga resultado final de PSS para professor do EJA"},"content":{"rendered":"<p>A Prefeitura de Sum\u00e9, atrav\u00e9s da Secretaria de Educa\u00e7\u00e3o, divulgou o resultado final do Processo Seletivo para contrata\u00e7\u00e3o de Professor do Programa de alfabetiza\u00e7\u00e3o de Jovens e Adultos (PROEJA).<\/p>\n<p>Foram ofertadas 10 vagas, sendo cinco para atuar na zona urbana e cinco para a zona rural, conforme ordem de classifica\u00e7\u00e3o para as duas \u00e1reas.<\/p>\n<p>Os candidatos aprovados dentro das vagas ofertadas devem comparecer na Secretaria de Educa\u00e7\u00e3o do Munic\u00edpio de Sum\u00e9, de 08h \u00e0s 14h, no prazo de 48 horas, a contar da pr\u00f3xima segunda-feira (05\/03).<\/p>\n<p>O n\u00e3o comparecimento no prazo previsto implicar\u00e1 na ren\u00fancia do candidato, que ser\u00e1 substitu\u00eddo pelo seu sucessor na lista classificat\u00f3ria, publicada no boletim oficial do munic\u00edpio do dia 02 de mar\u00e7o de 2018.<\/p>\n<p>Confira a rela\u00e7\u00e3o dos candidatos aprovados e classificados para as zonas urbana e rural:<\/p>\n<p><strong>Para atuar na Zona Urbana<\/strong><\/p>\n<table width=\"0\">\n<tbody>\n<tr>\n<td width=\"51\"><strong>ORDEM<\/strong><\/td>\n<td width=\"264\"><strong>NOME DO CANDIDATO<\/strong><\/td>\n<td width=\"111\"><strong>N\u00ba FICHA DE INSCRI\u00c7\u00c3O <\/strong><\/td>\n<td width=\"81\"><strong>PONTUA\u00c7\u00c3O<\/strong><\/td>\n<td width=\"98\"><strong>SITUA\u00c7\u00c3O<\/strong><\/td>\n<\/tr>\n<tr>\n<td width=\"51\">\u00a01<\/td>\n<td width=\"264\">LUMA RAISSA DA SILVA<\/td>\n<td width=\"111\">050\/2018<\/td>\n<td width=\"81\">9,2<\/td>\n<td width=\"98\">APROVADO<\/td>\n<\/tr>\n<tr>\n<td width=\"51\">2<\/td>\n<td width=\"264\">GILCILENE CAMPOS DA SILVA<\/td>\n<td width=\"111\">027\/2018<\/td>\n<td width=\"81\">8,4<\/td>\n<td width=\"98\">APROVADO<\/td>\n<\/tr>\n<tr>\n<td width=\"51\">3<\/td>\n<td width=\"264\">IARA SOARES DO NASCIMENTO<\/td>\n<td width=\"111\">059\/2018<\/td>\n<td width=\"81\">8,2<\/td>\n<td width=\"98\">APROVADO<\/td>\n<\/tr>\n<tr>\n<td width=\"51\">4<\/td>\n<td width=\"264\">FRANCIELY RENALLY MACIEL<\/td>\n<td width=\"111\">060\/2018<\/td>\n<td width=\"81\">8,2<\/td>\n<td width=\"98\">APROVADO<\/td>\n<\/tr>\n<tr>\n<td width=\"51\">5<\/td>\n<td width=\"264\">CRISTINA DE SOUSA BATISTA<\/td>\n<td width=\"111\">028\/2018<\/td>\n<td width=\"81\">8,0<\/td>\n<td width=\"98\">APROVADO<\/td>\n<\/tr>\n<tr>\n<td width=\"51\">6<\/td>\n<td width=\"264\">THAIS DEODATO DA SILVA<\/td>\n<td width=\"111\">005\/2018<\/td>\n<td width=\"81\">7,8<\/td>\n<td width=\"98\">CADASTRO DE RESERVA<\/td>\n<\/tr>\n<tr>\n<td width=\"51\">7<\/td>\n<td width=\"264\">ROM\u00caNIA CARMEM MELO QUEIROZ<\/td>\n<td width=\"111\">009\/2018<\/td>\n<td width=\"81\">7,8<\/td>\n<td width=\"98\">CADASTRO DE RESERVA<\/td>\n<\/tr>\n<tr>\n<td width=\"51\">8<\/td>\n<td width=\"264\">ALINE DANIELLE BARBOSA DA SILVA<\/td>\n<td width=\"111\">042\/2018<\/td>\n<td width=\"81\">7,8<\/td>\n<td width=\"98\">CADASTRO DE RESERVA<\/td>\n<\/tr>\n<tr>\n<td width=\"51\">9<\/td>\n<td width=\"264\">ELI\u00caNE FERNANDES DE SALES<\/td>\n<td width=\"111\">046\/2018<\/td>\n<td width=\"81\">7,8<\/td>\n<td width=\"98\">CADASTRO DE RESERVA<\/td>\n<\/tr>\n<tr>\n<td width=\"51\">10<\/td>\n<td width=\"264\">LINDIANE BALBINO DE SOUZA<\/td>\n<td width=\"111\">004\/2018<\/td>\n<td width=\"81\">7,7<\/td>\n<td width=\"98\">CADASTRO DE RESERVA<\/td>\n<\/tr>\n<tr>\n<td width=\"51\">11<\/td>\n<td width=\"264\">ANDREIA CRISTINA DA SILVA GABRIEL<\/td>\n<td width=\"111\">035\/2018<\/td>\n<td width=\"81\">7,7<\/td>\n<td width=\"98\">CADASTRO DE RESERVA<\/td>\n<\/tr>\n<tr>\n<td width=\"51\">12<\/td>\n<td width=\"264\">DANIELA BRITO RAMOS<\/td>\n<td width=\"111\">010\/2018<\/td>\n<td width=\"81\">7,5<\/td>\n<td width=\"98\">CADASTRO DE RESERVA<\/td>\n<\/tr>\n<tr>\n<td width=\"51\">13<\/td>\n<td width=\"264\">LUCIVANIA DEODATO DA SILVA<\/td>\n<td width=\"111\">021\/2018<\/td>\n<td width=\"81\">7,5<\/td>\n<td width=\"98\">CADASTRO DE RESERVA<\/td>\n<\/tr>\n<tr>\n<td width=\"51\">14<\/td>\n<td width=\"264\">MARIA DA CONCEI\u00c7\u00c3O JORGE ARA\u00daJO<\/td>\n<td width=\"111\">037\/2018<\/td>\n<td width=\"81\">7,4<\/td>\n<td width=\"98\">CADASTRO DE RESERVA<\/td>\n<\/tr>\n<tr>\n<td width=\"51\">15<\/td>\n<td width=\"264\">ERIKA MARIA DE ABREU BATISTA<\/td>\n<td width=\"111\">007\/2018<\/td>\n<td width=\"81\">7,2<\/td>\n<td width=\"98\">CADASTRO DE RESERVA<\/td>\n<\/tr>\n<tr>\n<td width=\"51\">16<\/td>\n<td width=\"264\">NALLYGIA MARTINS SANTOS<\/td>\n<td width=\"111\">041\/2018<\/td>\n<td width=\"81\">7,2<\/td>\n<td width=\"98\">CADASTRO DE RESERVA<\/td>\n<\/tr>\n<tr>\n<td width=\"51\">17<\/td>\n<td width=\"264\">MARIA TERESA CRISTINA C. DO NASCIMENTO<\/td>\n<td width=\"111\">063\/2018<\/td>\n<td width=\"81\">6,9<\/td>\n<td width=\"98\">CADASTRO DE RESERVA<\/td>\n<\/tr>\n<tr>\n<td width=\"51\">18<\/td>\n<td width=\"264\">IRIS BARBOSA CARNEIRO<\/td>\n<td width=\"111\">030\/2018<\/td>\n<td width=\"81\">6,8<\/td>\n<td width=\"98\">CADASTRO DE RESERVA<\/td>\n<\/tr>\n<tr>\n<td width=\"51\">19<\/td>\n<td width=\"264\">ANA INGRID DA S.LIMA<\/td>\n<td width=\"111\">052\/2018<\/td>\n<td width=\"81\">6,8<\/td>\n<td width=\"98\">CADASTRO DE RESERVA<\/td>\n<\/tr>\n<tr>\n<td width=\"51\">20<\/td>\n<td width=\"264\">PATRICIA N\u00daBIA FERNANDES ROM\u00c3O<\/td>\n<td width=\"111\">061\/2018<\/td>\n<td width=\"81\">6,8<\/td>\n<td width=\"98\">CADASTRO DE RESERVA<\/td>\n<\/tr>\n<tr>\n<td width=\"51\">21<\/td>\n<td width=\"264\">TATIANNE MEKAELLY FARIAS SANTOS<\/td>\n<td width=\"111\">067\/2018<\/td>\n<td width=\"81\">6,8<\/td>\n<td width=\"98\">CADASTRO DE RESERVA<\/td>\n<\/tr>\n<tr>\n<td width=\"51\">22<\/td>\n<td width=\"264\">JULIANA CRISTINA ALVES SILVA<\/td>\n<td width=\"111\">008\/2018<\/td>\n<td width=\"81\">6,7<\/td>\n<td width=\"98\">CADASTRO DE RESERVA<\/td>\n<\/tr>\n<tr>\n<td width=\"51\">23<\/td>\n<td width=\"264\">FERNANDA DE LIMA ARA\u00daJO<\/td>\n<td width=\"111\">015\/2018<\/td>\n<td width=\"81\">6,3<\/td>\n<td width=\"98\">CADASTRO DE RESERVA<\/td>\n<\/tr>\n<tr>\n<td width=\"51\">24<\/td>\n<td width=\"264\">ATAM\u00c1RIA BEZERRA D\u00c1RIO<\/td>\n<td width=\"111\">039\/2018<\/td>\n<td width=\"81\">6,3<\/td>\n<td width=\"98\">CADASTRO DE RESERVA<\/td>\n<\/tr>\n<tr>\n<td width=\"51\">25<\/td>\n<td width=\"264\">BRUNA MIKAELE BRAZ DE SIQUEIRA<\/td>\n<td width=\"111\">065\/2018<\/td>\n<td width=\"81\">6,3<\/td>\n<td width=\"98\">CADASTRO DE RESERVA<\/td>\n<\/tr>\n<tr>\n<td width=\"51\">26<\/td>\n<td width=\"264\">ARTUR ALAN MELO CARNEIRO DE OLIVEIRA<\/td>\n<td width=\"111\">014\/2018<\/td>\n<td width=\"81\">6,1<\/td>\n<td width=\"98\">CADASTRO DE RESERVA<\/td>\n<\/tr>\n<tr>\n<td width=\"51\">27<\/td>\n<td width=\"264\">GRACE KELLY DE ASSIS SILVA<\/td>\n<td width=\"111\">016\/2018<\/td>\n<td width=\"81\">6,1<\/td>\n<td width=\"98\">CADASTRO DE RESERVA<\/td>\n<\/tr>\n<tr>\n<td width=\"51\">28<\/td>\n<td width=\"264\">IRMA LA DULCE ANGELINA BEZERRA<\/td>\n<td width=\"111\">032\/2018<\/td>\n<td width=\"81\">6,1<\/td>\n<td width=\"98\">CADASTRO DE RESERVA<\/td>\n<\/tr>\n<tr>\n<td width=\"51\">29<\/td>\n<td width=\"264\">DAIANE DE FRAN\u00c7A FEITOSA<\/td>\n<td width=\"111\">034\/2018<\/td>\n<td width=\"81\">6,1<\/td>\n<td width=\"98\">CADASTRO DE RESERVA<\/td>\n<\/tr>\n<tr>\n<td width=\"51\">30<\/td>\n<td width=\"264\">JOS\u00c9 MANOEL DA SILVA JUNIOR<\/td>\n<td width=\"111\">043\/2018<\/td>\n<td width=\"81\">6,1<\/td>\n<td width=\"98\">CADASTRO DE RESERVA<\/td>\n<\/tr>\n<tr>\n<td width=\"51\">31<\/td>\n<td width=\"264\">EDJANE CRISTINA DE O.FREITAS<\/td>\n<td width=\"111\">045\/2018<\/td>\n<td width=\"81\">6,1<\/td>\n<td width=\"98\">CADASTRO DE RESERVA<\/td>\n<\/tr>\n<tr>\n<td width=\"51\">32<\/td>\n<td width=\"264\">ALANNY ARA\u00daJO DE SOUZA<\/td>\n<td width=\"111\">047\/2018<\/td>\n<td width=\"81\">6,1<\/td>\n<td width=\"98\">CADASTRO DE RESERVA<\/td>\n<\/tr>\n<tr>\n<td width=\"51\">33<\/td>\n<td width=\"264\">YGO MAGALH\u00c3ES ALMEIDA<\/td>\n<td width=\"111\">048\/2018<\/td>\n<td width=\"81\">6,1<\/td>\n<td width=\"98\">CADASTRO DE RESERVA<\/td>\n<\/tr>\n<tr>\n<td width=\"51\">34<\/td>\n<td width=\"264\">LORENA RODRIGUES<\/td>\n<td width=\"111\">049\/2018<\/td>\n<td width=\"81\">6,1<\/td>\n<td width=\"98\">CADASTRO DE RESERVA<\/td>\n<\/tr>\n<tr>\n<td width=\"51\">35<\/td>\n<td width=\"264\">PATR\u00cdCIA DA SILVA EVANGELISTA<\/td>\n<td width=\"111\">053\/2018<\/td>\n<td width=\"81\">6,1<\/td>\n<td width=\"98\">CADASTRO DE RESERVA<\/td>\n<\/tr>\n<tr>\n<td width=\"51\">36<\/td>\n<td width=\"264\">MARIA JANOELMA FRAN\u00c7A SILVA<\/td>\n<td width=\"111\">057\/2018<\/td>\n<td width=\"81\">6,1<\/td>\n<td width=\"98\">CADASTRO DE RESERVA<\/td>\n<\/tr>\n<tr>\n<td width=\"51\">37<\/td>\n<td width=\"264\">ALBA JOSEFINA ARA\u00daJO PAIVA<\/td>\n<td width=\"111\">071\/2018<\/td>\n<td width=\"81\">6,1<\/td>\n<td width=\"98\">CADASTRO DE RESERVA<\/td>\n<\/tr>\n<tr>\n<td width=\"51\">38<\/td>\n<td width=\"264\">JOICE DANTAS DE OLIVEIRA<\/td>\n<td width=\"111\">012\/2018<\/td>\n<td width=\"81\">6,0<\/td>\n<td width=\"98\">CADASTRO DE RESERVA<\/td>\n<\/tr>\n<tr>\n<td width=\"51\">39<\/td>\n<td width=\"264\">CLEDENILDA FERREIRA RODRIGUES<\/td>\n<td width=\"111\">069\/2018<\/td>\n<td width=\"81\">5,5<\/td>\n<td width=\"98\">CADASTRO DE RESERVA<\/td>\n<\/tr>\n<tr>\n<td width=\"51\">40<\/td>\n<td width=\"264\">W\u00caLLYDA PAULA BARBOSA DA COSTA<\/td>\n<td width=\"111\">044\/2018<\/td>\n<td width=\"81\">5,3<\/td>\n<td width=\"98\">CADASTRO DE RESERVA<\/td>\n<\/tr>\n<tr>\n<td width=\"51\">41<\/td>\n<td width=\"264\">FILIPE JUNIOR SILVA DOS SANTOS<\/td>\n<td width=\"111\">026\/2018<\/td>\n<td width=\"81\">5,1<\/td>\n<td width=\"98\">CADASTRO DE RESERVA<\/td>\n<\/tr>\n<tr>\n<td width=\"51\">42<\/td>\n<td width=\"264\">LESLY CARLA LEITA DEFREITAS<\/td>\n<td width=\"111\">040\/2018<\/td>\n<td width=\"81\">5,1<\/td>\n<td width=\"98\">CADASTRO DE RESERVA<\/td>\n<\/tr>\n<tr>\n<td width=\"51\">43<\/td>\n<td width=\"264\">VANDECLEIDE BRAZ TAVARES<\/td>\n<td width=\"111\">070\/2018<\/td>\n<td width=\"81\">5,1<\/td>\n<td width=\"98\">CADASTRO DE RESERVA<\/td>\n<\/tr>\n<tr>\n<td width=\"51\">44<\/td>\n<td width=\"264\">MARIA DA PAZ S. ALMEIDA<\/td>\n<td width=\"111\">023\/2018<\/td>\n<td width=\"81\">4,6<\/td>\n<td width=\"98\">CADASTRO DE RESERVA<\/td>\n<\/tr>\n<tr>\n<td width=\"51\">45<\/td>\n<td width=\"264\">JOS\u00c9 JONNAT BARBOZA GUIMAR\u00c3ES<\/td>\n<td width=\"111\">054\/2018<\/td>\n<td width=\"81\">4,6<\/td>\n<td width=\"98\">CADASTRO DE RESERVA<\/td>\n<\/tr>\n<tr>\n<td width=\"51\">46<\/td>\n<td width=\"264\">GILDA POLES DE SOUSA LIMA<\/td>\n<td width=\"111\">056\/2018<\/td>\n<td width=\"81\">4,6<\/td>\n<td width=\"98\">CADASTRO DE RESERVA<\/td>\n<\/tr>\n<tr>\n<td width=\"51\">47<\/td>\n<td width=\"264\">MARIA APARECIDA BARBOZA DE SOUZA<\/td>\n<td width=\"111\">058\/2018<\/td>\n<td width=\"81\">4,6<\/td>\n<td width=\"98\">CADASTRO DE RESERVA<\/td>\n<\/tr>\n<tr>\n<td width=\"51\">48<\/td>\n<td width=\"264\">CAROLINE DE SOUSA SOARES<\/td>\n<td width=\"111\">068\/2018<\/td>\n<td width=\"81\">4,5<\/td>\n<td width=\"98\">CADASTRO DE RESERVA<\/td>\n<\/tr>\n<tr>\n<td width=\"51\">49<\/td>\n<td width=\"264\">RAQUEL GON\u00c7ALVES MACIEL<\/td>\n<td width=\"111\">001\/2018<\/td>\n<td width=\"81\">4,1<\/td>\n<td width=\"98\">CADASTRO DE RESERVA<\/td>\n<\/tr>\n<tr>\n<td width=\"51\">50<\/td>\n<td width=\"264\">JOAN RODRIGO LUCENA VILAR<\/td>\n<td width=\"111\">002\/2018<\/td>\n<td width=\"81\">4,1<\/td>\n<td width=\"98\">CADASTRO DE RESERVA<\/td>\n<\/tr>\n<tr>\n<td width=\"51\">51<\/td>\n<td width=\"264\">TAYN\u00c1 CHARLEY CARVALHO DOS SANTOS<\/td>\n<td width=\"111\">025\/2018<\/td>\n<td width=\"81\">4,0<\/td>\n<td width=\"98\">CADASTRO DE RESERVA<\/td>\n<\/tr>\n<tr>\n<td width=\"51\">52<\/td>\n<td width=\"264\">ELIS\u00c2NGELA PIRES DE OLIVEIRA<\/td>\n<td width=\"111\">063\/2018<\/td>\n<td width=\"81\">3,5<\/td>\n<td width=\"98\">CADASTRO DE RESERVA<\/td>\n<\/tr>\n<tr>\n<td width=\"51\">53<\/td>\n<td width=\"264\">MARIA DA CONCEI\u00c7\u00c3O DE ARA\u00daJO CRUZ<\/td>\n<td width=\"111\">013\/2018<\/td>\n<td width=\"81\">3,1<\/td>\n<td width=\"98\">CADASTRO DE RESERVA<\/td>\n<\/tr>\n<tr>\n<td width=\"51\">54<\/td>\n<td width=\"264\">JULIANA GOMES CORREIA<\/td>\n<td width=\"111\">011\/2018<\/td>\n<td width=\"81\">2,6<\/td>\n<td width=\"98\">CADASTRO DE RESERVA<\/td>\n<\/tr>\n<\/tbody>\n<\/table>\n<p><strong>Para atuar na Zona Rural<\/strong><\/p>\n<table width=\"0\">\n<tbody>\n<tr>\n<td width=\"61\"><strong>ORDEM<\/strong><\/td>\n<td width=\"262\"><strong>NOME DO CANDIDATO<\/strong><\/td>\n<td width=\"116\"><strong>N\u00ba FICHA DE INSCRI\u00c7\u00c3O <\/strong><\/td>\n<td width=\"85\"><strong>PONTUA\u00c7\u00c3O<\/strong><\/td>\n<td width=\"104\"><strong>\u00a0<\/strong><\/p>\n<p><strong>SITUA\u00c7\u00c3O<\/strong><\/td>\n<\/tr>\n<tr>\n<td width=\"61\">01<\/td>\n<td width=\"262\">MARIA ALDENISE FARIAS DA SILVA<\/td>\n<td width=\"116\">033\/2018<\/td>\n<td width=\"85\">8,0<\/td>\n<td width=\"104\">&nbsp;<\/p>\n<p>APROVADO<\/td>\n<\/tr>\n<tr>\n<td width=\"61\">02<\/td>\n<td width=\"262\">MARIA DO SOCORRO DEODATO DA SILVA<\/td>\n<td width=\"116\">006\/2018<\/td>\n<td width=\"85\">7,8<\/td>\n<td width=\"104\">APROVADO<\/td>\n<\/tr>\n<tr>\n<td width=\"61\">03<\/td>\n<td width=\"262\">JANAINA BEZERRA DE FARIAS<\/td>\n<td width=\"116\">029\/2018<\/td>\n<td width=\"85\">7,8<\/td>\n<td width=\"104\">APROVADO<\/td>\n<\/tr>\n<tr>\n<td width=\"61\">04<\/td>\n<td width=\"262\">N\u00daBIA JOCIELMA DA SILVA SOUZA<\/td>\n<td width=\"116\">031\/2018<\/td>\n<td width=\"85\">7,8<\/td>\n<td width=\"104\">APROVADO<\/td>\n<\/tr>\n<tr>\n<td width=\"61\">05<\/td>\n<td width=\"262\">ALDISLEI NUNES MACIEL<\/td>\n<td width=\"116\">003\/2018<\/td>\n<td width=\"85\">7,2<\/td>\n<td width=\"104\">APROVADO<\/td>\n<\/tr>\n<tr>\n<td width=\"61\">06<\/td>\n<td width=\"262\">MARIA DAS DORES PEREIRA PEQUENO<\/td>\n<td width=\"116\">020\/2018<\/td>\n<td width=\"85\">7,0<\/td>\n<td width=\"104\">CADASTRO DE RESERVA<\/td>\n<\/tr>\n<tr>\n<td width=\"61\">07<\/td>\n<td width=\"262\">EMANOEL DA SILVA CARVALHO<\/td>\n<td width=\"116\">024\/2018<\/td>\n<td width=\"85\">6,9<\/td>\n<td width=\"104\">CADASTRO DE RESERVA<\/td>\n<\/tr>\n<tr>\n<td width=\"61\">08<\/td>\n<td width=\"262\">CHARLENE SOUSA SILVA<\/td>\n<td width=\"116\">017\/2018<\/td>\n<td width=\"85\">6,1<\/td>\n<td width=\"104\">CADASTRO DE RESERVA<\/td>\n<\/tr>\n<tr>\n<td width=\"61\">09<\/td>\n<td width=\"262\">JULIO HENRIQUE RODRIGUES DE QUEIROZ<\/td>\n<td width=\"116\">018\/2018<\/td>\n<td width=\"85\">6,1<\/td>\n<td width=\"104\">CADASTRO DE RESERVA<\/td>\n<\/tr>\n<tr>\n<td width=\"61\">10<\/td>\n<td width=\"262\">JAQUELINE SU\u00caRDA DA SILVA IZIDORIO<\/td>\n<td width=\"116\">019\/2018<\/td>\n<td width=\"85\">6,1<\/td>\n<td width=\"104\">CADASTRO DE RESERVA<\/td>\n<\/tr>\n<tr>\n<td width=\"61\">11<\/td>\n<td width=\"262\">VANESSA DO NASCIMENTO BRAGA<\/td>\n<td width=\"116\">036\/2018<\/td>\n<td width=\"85\">6,1<\/td>\n<td width=\"104\">CADASTRO DE RESERVA<\/td>\n<\/tr>\n<tr>\n<td width=\"61\">12<\/td>\n<td width=\"262\">SAMYRYS SOUZA DE OLIVEIRA<\/td>\n<td width=\"116\">022\/2018<\/td>\n<td width=\"85\">5,5<\/td>\n<td width=\"104\">CADASTRO DE RESERVA<\/td>\n<\/tr>\n<tr>\n<td width=\"61\">13<\/td>\n<td width=\"262\">FL\u00c1VIA MARIA ALVES DE ARA\u00daJO<\/td>\n<td width=\"116\">066\/2018<\/td>\n<td width=\"85\">5,1<\/td>\n<td width=\"104\">CADASTRO DE RESERVA<\/td>\n<\/tr>\n<tr>\n<td width=\"61\">14<\/td>\n<td width=\"262\">JEFFERSON FERREIRA DE. F. FEITOSA<\/td>\n<td width=\"116\">038\/2018<\/td>\n<td width=\"85\">4,5<\/td>\n<td width=\"104\">CADASTRO DE RESERVA<\/td>\n<\/tr>\n<tr>\n<td width=\"61\">15<\/td>\n<td width=\"262\">MARIA RAQUEL DO NASCIMENTO ARA\u00daJO<\/td>\n<td width=\"116\">051\/2018<\/td>\n<td width=\"85\">4,5<\/td>\n<td width=\"104\">CADASTRO DE RESERVA<\/td>\n<\/tr>\n<tr>\n<td width=\"61\">16<\/td>\n<td width=\"262\">MARIA SAIONARA RODRIGUESDA SILVA<\/td>\n<td width=\"116\">062\/2018<\/td>\n<td width=\"85\">4,5<\/td>\n<td width=\"104\">CADASTRO DE RESERVA<\/td>\n<\/tr>\n<tr>\n<td width=\"61\">17<\/td>\n<td width=\"262\">JOS\u00c9ILDO LIBERATO DE AMORIM<\/td>\n<td width=\"116\">055\/2018<\/td>\n<td width=\"85\">3,5<\/td>\n<td width=\"104\">CADASTRO DE RESERVA<\/td>\n<\/tr>\n<\/tbody>\n<\/table>\n<p><strong>CARIRI EM A\u00c7\u00c3O<\/strong><\/p>\n<p>Ascom PMS<\/p>\n<p><strong>Leia mais not\u00edcias em\u00a0<\/strong><a style=\"font-style: inherit; font-weight: inherit;\" href=\"http:\/\/www.caririemacao.com\/\"><strong style=\"font-style: inherit;\">caririemacao.com<\/strong><\/a><strong style=\"font-style: inherit;\">, siga nossa p\u00e1gina no\u00a0<\/strong><a style=\"font-style: inherit; font-weight: inherit;\" href=\"https:\/\/www.facebook.com\/CaririEmAcao\/?ref=aymt_homepage_panel\"><strong style=\"font-style: inherit;\">Facebook<\/strong><\/a>,<strong style=\"font-style: inherit;\">\u00a0<\/strong><a style=\"font-style: inherit; font-weight: inherit;\" href=\"https:\/\/www.instagram.com\/cariri_em_acao\/?hl=pt-br\"><strong style=\"font-style: inherit;\">Instagram<\/strong><\/a><strong style=\"font-style: inherit;\">\u00a0e\u00a0<\/strong><a style=\"font-style: inherit; font-weight: inherit;\" href=\"https:\/\/www.youtube.com\/channel\/UCAptA0jQuYQy8vMhLt2m4qg\"><strong style=\"font-style: inherit;\">Youtube<\/strong><\/a><strong style=\"font-style: inherit;\">\u00a0e veja nossas mat\u00e9rias, v\u00eddeos e fotos. Voc\u00ea tamb\u00e9m pode enviar informa\u00e7\u00f5es \u00e0 Reda\u00e7\u00e3o do Portal Cariri em A\u00e7\u00e3o pelo WhatsApp (83) 9 9634.5791, (83) 9 9601-1162.<\/strong><\/p>\n","protected":false},"excerpt":{"rendered":"<p>A Prefeitura de Sum\u00e9, atrav\u00e9s da Secretaria de Educa\u00e7\u00e3o, divulgou o resultado final do Processo Seletivo para contrata\u00e7\u00e3o de Professor do Programa de alfabetiza\u00e7\u00e3o de&hellip; <\/p>\n","protected":false},"author":2,"featured_media":42677,"comment_status":"closed","ping_status":"closed","sticky":false,"template":"","format":"standard","meta":{"sfsi_plus_gutenberg_text_before_share":"","sfsi_plus_gutenberg_show_text_before_share":"","sfsi_plus_gutenberg_icon_type":"","sfsi_plus_gutenberg_icon_alignemt":"","sfsi_plus_gutenburg_max_per_row":"","footnotes":""},"categories":[6],"tags":[],"class_list":["post-42676","post","type-post","status-publish","format-standard","has-post-thumbnail","hentry","category-cidades"],"_links":{"self":[{"href":"https:\/\/www.caririemacao.com\/1\/wp-json\/wp\/v2\/posts\/42676","targetHints":{"allow":["GET"]}}],"collection":[{"href":"https:\/\/www.caririemacao.com\/1\/wp-json\/wp\/v2\/posts"}],"about":[{"href":"https:\/\/www.caririemacao.com\/1\/wp-json\/wp\/v2\/types\/post"}],"author":[{"embeddable":true,"href":"https:\/\/www.caririemacao.com\/1\/wp-json\/wp\/v2\/users\/2"}],"replies":[{"embeddable":true,"href":"https:\/\/www.caririemacao.com\/1\/wp-json\/wp\/v2\/comments?post=42676"}],"version-history":[{"count":0,"href":"https:\/\/www.caririemacao.com\/1\/wp-json\/wp\/v2\/posts\/42676\/revisions"}],"wp:featuredmedia":[{"embeddable":true,"href":"https:\/\/www.caririemacao.com\/1\/wp-json\/wp\/v2\/media\/42677"}],"wp:attachment":[{"href":"https:\/\/www.caririemacao.com\/1\/wp-json\/wp\/v2\/media?parent=42676"}],"wp:term":[{"taxonomy":"category","embeddable":true,"href":"https:\/\/www.caririemacao.com\/1\/wp-json\/wp\/v2\/categories?post=42676"},{"taxonomy":"post_tag","embeddable":true,"href":"https:\/\/www.caririemacao.com\/1\/wp-json\/wp\/v2\/tags?post=42676"}],"curies":[{"name":"wp","href":"https:\/\/api.w.org\/{rel}","templated":true}]}}