{"id":42732,"date":"2018-03-02T17:37:24","date_gmt":"2018-03-02T20:37:24","guid":{"rendered":"http:\/\/caririemacao.com\/1\/?p=42732"},"modified":"2018-03-02T18:24:28","modified_gmt":"2018-03-02T21:24:28","slug":"ufcg-divulga-edital-de-selecao-de-professor-de-agronomia-no-campus-de-pombal-na-pb","status":"publish","type":"post","link":"https:\/\/www.caririemacao.com\/1\/2018\/03\/02\/ufcg-divulga-edital-de-selecao-de-professor-de-agronomia-no-campus-de-pombal-na-pb\/","title":{"rendered":"UFCG divulga edital de sele\u00e7\u00e3o de professor de agronomia no campus de Pombal, na PB"},"content":{"rendered":"<div class=\"mc-column content-text active-extra-styles active-capital-letter\" data-block-type=\"unstyled\" data-block-weight=\"58\" data-block-id=\"1\">\n<p class=\"content-text__container theme-color-primary-first-letter\" data-track-category=\"Link no Texto\" data-track-links=\"\">Universidade Federal de Campina Grande (UFCG) divulgou nesta sexta-feira (2) um edital de sele\u00e7\u00e3o de professor assistente para o campus de Pombal, no Sert\u00e3o paraibano,\u00a0que j\u00e1 tem outros dois editais divulgados. A vaga \u00e9 para o curso de agronomia, no Centro de Ci\u00eancias e Tecnologia Agroalimentar (CCTA), na \u00e1rea de fitotecnia. As inscri\u00e7\u00f5es abrem na segunda-feira (5).<\/p>\n<\/div>\n<div class=\"mc-column content-text active-extra-styles \" data-block-type=\"unstyled\" data-block-weight=\"47\" data-block-id=\"2\">\n<p class=\"content-text__container \" data-track-category=\"Link no Texto\" data-track-links=\"\">Para este cargo, \u00e9 preciso que o candidato seja graduado em agronomia, com doutorado equivalente ou nas \u00e1reas de fitotecnia, produ\u00e7\u00e3o vegetal ou agricultura Os vencimentos totais, com retribui\u00e7\u00e3o por titula\u00e7\u00e3o, somam R$ 5.742,14 As inscri\u00e7\u00e3o custa R$ 60 e segue at\u00e9 o dia 12 de mar\u00e7o.<\/p>\n<\/div>\n<div class=\"mc-column content-text active-extra-styles \" data-block-type=\"unstyled\" data-block-weight=\"55\" data-block-id=\"3\">\n<p class=\"content-text__container \" data-track-category=\"Link no Texto\" data-track-links=\"\">As inscri\u00e7\u00f5es devem ser feitas na secretaria da Unidade Acad\u00eamica de Ci\u00eancias Agr\u00e1rias do CCTA, em Pombal, no hor\u00e1rio das 7h \u00e0s 11h e das 13h \u00e0s 17h. Tamb\u00e9m s\u00e3o aceitas inscri\u00e7\u00f5es via postal (Sedex com aviso de recebimento), desde que a chegada do material ocorra at\u00e9 tr\u00eas dias \u00fateis ap\u00f3s o encerramento das inscri\u00e7\u00f5es.<\/p>\n<\/div>\n<div data-track-category=\"fim do conteudo\" data-track-action=\"ultimo chunk conteudo\" data-track-noninteraction=\"false\" data-track-scroll=\"entrada completa viewport\">\n<div class=\"mc-column content-text active-extra-styles \" data-block-type=\"unstyled\" data-block-weight=\"14\" data-block-id=\"4\">\n<p class=\"content-text__container \" data-track-category=\"Link no Texto\" data-track-links=\"\">O processo seletivo tem validade de um ano, podendo ser prorrogado por igual per\u00edodo.<\/p>\n<p><strong>CARIRI EM A\u00c7\u00c3O<\/strong><\/p>\n<p><em>Com G1\/Foto: Reprodu\u00e7\u00e3o Internet<\/em><\/p>\n<p><strong>Leia mais not\u00edcias em\u00a0<\/strong><a href=\"http:\/\/www.caririemacao.com\/\"><strong>caririemacao.com<\/strong><\/a><strong>, siga nossa p\u00e1gina no\u00a0<\/strong><a href=\"https:\/\/www.facebook.com\/CaririEmAcao\/?ref=aymt_homepage_panel\"><strong>Facebook<\/strong><\/a>,<strong>\u00a0<\/strong><a href=\"https:\/\/www.instagram.com\/cariri_em_acao\/?hl=pt-br\"><strong>Instagram<\/strong><\/a><strong>\u00a0e\u00a0<\/strong><a href=\"https:\/\/www.youtube.com\/channel\/UCAptA0jQuYQy8vMhLt2m4qg\"><strong>Youtube<\/strong><\/a><strong>\u00a0e veja nossas mat\u00e9rias, v\u00eddeos e fotos. Voc\u00ea tamb\u00e9m pode enviar informa\u00e7\u00f5es \u00e0 Reda\u00e7\u00e3o do Portal Cariri em A\u00e7\u00e3o pelo WhatsApp (83) 9 9634.5791, (83) 9 9601-1162.<\/strong><\/p>\n<\/div>\n<\/div>\n","protected":false},"excerpt":{"rendered":"<p>Universidade Federal de Campina Grande (UFCG) divulgou nesta sexta-feira (2) um edital de sele\u00e7\u00e3o de professor assistente para o campus de Pombal, no Sert\u00e3o paraibano,\u00a0que&hellip; <\/p>\n","protected":false},"author":2,"featured_media":37373,"comment_status":"closed","ping_status":"closed","sticky":false,"template":"","format":"standard","meta":{"sfsi_plus_gutenberg_text_before_share":"","sfsi_plus_gutenberg_show_text_before_share":"","sfsi_plus_gutenberg_icon_type":"","sfsi_plus_gutenberg_icon_alignemt":"","sfsi_plus_gutenburg_max_per_row":"","footnotes":""},"categories":[2],"tags":[],"class_list":["post-42732","post","type-post","status-publish","format-standard","has-post-thumbnail","hentry","category-geral"],"_links":{"self":[{"href":"https:\/\/www.caririemacao.com\/1\/wp-json\/wp\/v2\/posts\/42732","targetHints":{"allow":["GET"]}}],"collection":[{"href":"https:\/\/www.caririemacao.com\/1\/wp-json\/wp\/v2\/posts"}],"about":[{"href":"https:\/\/www.caririemacao.com\/1\/wp-json\/wp\/v2\/types\/post"}],"author":[{"embeddable":true,"href":"https:\/\/www.caririemacao.com\/1\/wp-json\/wp\/v2\/users\/2"}],"replies":[{"embeddable":true,"href":"https:\/\/www.caririemacao.com\/1\/wp-json\/wp\/v2\/comments?post=42732"}],"version-history":[{"count":0,"href":"https:\/\/www.caririemacao.com\/1\/wp-json\/wp\/v2\/posts\/42732\/revisions"}],"wp:featuredmedia":[{"embeddable":true,"href":"https:\/\/www.caririemacao.com\/1\/wp-json\/wp\/v2\/media\/37373"}],"wp:attachment":[{"href":"https:\/\/www.caririemacao.com\/1\/wp-json\/wp\/v2\/media?parent=42732"}],"wp:term":[{"taxonomy":"category","embeddable":true,"href":"https:\/\/www.caririemacao.com\/1\/wp-json\/wp\/v2\/categories?post=42732"},{"taxonomy":"post_tag","embeddable":true,"href":"https:\/\/www.caririemacao.com\/1\/wp-json\/wp\/v2\/tags?post=42732"}],"curies":[{"name":"wp","href":"https:\/\/api.w.org\/{rel}","templated":true}]}}