{"id":42737,"date":"2018-03-02T17:45:31","date_gmt":"2018-03-02T20:45:31","guid":{"rendered":"http:\/\/caririemacao.com\/1\/?p=42737"},"modified":"2018-03-02T17:45:31","modified_gmt":"2018-03-02T20:45:31","slug":"apos-anos-seco-acude-de-pocinhos-em-monteiro-volta-a-receber-agua","status":"publish","type":"post","link":"https:\/\/www.caririemacao.com\/1\/2018\/03\/02\/apos-anos-seco-acude-de-pocinhos-em-monteiro-volta-a-receber-agua\/","title":{"rendered":"Ap\u00f3s anos seco, A\u00e7ude de Pocinhos em Monteiro volta a receber \u00e1gua"},"content":{"rendered":"<div class=\"contentPost\">\n<p>Ap\u00f3s v\u00e1rios anos seco devido \u00e0 longa estiagem, o reservat\u00f3rio de Pocinhos, na zona rural de Monteiro, voltou a receber \u00e1gua ap\u00f3s as chuvas que ca\u00edram na nesta quinta-feira, 01, no munic\u00edpio.<\/p>\n<p>O a\u00e7ude de Pocinhos tem capacidade para 6.789.305 m\u00b3, e fica localizado na regi\u00e3o do Alto Curso do Rio Para\u00edba. O a\u00e7ude \u00e9 segundo maior reservat\u00f3rio de Monteiro.<\/p>\n<p><strong>CARIRI EM A\u00c7\u00c3O<\/strong><\/p>\n<p><em>Com Cariri Ligado\/Foto:\u00a0Cariri Ligado<\/em><\/p>\n<p><strong>Leia mais not\u00edcias em\u00a0<\/strong><a href=\"http:\/\/www.caririemacao.com\/\"><strong>caririemacao.com<\/strong><\/a><strong>, siga nossa p\u00e1gina no\u00a0<\/strong><a href=\"https:\/\/www.facebook.com\/CaririEmAcao\/?ref=aymt_homepage_panel\"><strong>Facebook<\/strong><\/a>,<strong>\u00a0<\/strong><a href=\"https:\/\/www.instagram.com\/cariri_em_acao\/?hl=pt-br\"><strong>Instagram<\/strong><\/a><strong>\u00a0e\u00a0<\/strong><a href=\"https:\/\/www.youtube.com\/channel\/UCAptA0jQuYQy8vMhLt2m4qg\"><strong>Youtube<\/strong><\/a><strong>\u00a0e veja nossas mat\u00e9rias, v\u00eddeos e fotos. Voc\u00ea tamb\u00e9m pode enviar informa\u00e7\u00f5es \u00e0 Reda\u00e7\u00e3o do Portal Cariri em A\u00e7\u00e3o pelo WhatsApp (83) 9 9634.5791, (83) 9 9601-1162.<\/strong><\/p>\n<\/div>\n<p>&nbsp;<\/p>\n<div class=\"fb-like fb_iframe_widget\" data-width=\"180\" data-href=\"http:\/\/caririligado.com.br\/apos-anos-seco-acude-de-pocinhos-em-monteiro-volta-a-receber-agua\/\" data-layout=\"button_count\" data-action=\"like\" data-show-faces=\"true\" data-share=\"false\"><\/div>\n","protected":false},"excerpt":{"rendered":"<p>Ap\u00f3s v\u00e1rios anos seco devido \u00e0 longa estiagem, o reservat\u00f3rio de Pocinhos, na zona rural de Monteiro, voltou a receber \u00e1gua ap\u00f3s as chuvas que&hellip; <\/p>\n","protected":false},"author":2,"featured_media":42738,"comment_status":"closed","ping_status":"closed","sticky":false,"template":"","format":"standard","meta":{"sfsi_plus_gutenberg_text_before_share":"","sfsi_plus_gutenberg_show_text_before_share":"","sfsi_plus_gutenberg_icon_type":"","sfsi_plus_gutenberg_icon_alignemt":"","sfsi_plus_gutenburg_max_per_row":"","footnotes":""},"categories":[2],"tags":[],"class_list":["post-42737","post","type-post","status-publish","format-standard","has-post-thumbnail","hentry","category-geral"],"_links":{"self":[{"href":"https:\/\/www.caririemacao.com\/1\/wp-json\/wp\/v2\/posts\/42737","targetHints":{"allow":["GET"]}}],"collection":[{"href":"https:\/\/www.caririemacao.com\/1\/wp-json\/wp\/v2\/posts"}],"about":[{"href":"https:\/\/www.caririemacao.com\/1\/wp-json\/wp\/v2\/types\/post"}],"author":[{"embeddable":true,"href":"https:\/\/www.caririemacao.com\/1\/wp-json\/wp\/v2\/users\/2"}],"replies":[{"embeddable":true,"href":"https:\/\/www.caririemacao.com\/1\/wp-json\/wp\/v2\/comments?post=42737"}],"version-history":[{"count":0,"href":"https:\/\/www.caririemacao.com\/1\/wp-json\/wp\/v2\/posts\/42737\/revisions"}],"wp:featuredmedia":[{"embeddable":true,"href":"https:\/\/www.caririemacao.com\/1\/wp-json\/wp\/v2\/media\/42738"}],"wp:attachment":[{"href":"https:\/\/www.caririemacao.com\/1\/wp-json\/wp\/v2\/media?parent=42737"}],"wp:term":[{"taxonomy":"category","embeddable":true,"href":"https:\/\/www.caririemacao.com\/1\/wp-json\/wp\/v2\/categories?post=42737"},{"taxonomy":"post_tag","embeddable":true,"href":"https:\/\/www.caririemacao.com\/1\/wp-json\/wp\/v2\/tags?post=42737"}],"curies":[{"name":"wp","href":"https:\/\/api.w.org\/{rel}","templated":true}]}}