{"id":42743,"date":"2018-03-02T17:54:29","date_gmt":"2018-03-02T20:54:29","guid":{"rendered":"http:\/\/caririemacao.com\/1\/?p=42743"},"modified":"2018-03-02T18:03:09","modified_gmt":"2018-03-02T21:03:09","slug":"operacao-prende-quadrilha-especializada-em-ataques-a-banco-liderada-por-mulheres","status":"publish","type":"post","link":"https:\/\/www.caririemacao.com\/1\/2018\/03\/02\/operacao-prende-quadrilha-especializada-em-ataques-a-banco-liderada-por-mulheres\/","title":{"rendered":"Opera\u00e7\u00e3o prende quadrilha especializada em ataques a banco liderada por mulheres"},"content":{"rendered":"<div>As Pol\u00edcias Militar e Civil da Para\u00edba, deflagraram nesta sexta-feira (02), a Opera\u00e7\u00e3o Maria Bonita na cidade de Sousa, Sert\u00e3o da Para\u00edba. Na a\u00e7\u00e3o 12 pessoas foram presas suspeitas de integrar uma quadrilha especializada em ataques a bancos liderada de dentro do pres\u00eddio por uma mulher.<\/div>\n<div><\/div>\n<div>Com os suspeitos, a pol\u00edcia encontrou rifle, fuzil, pistola, rev\u00f3lver e seis baldes de grampos usados para espalhar na estrada e dificultar a persegui\u00e7\u00e3o por parte da pol\u00edcia.<\/div>\n<div><\/div>\n<div>No celular dos suspeitos, havia planos para o pr\u00f3ximo ataque, programado para este s\u00e1bado (02). Tr\u00eas mandados de busca e apreens\u00e3o forma cumpridos e os suspeitos presos em flagrante.<\/div>\n<div><\/div>\n<div>A Opera\u00e7\u00e3o intitulada \u201cMaria Bonita\u201d faz rela\u00e7\u00e3o aos crimes que aconteciam no canga\u00e7o e tamb\u00e9m se refere \u00e0 l\u00edder da quadrilha.<\/div>\n<div><a href=\"http:\/\/caririemacao.com\/1\/wp-content\/uploads\/2018\/03\/2.jpg\"><img fetchpriority=\"high\" decoding=\"async\" class=\"aligncenter wp-image-42744\" src=\"http:\/\/caririemacao.com\/1\/wp-content\/uploads\/2018\/03\/2.jpg\" alt=\"\" width=\"333\" height=\"592\" srcset=\"https:\/\/www.caririemacao.com\/1\/wp-content\/uploads\/2018\/03\/2.jpg 180w, https:\/\/www.caririemacao.com\/1\/wp-content\/uploads\/2018\/03\/2-169x300.jpg 169w\" sizes=\"(max-width: 333px) 100vw, 333px\" \/><\/a><\/div>\n<div>\n<p>&nbsp;<\/p>\n<p><strong>CARIRI EM A\u00c7\u00c3O<\/strong><\/p>\n<p><em>Com Blog do Felipe Silva\/Foto:\u00a0Blog do Felipe Silva<\/em><\/p>\n<p><strong>Leia mais not\u00edcias em\u00a0<\/strong><a href=\"http:\/\/www.caririemacao.com\/\"><strong>caririemacao.com<\/strong><\/a><strong>, siga nossa p\u00e1gina no\u00a0<\/strong><a href=\"https:\/\/www.facebook.com\/CaririEmAcao\/?ref=aymt_homepage_panel\"><strong>Facebook<\/strong><\/a>,<strong>\u00a0<\/strong><a href=\"https:\/\/www.instagram.com\/cariri_em_acao\/?hl=pt-br\"><strong>Instagram<\/strong><\/a><strong>\u00a0e\u00a0<\/strong><a href=\"https:\/\/www.youtube.com\/channel\/UCAptA0jQuYQy8vMhLt2m4qg\"><strong>Youtube<\/strong><\/a><strong>\u00a0e veja nossas mat\u00e9rias, v\u00eddeos e fotos. Voc\u00ea tamb\u00e9m pode enviar informa\u00e7\u00f5es \u00e0 Reda\u00e7\u00e3o do Portal Cariri em A\u00e7\u00e3o pelo WhatsApp (83) 9 9634.5791, (83) 9 9601-1162.<\/strong><\/p>\n<\/div>\n","protected":false},"excerpt":{"rendered":"<p>As Pol\u00edcias Militar e Civil da Para\u00edba, deflagraram nesta sexta-feira (02), a Opera\u00e7\u00e3o Maria Bonita na cidade de Sousa, Sert\u00e3o da Para\u00edba. Na a\u00e7\u00e3o 12&hellip; <\/p>\n","protected":false},"author":2,"featured_media":40935,"comment_status":"closed","ping_status":"closed","sticky":false,"template":"","format":"standard","meta":{"sfsi_plus_gutenberg_text_before_share":"","sfsi_plus_gutenberg_show_text_before_share":"","sfsi_plus_gutenberg_icon_type":"","sfsi_plus_gutenberg_icon_alignemt":"","sfsi_plus_gutenburg_max_per_row":"","footnotes":""},"categories":[12],"tags":[],"class_list":["post-42743","post","type-post","status-publish","format-standard","has-post-thumbnail","hentry","category-policia"],"_links":{"self":[{"href":"https:\/\/www.caririemacao.com\/1\/wp-json\/wp\/v2\/posts\/42743","targetHints":{"allow":["GET"]}}],"collection":[{"href":"https:\/\/www.caririemacao.com\/1\/wp-json\/wp\/v2\/posts"}],"about":[{"href":"https:\/\/www.caririemacao.com\/1\/wp-json\/wp\/v2\/types\/post"}],"author":[{"embeddable":true,"href":"https:\/\/www.caririemacao.com\/1\/wp-json\/wp\/v2\/users\/2"}],"replies":[{"embeddable":true,"href":"https:\/\/www.caririemacao.com\/1\/wp-json\/wp\/v2\/comments?post=42743"}],"version-history":[{"count":0,"href":"https:\/\/www.caririemacao.com\/1\/wp-json\/wp\/v2\/posts\/42743\/revisions"}],"wp:featuredmedia":[{"embeddable":true,"href":"https:\/\/www.caririemacao.com\/1\/wp-json\/wp\/v2\/media\/40935"}],"wp:attachment":[{"href":"https:\/\/www.caririemacao.com\/1\/wp-json\/wp\/v2\/media?parent=42743"}],"wp:term":[{"taxonomy":"category","embeddable":true,"href":"https:\/\/www.caririemacao.com\/1\/wp-json\/wp\/v2\/categories?post=42743"},{"taxonomy":"post_tag","embeddable":true,"href":"https:\/\/www.caririemacao.com\/1\/wp-json\/wp\/v2\/tags?post=42743"}],"curies":[{"name":"wp","href":"https:\/\/api.w.org\/{rel}","templated":true}]}}