{"id":42750,"date":"2018-03-02T18:04:17","date_gmt":"2018-03-02T21:04:17","guid":{"rendered":"http:\/\/caririemacao.com\/1\/?p=42750"},"modified":"2018-03-02T18:04:17","modified_gmt":"2018-03-02T21:04:17","slug":"temer-entrega-ambulancias-do-samu-para-mais-de-200-municipios","status":"publish","type":"post","link":"https:\/\/www.caririemacao.com\/1\/2018\/03\/02\/temer-entrega-ambulancias-do-samu-para-mais-de-200-municipios\/","title":{"rendered":"Temer entrega ambul\u00e2ncias do Samu para mais de 200 munic\u00edpios"},"content":{"rendered":"<p>O presidente Michel Temer participou hoje (2) da cerim\u00f4nia de entrega de 300 novas ambul\u00e2ncias que atender\u00e3o ao Servi\u00e7o de Atendimento M\u00f3vel de Urg\u00eancia (Samu) de 219 munic\u00edpios em 25 estados brasileiros. Temer e o ministro da Sa\u00fade, Ricardo Barros, estiveram, por volta das 11h, na concession\u00e1ria da Mercedez Benz, na cidade de Sorocaba.<\/p>\n<p>\u201cH\u00e1 7 anos [as cidades] n\u00e3o recebiam ambul\u00e2ncias, \u00e9 uma certa revolu\u00e7\u00e3o que estamos fazendo na sa\u00fade\u201d, declarou o presidente. Temer elogiou o trabalho do ministro. \u201cEu escolhi muito bem meus ministros, mas um dos meus maiores acertos foi Ricardo Barros\u201d, disse ele.<\/p>\n<p>O presidente aproveitou a presen\u00e7a de prefeitos para pedir uni\u00e3o contra a inseguran\u00e7a no pa\u00eds. Temer defendeu a interven\u00e7\u00e3o federal no Rio de Janeiro, que classificou como \u201cmau exemplo\u201d para o restante do pa\u00eds. \u201cRealmente, a situa\u00e7\u00e3o estava muito complicada\u201d, disse Temer.<\/p>\n<p><strong>Ambul\u00e2ncias<\/strong><\/p>\n<p>Cada ambul\u00e2ncia teve custo de R$ 176 mil. De acordo com o ministro Ricardo Barros, os prefeitos das cidades contempladas ter\u00e3o prazo de 15 dias para retirar os ve\u00edculos, caso contr\u00e1rio ser\u00e3o repassados para outro munic\u00edpio que tamb\u00e9m necessite. \u201cTemos urg\u00eancia em colocar isso \u00e0 disposi\u00e7\u00e3o da popula\u00e7\u00e3o\u201d, disse Barros.<\/p>\n<p>O ministro esclareceu que o crit\u00e9rio t\u00e9cnico usado na escolha das cidades que receberiam ambul\u00e2ncias foi por ordem de antiguidade. O objetivo do minist\u00e9rio \u00e9 substituir os ve\u00edculos mais velhos, com mais de tr\u00eas anos de uso. \u201cOs prefeitos gastam muito com manuten\u00e7\u00e3o de ambul\u00e2ncias velhas\u201d, argumentou.<\/p>\n<p>As pr\u00f3ximas ambul\u00e2ncias a serem entregues sair\u00e3o com um\u00a0<em>chip<\/em>, capaz de rastrear os trajetos dos ve\u00edculos e indicar quais est\u00e3o mais rodados, a serem priorizados nas pr\u00f3ximas trocas. Outra vantagem do\u00a0<em>chip<\/em>\u00a0ser\u00e1 impedir tr\u00e1fico de armas e drogas dentro de ambul\u00e2ncias. \u201cHoje, se voc\u00ea liga a ambul\u00e2ncia, enche de drogas e armas, liga a sirene, ningu\u00e9m vai par\u00e1-la\u201d, disse Barros.<\/p>\n<p>A previs\u00e3o do Minist\u00e9rio da Sa\u00fade \u00e9 que o n\u00famero total de novas ambul\u00e2ncias entregues at\u00e9 o final deste ano seja de 2.173 unidades \u2013 suficiente para renovar 65,7% de toda a frota. Segundo o ministro da sa\u00fade, est\u00e3o previstas mais entregas no pr\u00f3ximo m\u00eas.<\/p>\n<p>O minist\u00e9rio tamb\u00e9m contabiliza a entrega de cerca de mil\u00a0<em>vans<\/em>\u00a0para transporte de pacientes que fazem procedimentos sem urg\u00eancia dentro ou fora de seu munic\u00edpio. Al\u00e9m dessas, somam-se 6,5 mil ambul\u00e2ncias brancas, de car\u00e1ter n\u00e3o emergencial.<\/p>\n<p><strong>CARIRI EM A\u00c7\u00c3O<\/strong><\/p>\n<p><em>Com Ag\u00eancia Brasil\/Foto:\u00a0Ag\u00eancia Brasil<\/em><\/p>\n<p><strong>Leia mais not\u00edcias em\u00a0<\/strong><a href=\"http:\/\/www.caririemacao.com\/\"><strong>caririemacao.com<\/strong><\/a><strong>, siga nossa p\u00e1gina no\u00a0<\/strong><a href=\"https:\/\/www.facebook.com\/CaririEmAcao\/?ref=aymt_homepage_panel\"><strong>Facebook<\/strong><\/a>,<strong>\u00a0<\/strong><a href=\"https:\/\/www.instagram.com\/cariri_em_acao\/?hl=pt-br\"><strong>Instagram<\/strong><\/a><strong>\u00a0e\u00a0<\/strong><a href=\"https:\/\/www.youtube.com\/channel\/UCAptA0jQuYQy8vMhLt2m4qg\"><strong>Youtube<\/strong><\/a><strong>\u00a0e veja nossas mat\u00e9rias, v\u00eddeos e fotos. Voc\u00ea tamb\u00e9m pode enviar informa\u00e7\u00f5es \u00e0 Reda\u00e7\u00e3o do Portal Cariri em A\u00e7\u00e3o pelo WhatsApp (83) 9 9634.5791, (83) 9 9601-1162.<\/strong><\/p>\n","protected":false},"excerpt":{"rendered":"<p>O presidente Michel Temer participou hoje (2) da cerim\u00f4nia de entrega de 300 novas ambul\u00e2ncias que atender\u00e3o ao Servi\u00e7o de Atendimento M\u00f3vel de Urg\u00eancia (Samu)&hellip; <\/p>\n","protected":false},"author":2,"featured_media":42752,"comment_status":"closed","ping_status":"closed","sticky":false,"template":"","format":"standard","meta":{"sfsi_plus_gutenberg_text_before_share":"","sfsi_plus_gutenberg_show_text_before_share":"","sfsi_plus_gutenberg_icon_type":"","sfsi_plus_gutenberg_icon_alignemt":"","sfsi_plus_gutenburg_max_per_row":"","footnotes":""},"categories":[2],"tags":[],"class_list":["post-42750","post","type-post","status-publish","format-standard","has-post-thumbnail","hentry","category-geral"],"_links":{"self":[{"href":"https:\/\/www.caririemacao.com\/1\/wp-json\/wp\/v2\/posts\/42750","targetHints":{"allow":["GET"]}}],"collection":[{"href":"https:\/\/www.caririemacao.com\/1\/wp-json\/wp\/v2\/posts"}],"about":[{"href":"https:\/\/www.caririemacao.com\/1\/wp-json\/wp\/v2\/types\/post"}],"author":[{"embeddable":true,"href":"https:\/\/www.caririemacao.com\/1\/wp-json\/wp\/v2\/users\/2"}],"replies":[{"embeddable":true,"href":"https:\/\/www.caririemacao.com\/1\/wp-json\/wp\/v2\/comments?post=42750"}],"version-history":[{"count":0,"href":"https:\/\/www.caririemacao.com\/1\/wp-json\/wp\/v2\/posts\/42750\/revisions"}],"wp:featuredmedia":[{"embeddable":true,"href":"https:\/\/www.caririemacao.com\/1\/wp-json\/wp\/v2\/media\/42752"}],"wp:attachment":[{"href":"https:\/\/www.caririemacao.com\/1\/wp-json\/wp\/v2\/media?parent=42750"}],"wp:term":[{"taxonomy":"category","embeddable":true,"href":"https:\/\/www.caririemacao.com\/1\/wp-json\/wp\/v2\/categories?post=42750"},{"taxonomy":"post_tag","embeddable":true,"href":"https:\/\/www.caririemacao.com\/1\/wp-json\/wp\/v2\/tags?post=42750"}],"curies":[{"name":"wp","href":"https:\/\/api.w.org\/{rel}","templated":true}]}}