{"id":42754,"date":"2018-03-02T18:11:37","date_gmt":"2018-03-02T21:11:37","guid":{"rendered":"http:\/\/caririemacao.com\/1\/?p=42754"},"modified":"2018-03-02T21:11:54","modified_gmt":"2018-03-03T00:11:54","slug":"prefeito-de-taperoa-e-denunciado-por-crimes-contra-a-lei-das-licitacoes","status":"publish","type":"post","link":"https:\/\/www.caririemacao.com\/1\/2018\/03\/02\/prefeito-de-taperoa-e-denunciado-por-crimes-contra-a-lei-das-licitacoes\/","title":{"rendered":"Prefeito de Tapero\u00e1 \u00e9 denunciado por crimes contra a lei das Licita\u00e7\u00f5es"},"content":{"rendered":"<p>O prefeito de Tapero\u00e1, Jurandi Gouveia Farias, foi denunciado pelo Minist\u00e9rio P\u00fablico da Para\u00edba por crimes contra a &#8220;Lei das Licita\u00e7\u00f5es&#8221;. De acordo com as den\u00fancias, o gestor teria efetuado contrata\u00e7\u00f5es diretas indevidas por fracionamento de despesas, sem licita\u00e7\u00e3o e sem qualquer amparo legal nos anos de 2013 e 2014. &#8220;Com isso, o gestor causou danos ao er\u00e1rio e burlou os princ\u00edpios constitucionais de isonomia e da impessoalidade&#8221;, diz a Procuradoria-Geral de Justi\u00e7a no processo.<\/p>\n<p>De acordo com o processo, as investiga\u00e7\u00f5es apontam a \u201cexist\u00eancia de robustos ind\u00edcios de materialidade e de autoria pelo denunciado da pr\u00e1tica dolosa, em car\u00e1ter continuado\u201d. O MPPB requereu ao TJ o registro das pe\u00e7as do processo, a notifica\u00e7\u00e3o do gestor para que apresente resposta preliminar, seja interrogado e, ao fim do rito processual, seja condenado nas penas do artigo 89, da Lei 8.666\/93, que trata da dispensa de licita\u00e7\u00e3o fora das hip\u00f3teses legais e prev\u00ea de tr\u00eas a cinco anos de deten\u00e7\u00e3o e multa.<\/p>\n<p>Fatos investigados &#8211; No relat\u00f3rio de auditoria do Tribunal de Contas referente \u00e0 presta\u00e7\u00e3o de contas do denunciado em rela\u00e7\u00e3o a 2013 foram detectadas despesas sem licita\u00e7\u00e3o e n\u00e3o justificadas no valor de mais de R$ 42 mil, que teriam sido usadas para pagamento de material de constru\u00e7\u00e3o e automotivos a v\u00e1rios credores.<\/p>\n<p>J\u00e1 em 2014, tamb\u00e9m conforme processo da PGJ, o prefeito Jurandi Farias, mesmo ap\u00f3s recomenda\u00e7\u00e3o do TCE, continuou contratando diretamente e indevidamente, sem amparo legal, pessoas f\u00edsicas para executarem reformas em diversos im\u00f3veis municipais, gerando despesas de mais de R$ 48 mil.<\/p>\n<p>Al\u00e9m disso, as investiga\u00e7\u00f5es apontaram a contrata\u00e7\u00e3o direta de um empres\u00e1rio e pol\u00edtico para instalar pedras de m\u00e1rmore em pr\u00e9dios p\u00fablicos, no valor de R$ 9,3 mil, portanto, acima do teto permitido legalmente para dispensa de processo licitat\u00f3rio, com empenhos fracionados.<\/p>\n<p>Ainda em 2014, o denunciado, conforme apurado pelo Minist\u00e9rio P\u00fablico em procedimento investigat\u00f3rio criminal, fracionou a despesa total de R$ 31.762,00, pagando por contrata\u00e7\u00f5es similares de ve\u00edculos de passeio a v\u00e1rias pessoas. O MPPB ressaltou que, na mesma \u00e9poca, foi feito um procedimento licitat\u00f3rio na modalidade de &#8216;carta convite&#8217; para loca\u00e7\u00e3o de um ve\u00edculo popular e nenhum dos beneficiados participou do processo.<\/p>\n<p>A Procuradoria-Geral de Justi\u00e7a tamb\u00e9m constatou que o prefeito denunciado contratou prestadores de servi\u00e7o para realizar obras de recupera\u00e7\u00e3o e manuten\u00e7\u00e3o da rede de esgoto da cidade, tamb\u00e9m fracionando despesas que deveriam ter sido licitadas globalmente, no valor de R$ 15.750,00, beneficiando quatro pessoas.<\/p>\n<p><strong>CARIRI EM A\u00c7\u00c3O<\/strong><\/p>\n<p><em>Com Clik PB\/Foto: Reprodu\u00e7\u00e3o google<\/em><\/p>\n<p><strong>Leia mais not\u00edcias em\u00a0<\/strong><a href=\"http:\/\/www.caririemacao.com\/\"><strong>caririemacao.com<\/strong><\/a><strong>, siga nossa p\u00e1gina no\u00a0<\/strong><a href=\"https:\/\/www.facebook.com\/CaririEmAcao\/?ref=aymt_homepage_panel\"><strong>Facebook<\/strong><\/a>,<strong>\u00a0<\/strong><a href=\"https:\/\/www.instagram.com\/cariri_em_acao\/?hl=pt-br\"><strong>Instagram<\/strong><\/a><strong>\u00a0e\u00a0<\/strong><a href=\"https:\/\/www.youtube.com\/channel\/UCAptA0jQuYQy8vMhLt2m4qg\"><strong>Youtube<\/strong><\/a><strong>\u00a0e veja nossas mat\u00e9rias, v\u00eddeos e fotos. Voc\u00ea tamb\u00e9m pode enviar informa\u00e7\u00f5es \u00e0 Reda\u00e7\u00e3o do Portal Cariri em A\u00e7\u00e3o pelo WhatsApp (83) 9 9634.5791, (83) 9 9601-1162.<\/strong><\/p>\n","protected":false},"excerpt":{"rendered":"<p>O prefeito de Tapero\u00e1, Jurandi Gouveia Farias, foi denunciado pelo Minist\u00e9rio P\u00fablico da Para\u00edba por crimes contra a &#8220;Lei das Licita\u00e7\u00f5es&#8221;. De acordo com as&hellip; <\/p>\n","protected":false},"author":2,"featured_media":42756,"comment_status":"closed","ping_status":"closed","sticky":false,"template":"","format":"standard","meta":{"sfsi_plus_gutenberg_text_before_share":"","sfsi_plus_gutenberg_show_text_before_share":"","sfsi_plus_gutenberg_icon_type":"","sfsi_plus_gutenberg_icon_alignemt":"","sfsi_plus_gutenburg_max_per_row":"","footnotes":""},"categories":[2],"tags":[],"class_list":["post-42754","post","type-post","status-publish","format-standard","has-post-thumbnail","hentry","category-geral"],"_links":{"self":[{"href":"https:\/\/www.caririemacao.com\/1\/wp-json\/wp\/v2\/posts\/42754","targetHints":{"allow":["GET"]}}],"collection":[{"href":"https:\/\/www.caririemacao.com\/1\/wp-json\/wp\/v2\/posts"}],"about":[{"href":"https:\/\/www.caririemacao.com\/1\/wp-json\/wp\/v2\/types\/post"}],"author":[{"embeddable":true,"href":"https:\/\/www.caririemacao.com\/1\/wp-json\/wp\/v2\/users\/2"}],"replies":[{"embeddable":true,"href":"https:\/\/www.caririemacao.com\/1\/wp-json\/wp\/v2\/comments?post=42754"}],"version-history":[{"count":0,"href":"https:\/\/www.caririemacao.com\/1\/wp-json\/wp\/v2\/posts\/42754\/revisions"}],"wp:featuredmedia":[{"embeddable":true,"href":"https:\/\/www.caririemacao.com\/1\/wp-json\/wp\/v2\/media\/42756"}],"wp:attachment":[{"href":"https:\/\/www.caririemacao.com\/1\/wp-json\/wp\/v2\/media?parent=42754"}],"wp:term":[{"taxonomy":"category","embeddable":true,"href":"https:\/\/www.caririemacao.com\/1\/wp-json\/wp\/v2\/categories?post=42754"},{"taxonomy":"post_tag","embeddable":true,"href":"https:\/\/www.caririemacao.com\/1\/wp-json\/wp\/v2\/tags?post=42754"}],"curies":[{"name":"wp","href":"https:\/\/api.w.org\/{rel}","templated":true}]}}