{"id":42758,"date":"2018-03-02T18:21:04","date_gmt":"2018-03-02T21:21:04","guid":{"rendered":"http:\/\/caririemacao.com\/1\/?p=42758"},"modified":"2018-03-02T18:21:04","modified_gmt":"2018-03-02T21:21:04","slug":"fies-encerra-inscricoes-nesta-sexta-apos-prazo-ser-prorrogado","status":"publish","type":"post","link":"https:\/\/www.caririemacao.com\/1\/2018\/03\/02\/fies-encerra-inscricoes-nesta-sexta-apos-prazo-ser-prorrogado\/","title":{"rendered":"Fies encerra inscri\u00e7\u00f5es nesta sexta, ap\u00f3s prazo ser prorrogado"},"content":{"rendered":"<article>\n<div class=\"mc-column content-text active-extra-styles active-capital-letter\" data-block-type=\"unstyled\" data-block-weight=\"30\" data-block-id=\"2\">\n<p class=\"content-text__container theme-color-primary-first-letter\" data-track-category=\"Link no Texto\" data-track-links=\"\">As inscri\u00e7\u00f5es para o Novo Fundo de Financiamento Estudantil (Fies) ser\u00e3o encerradas \u00e0s 23h59 desta sexta-feira (2). O programa oferece cr\u00e9ditos para estudantes cursarem o ensino superior em universidades privadas.<\/p>\n<\/div>\n<div class=\"mc-column content-text active-extra-styles \" data-block-type=\"unstyled\" data-block-weight=\"20\" data-block-id=\"3\">\n<p class=\"content-text__container \" data-track-category=\"Link no Texto\" data-track-links=\"\">Inicialmente, o prazo final estava previsto para o dia 28 de fevereiro, mas foi prorrogado pelo Minist\u00e9rio da Educa\u00e7\u00e3o (MEC).<\/p>\n<\/div>\n<div class=\"mc-column content-text active-extra-styles \" data-block-type=\"unstyled\" data-block-weight=\"47\" data-block-id=\"4\">\n<p class=\"content-text__container \" data-track-category=\"Link no Texto\" data-track-links=\"\">Em nota, Vicente Almeida, diretor de pol\u00edticas e programas de educa\u00e7\u00e3o superior do MEC, explicou que &#8220;a decis\u00e3o foi tomada para n\u00e3o prejudicar os candidatos e institui\u00e7\u00f5es, uma vez que cerca de 400.000 inscri\u00e7\u00f5es ainda se encontram na fase de preenchimento no Sistema de Sele\u00e7\u00e3o do Fies\u201d.<\/p>\n<\/div>\n<div class=\"mc-column content-text active-extra-styles\" data-block-type=\"raw\" data-block-weight=\"3\" data-block-id=\"5\">\n<div class=\"content-intertitle\">\n<h2>Como se inscrever<\/h2>\n<\/div>\n<\/div>\n<div class=\"mc-column content-text active-extra-styles\" data-block-type=\"raw\" data-block-weight=\"170\" data-block-id=\"6\">\n<ol class=\"content-ordered-list theme-ordered-list-color-primary\">\n<li>Os candidatos devem acessar o site\u00a0http:\/\/fiesselecao.mec.gov.br\u00a0e clicar em &#8220;Primeiro Acesso&#8221;.<\/li>\n<li>Depois disso, \u00e9 preciso digitar o CPF e a data de nascimento. O sistema buscar\u00e1 o boletim de desempenho do estudante no Exame Nacional do Ensino M\u00e9dio (Enem) e pedir\u00e1 que sejam registrados uma senha de acesso e um e-mail.<\/li>\n<li>Em seguida, o candidato deve entrar em seu e-mail e abrir a mensagem enviada pelo Fies. Haver\u00e1 um link de ativa\u00e7\u00e3o para que o estudante possa se inscrever no programa.<\/li>\n<li>Depois de ativar, \u00e9 preciso retornar ao site do Fies Sele\u00e7\u00e3o e clicar em &#8220;j\u00e1 sou cadastrado&#8221;.<\/li>\n<li>Agora, \u00e9 s\u00f3 digitar a senha e o e-mail cadastrados.<\/li>\n<li>O candidato precisar\u00e1 preencher os dados pessoais e informar a renda de cada membro de sua fam\u00edlia (que more no mesmo domic\u00edlio).<\/li>\n<li>Para concluir a inscri\u00e7\u00e3o, o estudante deve escolher uma das modalidades do Fies e, em seguida, selecionar at\u00e9 3 op\u00e7\u00f5es de curso.<\/li>\n<li>\u00c9 poss\u00edvel mudar a op\u00e7\u00e3o de curso at\u00e9 o dia 2 de mar\u00e7o, quando acabam as inscri\u00e7\u00f5es.<\/li>\n<\/ol>\n<\/div>\n<div class=\"mc-column content-text active-extra-styles\" data-block-type=\"raw\" data-block-weight=\"8\" data-block-id=\"7\">\n<div class=\"content-intertitle\">\n<h2>O que \u00e9 conceito de curso no Fies?<\/h2>\n<\/div>\n<\/div>\n<div class=\"mc-column content-text active-extra-styles \" data-block-type=\"unstyled\" data-block-weight=\"26\" data-block-id=\"8\">\n<p class=\"content-text__container \" data-track-category=\"Link no Texto\" data-track-links=\"\">O conceito de curso \u00e9 a nota final de qualidade dada pelo Minist\u00e9rio da Educa\u00e7\u00e3o (MEC) aos cursos de gradua\u00e7\u00e3o de institui\u00e7\u00f5es de ensino superior credenciadas.<\/p>\n<\/div>\n<div class=\"mc-column content-text active-extra-styles \" data-block-type=\"unstyled\" data-block-weight=\"32\" data-block-id=\"10\">\n<p class=\"content-text__container \" data-track-category=\"Link no Texto\" data-track-links=\"\">Na inscri\u00e7\u00e3o do Fies, o sistema pede que o aluno preencha qual a nota do curso no qual o candidato quer estudar. Para descobrir essa informa\u00e7\u00e3o, \u00e9 preciso entrar no site\u00a0http:\/\/emec.mec.gov.br\/.<\/p>\n<\/div>\n<div class=\"mc-column content-text active-extra-styles \" data-block-type=\"unstyled\" data-block-weight=\"24\" data-block-id=\"11\">\n<p class=\"content-text__container \" data-track-category=\"Link no Texto\" data-track-links=\"\">Em seguida, basta usar um dos filtros dispon\u00edveis. No exemplo a seguir, o objetivo \u00e9 descobrir o conceito de curso de fisioterapia na PUC-SP:<\/p>\n<\/div>\n<div class=\"mc-column content-text active-extra-styles \" data-block-type=\"unstyled\" data-block-weight=\"28\" data-block-id=\"12\">\n<p class=\"content-text__container \" data-track-category=\"Link no Texto\" data-track-links=\"\"><strong>Passo 1<\/strong>&#8211; Clicar em &#8220;Consulta avan\u00e7ada&#8221; e digitar o nome da institui\u00e7\u00e3o, o munic\u00edpio, o tipo de credenciamento (se \u00e9 presencial ou EAD) e o c\u00f3digo de verifica\u00e7\u00e3o.<\/p>\n<\/div>\n<div class=\"mc-column content-text active-extra-styles \" data-block-type=\"unstyled\" data-block-weight=\"25\" data-block-id=\"14\">\n<p class=\"content-text__container \" data-track-category=\"Link no Texto\" data-track-links=\"\"><strong>Passo 2-\u00a0<\/strong>Ap\u00f3s clicar em &#8220;avan\u00e7ar&#8221;, o sistema mostrar\u00e1 a lista de cursos da institui\u00e7\u00e3o. Nesse caso, clicaremos na aba &#8220;gradua\u00e7\u00e3o&#8221; e depois em &#8220;fisioterapia&#8221;.<\/p>\n<\/div>\n<div class=\"content-ads content-ads--reveal\" data-block-type=\"ads\" data-block-id=\"16\">\n<div id=\"banner_materia__43eed4b1891e40f7a04f467beef3d8eb\" class=\"tag-manager-publicidade-container has-reveal has-ad-lazyload tag-manager-publicidade-banner_materia__43eed4b1891e40f7a04f467beef3d8eb tag-manager-publicidade-container--carregado tag-manager-publicidade-container--visivel\" data-id=\"banner_materia__43eed4b1891e40f7a04f467beef3d8eb\" data-google-query-id=\"CJ_P1t7HztkCFcxThgodr0kMIQ\" data-cid=\"138226765429\" data-lid=\"4538568878\">\n<div id=\"google_ads_iframe_\/95377733\/tvg_G1\/Educacao_3__container__\"><strong>Passo 3-\u00a0<\/strong>Depois de clicar no curso, o sistema mostrar\u00e1 v\u00e1rios dados: data de in\u00edcio de funcionamento, carga hor\u00e1ria, etc. Na parte &#8220;Hist\u00f3rico dos \u00edndices do curso&#8221;, \u00e9 necess\u00e1rio ver a linha do ano mais recente e o n\u00famero que est\u00e1 abaixo de &#8220;CC&#8221; (Conceito de Curso). \u00c9 o que indica a seta vermelha da imagem abaixo:<\/div>\n<\/div>\n<\/div>\n<div class=\"mc-column content-text active-extra-styles\" data-block-type=\"raw\" data-block-weight=\"1\" data-block-id=\"21\">\n<div class=\"content-intertitle\">\n<h2>Requisitos<\/h2>\n<\/div>\n<\/div>\n<div class=\"mc-column content-text active-extra-styles \" data-block-type=\"unstyled\" data-block-weight=\"9\" data-block-id=\"22\">\n<p class=\"content-text__container \" data-track-category=\"Link no Texto\" data-track-links=\"\">Para disputar as vagas, \u00e9 necess\u00e1rio cumprir dois requisitos:<\/p>\n<\/div>\n<div class=\"mc-column content-text active-extra-styles\" data-block-type=\"raw\" data-block-weight=\"77\" data-block-id=\"23\">\n<ul class=\"content-unordered-list\">\n<li>ter participado do Enem a partir da edi\u00e7\u00e3o de 2010 e obtido m\u00e9dia aritm\u00e9tica das notas nas provas igual ou superior a 450 (quatrocentos e cinquenta) pontos e nota na reda\u00e7\u00e3o superior a 0 (zero).<\/li>\n<li>possuir renda familiar mensal bruta per capita de: a) at\u00e9 3 (tr\u00eas) sal\u00e1rios m\u00ednimos, na modalidade de financiamento do Fies; b) de 3 (tr\u00eas) a 5 (cinco) sal\u00e1rios m\u00ednimos, na modalidade de financiamento do P-Fies (quando o agente financeiro \u00e9 o banco).<\/li>\n<\/ul>\n<\/div>\n<div class=\"mc-column content-text active-extra-styles\" data-block-type=\"raw\" data-block-weight=\"3\" data-block-id=\"25\">\n<div class=\"content-intertitle\">\n<h2>Modalidades do Fies<\/h2>\n<\/div>\n<\/div>\n<div class=\"mc-column content-text active-extra-styles \" data-block-type=\"unstyled\" data-block-weight=\"6\" data-block-id=\"26\">\n<p class=\"content-text__container \" data-track-category=\"Link no Texto\" data-track-links=\"\">O novo Fies tem duas modalidades:<\/p>\n<\/div>\n<div class=\"mc-column content-text active-extra-styles \" data-block-type=\"unstyled\" data-block-weight=\"24\" data-block-id=\"27\">\n<p class=\"content-text__container \" data-track-category=\"Link no Texto\" data-track-links=\"\"><strong>Fies:<\/strong>\u00a0Candidatos cuja renda familiar per capita seja de at\u00e9 3 sal\u00e1rios m\u00ednimos. Nesse tipo de financiamento, o pagamento ser\u00e1 feito com juros zero.<\/p>\n<\/div>\n<div class=\"mc-column content-text active-extra-styles \" data-block-type=\"unstyled\" data-block-weight=\"25\" data-block-id=\"28\">\n<p class=\"content-text__container \" data-track-category=\"Link no Texto\" data-track-links=\"\">Caso o estudante se encaixe nessa faixa de renda, s\u00f3 poder\u00e1 participar do P-Fies se n\u00e3o houver vaga para o curso desejado na primeira modalidade.<\/p>\n<\/div>\n<div class=\"mc-column content-text active-extra-styles \" data-block-type=\"unstyled\" data-block-weight=\"30\" data-block-id=\"29\">\n<p class=\"content-text__container \" data-track-category=\"Link no Texto\" data-track-links=\"\"><strong>P-Fies:\u00a0<\/strong>Candidatos cuja renda familiar per capita esteja entre 3 e 5 sal\u00e1rios m\u00ednimos. Nessa modalidade, o financiamento \u00e9 feito por condi\u00e7\u00f5es definidas pelo agente financeiro operador de cr\u00e9dito (banco).<\/p>\n<\/div>\n<div class=\"mc-column content-text active-extra-styles\" data-block-type=\"raw\" data-block-weight=\"1\" data-block-id=\"30\">\n<div class=\"content-intertitle\">\n<h2>Pagamento<\/h2>\n<\/div>\n<\/div>\n<div class=\"mc-column content-text active-extra-styles \" data-block-type=\"unstyled\" data-block-weight=\"26\" data-block-id=\"31\">\n<p class=\"content-text__container \" data-track-category=\"Link no Texto\" data-track-links=\"\">Os candidatos aprovados no Fies, que tenham renda familiar per capita de at\u00e9 3 sal\u00e1rios m\u00ednimos, dever\u00e3o pagar durante o curso, mensalmente, uma taxa de coparticipa\u00e7\u00e3o.<\/p>\n<\/div>\n<div class=\"mc-column content-text active-extra-styles \" data-block-type=\"unstyled\" data-block-weight=\"27\" data-block-id=\"32\">\n<p class=\"content-text__container \" data-track-category=\"Link no Texto\" data-track-links=\"\">Ap\u00f3s a conclus\u00e3o da gradua\u00e7\u00e3o, o estudante quitar\u00e1 a d\u00edvida de acordo com sua realidade financeira. A parcela a ser paga por m\u00eas depender\u00e1 de sua renda.<\/p>\n<\/div>\n<div class=\"mc-column content-text active-extra-styles\" data-block-type=\"raw\" data-block-weight=\"3\" data-block-id=\"33\">\n<div class=\"content-intertitle\">\n<h2>Notas de corte<\/h2>\n<\/div>\n<\/div>\n<div class=\"mc-column content-text active-extra-styles \" data-block-type=\"unstyled\" data-block-weight=\"44\" data-block-id=\"34\">\n<p class=\"content-text__container \" data-track-category=\"Link no Texto\" data-track-links=\"\">Todos os dias, at\u00e9 o encerramento das inscri\u00e7\u00f5es, o sistema do Fies informa a nota de corte parcial de cada curso que participa do programa. Ela \u00e9 calculada com base no desempenho no Enem de todos os inscritos e o n\u00famero de vagas dispon\u00edvel.<\/p>\n<\/div>\n<div class=\"mc-column content-text active-extra-styles \" data-block-type=\"unstyled\" data-block-weight=\"35\" data-block-id=\"35\">\n<p class=\"content-text__container \" data-track-category=\"Link no Texto\" data-track-links=\"\">O candidato pode usar essa nota de corte como refer\u00eancia para escolher um curso em que tenha mais chance de ser aprovado. \u00c9 poss\u00edvel mudar a op\u00e7\u00e3o de gradua\u00e7\u00e3o at\u00e9 o dia 28 de fevereiro.<\/p>\n<\/div>\n<div class=\"mc-column content-text active-extra-styles\" data-block-type=\"raw\" data-block-weight=\"3\" data-block-id=\"36\">\n<div class=\"content-intertitle\">\n<h2>Ordem de prefer\u00eancia<\/h2>\n<\/div>\n<\/div>\n<div class=\"mc-column content-text active-extra-styles \" data-block-type=\"unstyled\" data-block-weight=\"19\" data-block-id=\"37\">\n<p class=\"content-text__container \" data-track-category=\"Link no Texto\" data-track-links=\"\">Al\u00e9m da nota do Enem, h\u00e1 outros crit\u00e9rios para selecionar candidatos. Em ordem de prioridade, est\u00e3o os seguintes perfis:<\/p>\n<\/div>\n<div class=\"mc-column content-text active-extra-styles\" data-block-type=\"raw\" data-block-weight=\"71\" data-block-id=\"38\">\n<ul class=\"content-unordered-list\">\n<li>Candidatos que n\u00e3o tenham conclu\u00eddo o ensino superior e n\u00e3o tenham sido beneficiados pelo financiamento estudantil;<\/li>\n<li>Candidatos que n\u00e3o tenham conclu\u00eddo o ensino superior, mas j\u00e1 tenham sido beneficiados pelo financiamento estudantil e o tenham quitado;<\/li>\n<li>Candidatos que j\u00e1 tenham conclu\u00eddo o ensino superior e n\u00e3o tenham sido beneficiados pelo financiamento estudantil;<\/li>\n<li>Candidatos que j\u00e1 tenham conclu\u00eddo o ensino superior e tenham sido beneficiados pelo financiamento estudantil e o tenham quitado.<\/li>\n<\/ul>\n<\/div>\n<div class=\"mc-column content-text active-extra-styles\" data-block-type=\"raw\" data-block-weight=\"1\" data-block-id=\"40\">\n<div class=\"content-intertitle\">\n<h2>Resultados<\/h2>\n<\/div>\n<\/div>\n<div class=\"mc-column content-text active-extra-styles \" data-block-type=\"unstyled\" data-block-weight=\"29\" data-block-id=\"41\">\n<p class=\"content-text__container \" data-track-category=\"Link no Texto\" data-track-links=\"\">Os resultados ser\u00e3o publicados em 5 de mar\u00e7o de 2018 para a modalidade Fies. Para o P-Fies (financiado por bancos), a lista de aprovados sair\u00e1 em 12 de mar\u00e7o.<\/p>\n<\/div>\n<div class=\"mc-column content-text active-extra-styles\" data-block-type=\"raw\" data-block-weight=\"1\" data-block-id=\"42\">\n<div class=\"content-intertitle\">\n<h2>Prouni<\/h2>\n<\/div>\n<\/div>\n<div class=\"mc-column content-text active-extra-styles \" data-block-type=\"unstyled\" data-block-weight=\"25\" data-block-id=\"43\">\n<p class=\"content-text__container \" data-track-category=\"Link no Texto\" data-track-links=\"\">Aqueles candidatos que j\u00e1 s\u00e3o bolsistas parciais do Programa Universidade para Todos (Prouni) podem buscar uma vaga no Fies para financiar os 50% da mensalidade.<\/p>\n<\/div>\n<div data-track-category=\"fim do conteudo\" data-track-action=\"ultimo chunk conteudo\" data-track-noninteraction=\"false\" data-track-scroll=\"entrada completa viewport\">\n<div class=\"mc-column content-text active-extra-styles \" data-block-type=\"unstyled\" data-block-weight=\"20\" data-block-id=\"44\">\n<p class=\"content-text__container \" data-track-category=\"Link no Texto\" data-track-links=\"\">N\u00e3o \u00e9 permitido que um estudante use o Prouni em uma universidade e o Fies em outra, ao mesmo tempo.<\/p>\n<p><strong>CARIRI EM A\u00c7\u00c3O<\/strong><\/p>\n<p><em>Com G1\/Foto: Reprodu\u00e7\u00e3o google<\/em><\/p>\n<p><strong>Leia mais not\u00edcias em\u00a0<\/strong><a href=\"http:\/\/www.caririemacao.com\/\"><strong>caririemacao.com<\/strong><\/a><strong>, siga nossa p\u00e1gina no\u00a0<\/strong><a href=\"https:\/\/www.facebook.com\/CaririEmAcao\/?ref=aymt_homepage_panel\"><strong>Facebook<\/strong><\/a>,<strong>\u00a0<\/strong><a href=\"https:\/\/www.instagram.com\/cariri_em_acao\/?hl=pt-br\"><strong>Instagram<\/strong><\/a><strong>\u00a0e\u00a0<\/strong><a href=\"https:\/\/www.youtube.com\/channel\/UCAptA0jQuYQy8vMhLt2m4qg\"><strong>Youtube<\/strong><\/a><strong>\u00a0e veja nossas mat\u00e9rias, v\u00eddeos e fotos. Voc\u00ea tamb\u00e9m pode enviar informa\u00e7\u00f5es \u00e0 Reda\u00e7\u00e3o do Portal Cariri em A\u00e7\u00e3o pelo WhatsApp (83) 9 9634.5791, (83) 9 9601-1162.<\/strong><\/p>\n<\/div>\n<\/div>\n<\/article>\n","protected":false},"excerpt":{"rendered":"<p>As inscri\u00e7\u00f5es para o Novo Fundo de Financiamento Estudantil (Fies) ser\u00e3o encerradas \u00e0s 23h59 desta sexta-feira (2). O programa oferece cr\u00e9ditos para estudantes cursarem o&hellip; <\/p>\n","protected":false},"author":2,"featured_media":42759,"comment_status":"closed","ping_status":"closed","sticky":false,"template":"","format":"standard","meta":{"sfsi_plus_gutenberg_text_before_share":"","sfsi_plus_gutenberg_show_text_before_share":"","sfsi_plus_gutenberg_icon_type":"","sfsi_plus_gutenberg_icon_alignemt":"","sfsi_plus_gutenburg_max_per_row":"","footnotes":""},"categories":[14],"tags":[],"class_list":["post-42758","post","type-post","status-publish","format-standard","has-post-thumbnail","hentry","category-educacao"],"_links":{"self":[{"href":"https:\/\/www.caririemacao.com\/1\/wp-json\/wp\/v2\/posts\/42758","targetHints":{"allow":["GET"]}}],"collection":[{"href":"https:\/\/www.caririemacao.com\/1\/wp-json\/wp\/v2\/posts"}],"about":[{"href":"https:\/\/www.caririemacao.com\/1\/wp-json\/wp\/v2\/types\/post"}],"author":[{"embeddable":true,"href":"https:\/\/www.caririemacao.com\/1\/wp-json\/wp\/v2\/users\/2"}],"replies":[{"embeddable":true,"href":"https:\/\/www.caririemacao.com\/1\/wp-json\/wp\/v2\/comments?post=42758"}],"version-history":[{"count":0,"href":"https:\/\/www.caririemacao.com\/1\/wp-json\/wp\/v2\/posts\/42758\/revisions"}],"wp:featuredmedia":[{"embeddable":true,"href":"https:\/\/www.caririemacao.com\/1\/wp-json\/wp\/v2\/media\/42759"}],"wp:attachment":[{"href":"https:\/\/www.caririemacao.com\/1\/wp-json\/wp\/v2\/media?parent=42758"}],"wp:term":[{"taxonomy":"category","embeddable":true,"href":"https:\/\/www.caririemacao.com\/1\/wp-json\/wp\/v2\/categories?post=42758"},{"taxonomy":"post_tag","embeddable":true,"href":"https:\/\/www.caririemacao.com\/1\/wp-json\/wp\/v2\/tags?post=42758"}],"curies":[{"name":"wp","href":"https:\/\/api.w.org\/{rel}","templated":true}]}}