{"id":42761,"date":"2018-03-02T18:23:21","date_gmt":"2018-03-02T21:23:21","guid":{"rendered":"http:\/\/caririemacao.com\/1\/?p=42761"},"modified":"2018-03-02T18:23:21","modified_gmt":"2018-03-02T21:23:21","slug":"prouni-divulga-resultado-com-lista-da-segunda-chamada","status":"publish","type":"post","link":"https:\/\/www.caririemacao.com\/1\/2018\/03\/02\/prouni-divulga-resultado-com-lista-da-segunda-chamada\/","title":{"rendered":"Prouni divulga resultado com lista da segunda chamada"},"content":{"rendered":"<div class=\"mc-column content-text active-extra-styles active-capital-letter\" data-block-type=\"unstyled\" data-block-weight=\"27\" data-block-id=\"2\">\n<p class=\"content-text__container theme-color-primary-first-letter\" data-track-category=\"Link no Texto\" data-track-links=\"\">A segunda chamada do Programa Universidade para Todos (Prouni) foi divulgada nesta sexta-feira (2), no site\u00a0http:\/\/siteprouni.mec.gov.br\/. Tamb\u00e9m \u00e9 poss\u00edvel acess\u00e1-la pelo aplicativo do programa no celular.<\/p>\n<\/div>\n<div class=\"mc-column content-text active-extra-styles \" data-block-type=\"unstyled\" data-block-weight=\"30\" data-block-id=\"3\">\n<p class=\"content-text__container \" data-track-category=\"Link no Texto\" data-track-links=\"\">Os candidatos convocados devem comprovar os dados informados na inscri\u00e7\u00e3o entre os dias 2 e 9 de mar\u00e7o de 2018, na universidade onde estudar\u00e3o. S\u00f3 assim ter\u00e3o suas vagas garantidas.<\/p>\n<\/div>\n<div class=\"mc-column content-text active-extra-styles \" data-block-type=\"unstyled\" data-block-weight=\"20\" data-block-id=\"4\">\n<p class=\"content-text__container \" data-track-category=\"Link no Texto\" data-track-links=\"\">O programa oferece 242.987 bolsas de estudo em 2.976 institui\u00e7\u00f5es de ensino particulares. Dessas, 113.863 s\u00e3o integrais e 129.124, parciais.<\/p>\n<\/div>\n<div class=\"mc-column content-text active-extra-styles\" data-block-type=\"raw\" data-block-weight=\"3\" data-block-id=\"5\">\n<div class=\"content-intertitle\">\n<h2>Lista de espera<\/h2>\n<\/div>\n<\/div>\n<div class=\"mc-column content-text active-extra-styles \" data-block-type=\"unstyled\" data-block-weight=\"29\" data-block-id=\"6\">\n<p class=\"content-text__container \" data-track-category=\"Link no Texto\" data-track-links=\"\">Caso o candidato n\u00e3o seja aprovadona segunda chamada, poder\u00e1 manifestar interesse em participar da lista de espera entre os dias 16 e 19 de mar\u00e7o, no site do Prouni.<\/p>\n<\/div>\n<div class=\"mc-column content-text active-extra-styles \" data-block-type=\"unstyled\" data-block-weight=\"9\" data-block-id=\"7\">\n<p class=\"content-text__container \" data-track-category=\"Link no Texto\" data-track-links=\"\">Poder\u00e3o concorrer \u00e0 primeira op\u00e7\u00e3o de curso aqueles que:<\/p>\n<\/div>\n<div class=\"mc-column content-text active-extra-styles\" data-block-type=\"raw\" data-block-weight=\"20\" data-block-id=\"8\">\n<ul class=\"content-unordered-list\">\n<li>N\u00e3o foram pr\u00e9-selecionados nas chamadas regulares;<\/li>\n<li>Foram pr\u00e9-selecionados s\u00f3 na segunda op\u00e7\u00e3o de curso, mas n\u00e3o houve forma\u00e7\u00e3o de turma.<\/li>\n<\/ul>\n<\/div>\n<div class=\"mc-column content-text active-extra-styles \" data-block-type=\"unstyled\" data-block-weight=\"9\" data-block-id=\"9\">\n<p class=\"content-text__container \" data-track-category=\"Link no Texto\" data-track-links=\"\">Poder\u00e3o concorrer \u00e0 segunda op\u00e7\u00e3o de curso aqueles que:<\/p>\n<\/div>\n<div class=\"mc-column content-text active-extra-styles\" data-block-type=\"raw\" data-block-weight=\"30\" data-block-id=\"10\">\n<ul class=\"content-unordered-list\">\n<li>N\u00e3o foram pr\u00e9-selecionados nas chamadas regulares e n\u00e3o houve forma\u00e7\u00e3o de turma na primeira op\u00e7\u00e3o;<\/li>\n<li>Foram pr\u00e9-selecionados na primeira op\u00e7\u00e3o de curso, mas reprovados porque n\u00e3o houve forma\u00e7\u00e3o de turma.<\/li>\n<\/ul>\n<\/div>\n<div class=\"mc-column content-text active-extra-styles \" data-block-type=\"unstyled\" data-block-weight=\"47\" data-block-id=\"11\">\n<p class=\"content-text__container \" data-track-category=\"Link no Texto\" data-track-links=\"\">O Prouni disponibilizar\u00e1 os boletins de desempenho de cada participante para as institui\u00e7\u00f5es de ensino que integram o programa. Caber\u00e1 a elas analisar quantas vagas n\u00e3o foram ocupadas para convocar novos candidatos. O resultado da lista de espera ser\u00e1 publicado pelas universidades no dia 20 de mar\u00e7o.<\/p>\n<\/div>\n<div class=\"mc-column content-text active-extra-styles\" data-block-type=\"raw\" data-block-weight=\"3\" data-block-id=\"12\">\n<div class=\"content-intertitle\">\n<h2>Crit\u00e9rios de participa\u00e7\u00e3o<\/h2>\n<\/div>\n<\/div>\n<div class=\"mc-column content-text active-extra-styles \" data-block-type=\"unstyled\" data-block-weight=\"43\" data-block-id=\"13\">\n<p class=\"content-text__container \" data-track-category=\"Link no Texto\" data-track-links=\"\">Para participar do Prouni, \u00e9 necess\u00e1rio ter tirado no m\u00ednimo 450 pontos no Exame Nacional do Ensino M\u00e9dio (Enem 2017) e n\u00e3o ter zerado a reda\u00e7\u00e3o. S\u00f3 podem integrar o programa aqueles estudantes que se encaixarem em pelo menos uma das seguintes situa\u00e7\u00f5es:<\/p>\n<\/div>\n<div class=\"mc-column content-text active-extra-styles\" data-block-type=\"raw\" data-block-weight=\"54\" data-block-id=\"14\">\n<ul class=\"content-unordered-list\">\n<li>ter cursado o ensino m\u00e9dio completo em escola da rede p\u00fablica;<\/li>\n<li>ter cursado o ensino m\u00e9dio completo em escola privada, mas como bolsista integral;<\/li>\n<li>ter cursado o ensino m\u00e9dio parcialmente em escola da rede p\u00fablica e parcialmente em escola privada, mas como bolsista integral;<\/li>\n<li>ter alguma defici\u00eancia;<\/li>\n<li>ser professor da rede p\u00fablica de ensino.<\/li>\n<\/ul>\n<p><strong>CARIRI EM A\u00c7\u00c3O<\/strong><\/p>\n<p><em>Com G1\/Foto: Reprodu\u00e7\u00e3o Internet<\/em><\/p>\n<p><strong>Leia mais not\u00edcias em\u00a0<\/strong><a href=\"http:\/\/www.caririemacao.com\/\"><strong>caririemacao.com<\/strong><\/a><strong>, siga nossa p\u00e1gina no\u00a0<\/strong><a href=\"https:\/\/www.facebook.com\/CaririEmAcao\/?ref=aymt_homepage_panel\"><strong>Facebook<\/strong><\/a>,<strong>\u00a0<\/strong><a href=\"https:\/\/www.instagram.com\/cariri_em_acao\/?hl=pt-br\"><strong>Instagram<\/strong><\/a><strong>\u00a0e\u00a0<\/strong><a href=\"https:\/\/www.youtube.com\/channel\/UCAptA0jQuYQy8vMhLt2m4qg\"><strong>Youtube<\/strong><\/a><strong>\u00a0e veja nossas mat\u00e9rias, v\u00eddeos e fotos. Voc\u00ea tamb\u00e9m pode enviar informa\u00e7\u00f5es \u00e0 Reda\u00e7\u00e3o do Portal Cariri em A\u00e7\u00e3o pelo WhatsApp (83) 9 9634.5791, (83) 9 9601-1162.<\/strong><\/p>\n<\/div>\n","protected":false},"excerpt":{"rendered":"<p>A segunda chamada do Programa Universidade para Todos (Prouni) foi divulgada nesta sexta-feira (2), no site\u00a0http:\/\/siteprouni.mec.gov.br\/. Tamb\u00e9m \u00e9 poss\u00edvel acess\u00e1-la pelo aplicativo do programa no&hellip; <\/p>\n","protected":false},"author":2,"featured_media":42763,"comment_status":"closed","ping_status":"closed","sticky":false,"template":"","format":"standard","meta":{"sfsi_plus_gutenberg_text_before_share":"","sfsi_plus_gutenberg_show_text_before_share":"","sfsi_plus_gutenberg_icon_type":"","sfsi_plus_gutenberg_icon_alignemt":"","sfsi_plus_gutenburg_max_per_row":"","footnotes":""},"categories":[14],"tags":[],"class_list":["post-42761","post","type-post","status-publish","format-standard","has-post-thumbnail","hentry","category-educacao"],"_links":{"self":[{"href":"https:\/\/www.caririemacao.com\/1\/wp-json\/wp\/v2\/posts\/42761","targetHints":{"allow":["GET"]}}],"collection":[{"href":"https:\/\/www.caririemacao.com\/1\/wp-json\/wp\/v2\/posts"}],"about":[{"href":"https:\/\/www.caririemacao.com\/1\/wp-json\/wp\/v2\/types\/post"}],"author":[{"embeddable":true,"href":"https:\/\/www.caririemacao.com\/1\/wp-json\/wp\/v2\/users\/2"}],"replies":[{"embeddable":true,"href":"https:\/\/www.caririemacao.com\/1\/wp-json\/wp\/v2\/comments?post=42761"}],"version-history":[{"count":0,"href":"https:\/\/www.caririemacao.com\/1\/wp-json\/wp\/v2\/posts\/42761\/revisions"}],"wp:featuredmedia":[{"embeddable":true,"href":"https:\/\/www.caririemacao.com\/1\/wp-json\/wp\/v2\/media\/42763"}],"wp:attachment":[{"href":"https:\/\/www.caririemacao.com\/1\/wp-json\/wp\/v2\/media?parent=42761"}],"wp:term":[{"taxonomy":"category","embeddable":true,"href":"https:\/\/www.caririemacao.com\/1\/wp-json\/wp\/v2\/categories?post=42761"},{"taxonomy":"post_tag","embeddable":true,"href":"https:\/\/www.caririemacao.com\/1\/wp-json\/wp\/v2\/tags?post=42761"}],"curies":[{"name":"wp","href":"https:\/\/api.w.org\/{rel}","templated":true}]}}