{"id":42762,"date":"2018-03-02T18:43:23","date_gmt":"2018-03-02T21:43:23","guid":{"rendered":"http:\/\/caririemacao.com\/1\/?p=42762"},"modified":"2018-03-02T19:43:35","modified_gmt":"2018-03-02T22:43:35","slug":"deputado-estadual-ricardo-barbosa-participa-do-xiv-congresso-nacional-do-psb-em-brasilia","status":"publish","type":"post","link":"https:\/\/www.caririemacao.com\/1\/2018\/03\/02\/deputado-estadual-ricardo-barbosa-participa-do-xiv-congresso-nacional-do-psb-em-brasilia\/","title":{"rendered":"Ricardo Barbosa participa do XIV congresso nacional do PSB em Bras\u00edlia"},"content":{"rendered":"<div>Um p\u00fablico imenso de militantes lotou o primeiro dia do XIV CONGRESSO NACIONAL DO PSB nesta quinta &#8211; feira, aqui em Bras\u00edlia &#8211; que vai at\u00e9 s\u00e1bado -, discutindo os temas nacionais e as quest\u00f5es pol\u00edtico-partid\u00e1rias. Estive, sempre, ladeado pelo nosso pr\u00e9-candidato a Governador, o extraordin\u00e1rio gestor Jo\u00e3o Azevedo, e por v\u00e1rios outros integrantes e companheiros do nosso agrupamento.<\/div>\n<div><\/div>\n<div>Durante os tr\u00eas dias do Congresso iremos debater ESTRAT\u00c9GIAS PARA O DESENVOLVIMENTO DO PA\u00cdS, al\u00e9m de buscarmos caminhos e rumos para o Partido no processo eleitoral que se avizinha.<\/div>\n<div><\/div>\n<div>A depender do n\u00famero e do entusiasmo dos participantes, vamos protagonizar bons e proveitosos debates e, ainda, elegeremos os novos integrantes do Diret\u00f3rio e da Executiva Nacional.<\/div>\n<div>\n<p><strong>CARIRI EM A\u00c7\u00c3O<\/strong><\/p>\n<p><strong>Leia mais not\u00edcias em\u00a0<\/strong><a href=\"http:\/\/www.caririemacao.com\/\"><strong>caririemacao.com<\/strong><\/a><strong>, siga nossa p\u00e1gina no\u00a0<\/strong><a href=\"https:\/\/www.facebook.com\/CaririEmAcao\/?ref=aymt_homepage_panel\"><strong>Facebook<\/strong><\/a>,<strong>\u00a0<\/strong><a href=\"https:\/\/www.instagram.com\/cariri_em_acao\/?hl=pt-br\"><strong>Instagram<\/strong><\/a><strong>\u00a0e <\/strong><a href=\"https:\/\/www.youtube.com\/channel\/UCAptA0jQuYQy8vMhLt2m4qg\"><strong>Youtube<\/strong><\/a><strong>\u00a0e veja nossas mat\u00e9rias, v\u00eddeos e fotos. Voc\u00ea tamb\u00e9m pode enviar informa\u00e7\u00f5es \u00e0 Reda\u00e7\u00e3o do Portal Cariri em A\u00e7\u00e3o pelo WhatsApp (83) 9 9634.5791, (83) 9 9601-1162.<\/strong><\/p>\n<\/div>\n","protected":false},"excerpt":{"rendered":"<p>Um p\u00fablico imenso de militantes lotou o primeiro dia do XIV CONGRESSO NACIONAL DO PSB nesta quinta &#8211; feira, aqui em Bras\u00edlia &#8211; que vai&hellip; <\/p>\n","protected":false},"author":2,"featured_media":42777,"comment_status":"closed","ping_status":"closed","sticky":false,"template":"","format":"standard","meta":{"sfsi_plus_gutenberg_text_before_share":"","sfsi_plus_gutenberg_show_text_before_share":"","sfsi_plus_gutenberg_icon_type":"","sfsi_plus_gutenberg_icon_alignemt":"","sfsi_plus_gutenburg_max_per_row":"","footnotes":""},"categories":[11],"tags":[],"class_list":["post-42762","post","type-post","status-publish","format-standard","has-post-thumbnail","hentry","category-politica"],"_links":{"self":[{"href":"https:\/\/www.caririemacao.com\/1\/wp-json\/wp\/v2\/posts\/42762","targetHints":{"allow":["GET"]}}],"collection":[{"href":"https:\/\/www.caririemacao.com\/1\/wp-json\/wp\/v2\/posts"}],"about":[{"href":"https:\/\/www.caririemacao.com\/1\/wp-json\/wp\/v2\/types\/post"}],"author":[{"embeddable":true,"href":"https:\/\/www.caririemacao.com\/1\/wp-json\/wp\/v2\/users\/2"}],"replies":[{"embeddable":true,"href":"https:\/\/www.caririemacao.com\/1\/wp-json\/wp\/v2\/comments?post=42762"}],"version-history":[{"count":0,"href":"https:\/\/www.caririemacao.com\/1\/wp-json\/wp\/v2\/posts\/42762\/revisions"}],"wp:featuredmedia":[{"embeddable":true,"href":"https:\/\/www.caririemacao.com\/1\/wp-json\/wp\/v2\/media\/42777"}],"wp:attachment":[{"href":"https:\/\/www.caririemacao.com\/1\/wp-json\/wp\/v2\/media?parent=42762"}],"wp:term":[{"taxonomy":"category","embeddable":true,"href":"https:\/\/www.caririemacao.com\/1\/wp-json\/wp\/v2\/categories?post=42762"},{"taxonomy":"post_tag","embeddable":true,"href":"https:\/\/www.caririemacao.com\/1\/wp-json\/wp\/v2\/tags?post=42762"}],"curies":[{"name":"wp","href":"https:\/\/api.w.org\/{rel}","templated":true}]}}