{"id":42765,"date":"2018-03-02T18:32:22","date_gmt":"2018-03-02T21:32:22","guid":{"rendered":"http:\/\/caririemacao.com\/1\/?p=42765"},"modified":"2018-03-02T18:32:22","modified_gmt":"2018-03-02T21:32:22","slug":"zico-rivaldo-e-ronaldo-medicos-que-vao-operar-neymar-tem-historico-com-craques","status":"publish","type":"post","link":"https:\/\/www.caririemacao.com\/1\/2018\/03\/02\/zico-rivaldo-e-ronaldo-medicos-que-vao-operar-neymar-tem-historico-com-craques\/","title":{"rendered":"Zico, Rivaldo e Ronaldo: m\u00e9dicos que v\u00e3o operar Neymar t\u00eam hist\u00f3rico com craques"},"content":{"rendered":"<div class=\"mc-column content-text active-extra-styles active-capital-letter\" data-block-type=\"unstyled\" data-block-weight=\"47\" data-block-id=\"2\">\n<p class=\"content-text__container theme-color-primary-first-letter\" data-track-category=\"Link no Texto\" data-track-links=\"\">Do tema \u201crecupera\u00e7\u00e3o de craques brasileiros\u201d a dupla de m\u00e9dicos respons\u00e1vel pela cirurgia no p\u00e9 direito de Neymar, neste s\u00e1bado, formada por Rodrigo Lasmar e G\u00e9rard Saillant, entende muito bem. S\u00e3o pelo menos tr\u00eas d\u00e9cadas de envolvimento com jogadores em apuros \u00e0s v\u00e9speras de Copa do Mundo.<\/p>\n<\/div>\n<div class=\"mc-column content-text active-extra-styles \" data-block-type=\"unstyled\" data-block-weight=\"40\" data-block-id=\"4\">\n<p class=\"content-text__container \" data-track-category=\"Link no Texto\" data-track-links=\"\">Rodrigo, de 45 anos, \u00e9 filho de Neylor Lasmar, m\u00e9dico da sele\u00e7\u00e3o brasileira nos Mundiais de 1982 e 86. Nesse \u00faltimo, o protagonista do drama era Zico, melhor jogador da equipe na \u00e9poca, pe\u00e7a fundamental para o t\u00e9cnico Tel\u00ea Santana.<\/p>\n<\/div>\n<div class=\"mc-column content-text active-extra-styles \" data-block-type=\"unstyled\" data-block-weight=\"36\" data-block-id=\"5\">\n<p class=\"content-text__container \" data-track-category=\"Link no Texto\" data-track-links=\"\">O Galinho havia rompido os ligamentos cruzados anterior e colateral do joelho esquerdo, e n\u00e3o haveria tempo para reconstru\u00e7\u00e3o. Uma cirurgia o deixaria fora do Mundial, o que lhe exigiu dedica\u00e7\u00e3o redobrada em treinamentos e exerc\u00edcios.<\/p>\n<\/div>\n<div class=\"mc-column content-media content-media--normal  content-photo\" data-block-type=\"backstage-photo\" data-block-id=\"6\">\n<div class=\"content-media__container\">\n<div class=\"content-media__image-centered\">\n<div class=\"progressive-img can-open-lightbox\" data-min-size=\"1008x661\" data-min-size-url=\"https:\/\/s2.glbimg.com\/up8erz3lF3BbGV9u0uvrU1-9FpQ=\/0x0:5440x3568\/1008x0\/smart\/filters:strip_icc()\/s.glbimg.com\/es\/ge\/f\/original\/2018\/03\/02\/000_11k5qz.jpg\" data-max-size=\"1600x1049\" data-max-size-url=\"https:\/\/s2.glbimg.com\/bwFmYengOQ-MU82DfJzE9A9vOxE=\/0x0:5440x3568\/1600x0\/smart\/filters:strip_icc()\/s.glbimg.com\/es\/ge\/f\/original\/2018\/03\/02\/000_11k5qz.jpg\" data-media-index=\"1\">\n<div class=\"placeholder-container\"><\/div>\n<p><a href=\"http:\/\/caririemacao.com\/1\/wp-content\/uploads\/2018\/03\/000_11k5qz.jpg\"><img fetchpriority=\"high\" decoding=\"async\" class=\"aligncenter size-full wp-image-42766\" src=\"http:\/\/caririemacao.com\/1\/wp-content\/uploads\/2018\/03\/000_11k5qz.jpg\" alt=\"\" width=\"1000\" height=\"656\" srcset=\"https:\/\/www.caririemacao.com\/1\/wp-content\/uploads\/2018\/03\/000_11k5qz.jpg 1000w, https:\/\/www.caririemacao.com\/1\/wp-content\/uploads\/2018\/03\/000_11k5qz-300x197.jpg 300w, https:\/\/www.caririemacao.com\/1\/wp-content\/uploads\/2018\/03\/000_11k5qz-768x504.jpg 768w\" sizes=\"(max-width: 1000px) 100vw, 1000px\" \/><\/a><\/div>\n<\/div>\n<\/div>\n<\/div>\n<div class=\"mc-column content-text active-extra-styles \" data-block-type=\"unstyled\" data-block-weight=\"28\" data-block-id=\"7\">\n<p class=\"content-text__container \" data-track-category=\"Link no Texto\" data-track-links=\"\">Neylor levou o filho Rodrigo, aos 14 anos, para a Copa do M\u00e9xico. O adolescente ficou num chal\u00e9 e viu fortalecer ali a paix\u00e3o pela profiss\u00e3o do pai.<\/p>\n<\/div>\n<div class=\"mc-column content-text active-extra-styles \" data-block-type=\"unstyled\" data-block-weight=\"43\" data-block-id=\"8\">\n<p class=\"content-text__container \" data-track-category=\"Link no Texto\" data-track-links=\"\">A CBF contratou Rodrigo Lasmar em 2001 para a equipe chefiada por Jos\u00e9 Luiz Runco. Logo no ano seguinte, o m\u00e9dico que vai operar Neymar neste s\u00e1bado foi campe\u00e3o mundial, no Jap\u00e3o. E os dois grandes nomes daquela Copa tamb\u00e9m protagonizaram dramas peculiares.<\/p>\n<\/div>\n<div class=\"mc-column content-text active-extra-styles \" data-block-type=\"unstyled\" data-block-weight=\"60\" data-block-id=\"10\">\n<p class=\"content-text__container \" data-track-category=\"Link no Texto\" data-track-links=\"\">Um deles foi Rivaldo. O Barcelona, onde jogava o craque, queria aproveitar o meio do ano para operar seu joelho direito e, assim, ele n\u00e3o mais atuar com infiltra\u00e7\u00f5es que castigavam o local. As dores eram imensas. A equipe m\u00e9dica com Runco e Lasmar bateu o p\u00e9 contra o processo, e houve um desgaste entre CBF e o clube espanhol.<\/p>\n<\/div>\n<div class=\"mc-column content-text active-extra-styles \" data-block-type=\"unstyled\" data-block-weight=\"35\" data-block-id=\"12\">\n<p class=\"content-text__container \" data-track-category=\"Link no Texto\" data-track-links=\"\">\u2013 Eu me lembro da imensid\u00e3o da Granja Comary e o Rivaldo sozinho, com uma camisa de treino do Barcelona, trabalhando com o preparador Francisco Gonz\u00e1lez \u2013 recorda o rep\u00f3rter da TV Globo, Eric Faria.<\/p>\n<\/div>\n<div class=\"mc-column content-text active-extra-styles \" data-block-type=\"unstyled\" data-block-weight=\"18\" data-block-id=\"13\">\n<p class=\"content-text__container \" data-track-category=\"Link no Texto\" data-track-links=\"\">Rivaldo n\u00e3o operou e, para muitos, foi o melhor jogador da Copa do Mundo de 2002. Do penta.<\/p>\n<\/div>\n<div class=\"mc-column content-text active-extra-styles \" data-block-type=\"unstyled\" data-block-weight=\"48\" data-block-id=\"14\">\n<p class=\"content-text__container \" data-track-category=\"Link no Texto\" data-track-links=\"\">Os que discordam apontam como principal destaque o artilheiro daquele Mundial, autor dos dois gols na final diante da Alemanha: Ronaldo. Mas, possivelmente, n\u00e3o fosse Saillant, franc\u00eas designado agora pelo PSG para supervisionar a cirurgia de Neymar, o Fen\u00f4meno tamb\u00e9m n\u00e3o teria conseguido entrar em campo na \u00c1sia.<\/p>\n<\/div>\n<div class=\"mc-column content-media content-media--normal  content-photo\" data-block-type=\"backstage-photo\" data-block-id=\"15\">\n<div class=\"content-media__container\">\n<div class=\"content-media__image-centered\">\n<div class=\"progressive-img can-open-lightbox\" data-min-size=\"1008x798\" data-min-size-url=\"https:\/\/s2.glbimg.com\/_aKrVK2BxOwiznWPN21YOk1MeqY=\/0x0:2856x2261\/1008x0\/smart\/filters:strip_icc()\/s.glbimg.com\/es\/ge\/f\/original\/2016\/02\/15\/ronaldo_rivaldo_brasil_2002.jpg\" data-max-size=\"1600x1266\" data-max-size-url=\"https:\/\/s2.glbimg.com\/JPUTOQFuhxH6QZjLa_qV9v09FxM=\/0x0:2856x2261\/1600x0\/smart\/filters:strip_icc()\/s.glbimg.com\/es\/ge\/f\/original\/2016\/02\/15\/ronaldo_rivaldo_brasil_2002.jpg\" data-media-index=\"2\">\n<div class=\"placeholder-container\">\u00a0<a href=\"http:\/\/caririemacao.com\/1\/wp-content\/uploads\/2018\/03\/ronaldo_rivaldo_brasil_2002.jpg\"><img decoding=\"async\" class=\"aligncenter size-full wp-image-42767 lazyload\" data-src=\"http:\/\/caririemacao.com\/1\/wp-content\/uploads\/2018\/03\/ronaldo_rivaldo_brasil_2002.jpg\" alt=\"\" width=\"1000\" height=\"792\" data-srcset=\"https:\/\/www.caririemacao.com\/1\/wp-content\/uploads\/2018\/03\/ronaldo_rivaldo_brasil_2002.jpg 1000w, https:\/\/www.caririemacao.com\/1\/wp-content\/uploads\/2018\/03\/ronaldo_rivaldo_brasil_2002-300x238.jpg 300w, https:\/\/www.caririemacao.com\/1\/wp-content\/uploads\/2018\/03\/ronaldo_rivaldo_brasil_2002-768x608.jpg 768w\" data-sizes=\"(max-width: 1000px) 100vw, 1000px\" src=\"data:image\/svg+xml;base64,PHN2ZyB3aWR0aD0iMSIgaGVpZ2h0PSIxIiB4bWxucz0iaHR0cDovL3d3dy53My5vcmcvMjAwMC9zdmciPjwvc3ZnPg==\" style=\"--smush-placeholder-width: 1000px; --smush-placeholder-aspect-ratio: 1000\/792;\" \/><\/a><\/div>\n<\/div>\n<\/div>\n<\/div>\n<\/div>\n<div class=\"mc-column content-text active-extra-styles \" data-block-type=\"unstyled\" data-block-weight=\"54\" data-block-id=\"16\">\n<p class=\"content-text__container \" data-track-category=\"Link no Texto\" data-track-links=\"\">Ronaldo havia rompido completamente o tend\u00e3o patelar do joelho direito ao defender a Internazionale contra a Lazio, pela Copa da It\u00e1lia. O m\u00e9dico franc\u00eas, que j\u00e1 havia reconstru\u00eddo o local, comandou o processo de recupera\u00e7\u00e3o que envolveu um per\u00edodo de inatividade suficiente para despertar desconfian\u00e7a sobre a possibilidade de o atacante continuar no futebol.<\/p>\n<\/div>\n<div class=\"mc-column content-text active-extra-styles \" data-block-type=\"unstyled\" data-block-weight=\"37\" data-block-id=\"17\">\n<p class=\"content-text__container \" data-track-category=\"Link no Texto\" data-track-links=\"\">Outro caso que deu visibilidade ao franc\u00eas, hoje com 72 anos, foi a cirurgia do ex-piloto de F\u00f3rmula 1 Michael Schumacher, em 1999, quando o alem\u00e3o quebrou a perna direita num acidente em Silverstone, aut\u00f3dromo na Inglaterra.<\/p>\n<\/div>\n<div class=\"mc-column content-text active-extra-styles \" data-block-type=\"unstyled\" data-block-weight=\"74\" data-block-id=\"18\">\n<p class=\"content-text__container \" data-track-category=\"Link no Texto\" data-track-links=\"\">Com a presen\u00e7a de Saillant, Lasmar vai operar Neymar neste s\u00e1bado pela manh\u00e3, no hospital Mater Dei, em Belo Horizonte. O atacante do PSG tem uma fratura no quinto metatarso do p\u00e9 direito, e dever\u00e1 ficar fora dos gramados por at\u00e9 tr\u00eas meses. Entretanto, o preparador f\u00edsico da Sele\u00e7\u00e3o, F\u00e1bio Mahseredjian, assegura que ele estar\u00e1 em campo na estreia do Brasil na Copa do Mundo, dia 17 de junho, contra a Su\u00ed\u00e7a, em Rostov-on-Don.<\/p>\n<\/div>\n<p class=\"content-text__container \" data-track-category=\"Link no Texto\" data-track-links=\"\">\n<p><strong>CARIRI EM A\u00c7\u00c3O<\/strong><\/p>\n<p><em>Com GE\/Foto: GE<\/em><\/p>\n<p><strong>Leia mais not\u00edcias em\u00a0<\/strong><a href=\"http:\/\/www.caririemacao.com\/\"><strong>caririemacao.com<\/strong><\/a><strong>, siga nossa p\u00e1gina no\u00a0<\/strong><a href=\"https:\/\/www.facebook.com\/CaririEmAcao\/?ref=aymt_homepage_panel\"><strong>Facebook<\/strong><\/a>,<strong>\u00a0<\/strong><a href=\"https:\/\/www.instagram.com\/cariri_em_acao\/?hl=pt-br\"><strong>Instagram<\/strong><\/a><strong>\u00a0e\u00a0<\/strong><a href=\"https:\/\/www.youtube.com\/channel\/UCAptA0jQuYQy8vMhLt2m4qg\"><strong>Youtube<\/strong><\/a><strong>\u00a0e veja nossas mat\u00e9rias, v\u00eddeos e fotos. Voc\u00ea tamb\u00e9m pode enviar informa\u00e7\u00f5es \u00e0 Reda\u00e7\u00e3o do Portal Cariri em A\u00e7\u00e3o pelo WhatsApp (83) 9 9634.5791, (83) 9 9601-1162<\/strong><\/p>\n","protected":false},"excerpt":{"rendered":"<p>Do tema \u201crecupera\u00e7\u00e3o de craques brasileiros\u201d a dupla de m\u00e9dicos respons\u00e1vel pela cirurgia no p\u00e9 direito de Neymar, neste s\u00e1bado, formada por Rodrigo Lasmar e&hellip; <\/p>\n","protected":false},"author":2,"featured_media":42769,"comment_status":"closed","ping_status":"closed","sticky":false,"template":"","format":"standard","meta":{"sfsi_plus_gutenberg_text_before_share":"","sfsi_plus_gutenberg_show_text_before_share":"","sfsi_plus_gutenberg_icon_type":"","sfsi_plus_gutenberg_icon_alignemt":"","sfsi_plus_gutenburg_max_per_row":"","footnotes":""},"categories":[13],"tags":[],"class_list":["post-42765","post","type-post","status-publish","format-standard","has-post-thumbnail","hentry","category-esportes"],"_links":{"self":[{"href":"https:\/\/www.caririemacao.com\/1\/wp-json\/wp\/v2\/posts\/42765","targetHints":{"allow":["GET"]}}],"collection":[{"href":"https:\/\/www.caririemacao.com\/1\/wp-json\/wp\/v2\/posts"}],"about":[{"href":"https:\/\/www.caririemacao.com\/1\/wp-json\/wp\/v2\/types\/post"}],"author":[{"embeddable":true,"href":"https:\/\/www.caririemacao.com\/1\/wp-json\/wp\/v2\/users\/2"}],"replies":[{"embeddable":true,"href":"https:\/\/www.caririemacao.com\/1\/wp-json\/wp\/v2\/comments?post=42765"}],"version-history":[{"count":0,"href":"https:\/\/www.caririemacao.com\/1\/wp-json\/wp\/v2\/posts\/42765\/revisions"}],"wp:featuredmedia":[{"embeddable":true,"href":"https:\/\/www.caririemacao.com\/1\/wp-json\/wp\/v2\/media\/42769"}],"wp:attachment":[{"href":"https:\/\/www.caririemacao.com\/1\/wp-json\/wp\/v2\/media?parent=42765"}],"wp:term":[{"taxonomy":"category","embeddable":true,"href":"https:\/\/www.caririemacao.com\/1\/wp-json\/wp\/v2\/categories?post=42765"},{"taxonomy":"post_tag","embeddable":true,"href":"https:\/\/www.caririemacao.com\/1\/wp-json\/wp\/v2\/tags?post=42765"}],"curies":[{"name":"wp","href":"https:\/\/api.w.org\/{rel}","templated":true}]}}