{"id":42772,"date":"2018-03-02T18:38:40","date_gmt":"2018-03-02T21:38:40","guid":{"rendered":"http:\/\/caririemacao.com\/1\/?p=42772"},"modified":"2018-03-02T18:38:40","modified_gmt":"2018-03-02T21:38:40","slug":"ex-dirigente-da-federacao-peruana-garante-volta-aos-treinos-de-guerrero-na-segunda","status":"publish","type":"post","link":"https:\/\/www.caririemacao.com\/1\/2018\/03\/02\/ex-dirigente-da-federacao-peruana-garante-volta-aos-treinos-de-guerrero-na-segunda\/","title":{"rendered":"Ex-dirigente da federa\u00e7\u00e3o peruana garante volta aos treinos de Guerrero na segunda"},"content":{"rendered":"<div class=\"mc-column content-text active-extra-styles active-capital-letter\" data-block-type=\"unstyled\" data-block-weight=\"45\" data-block-id=\"1\">\n<p class=\"content-text__container theme-color-primary-first-letter\" data-track-category=\"Link no Texto\" data-track-links=\"\">O per\u00edodo de suspens\u00e3o de Paolo Guerrero est\u00e1 chegando ao fim. A partir desta segunda, 5 de mar\u00e7o, o centroavante poder\u00e1 voltar a treinar com os companheiros do Flamengo ou da sele\u00e7\u00e3o peruana, mas ainda n\u00e3o est\u00e1 liberado para disputar partidas oficiais e nem amistosos.<\/p>\n<\/div>\n<div class=\"mc-column content-text active-extra-styles \" data-block-type=\"unstyled\" data-block-weight=\"46\" data-block-id=\"3\">\n<p class=\"content-text__container \" data-track-category=\"Link no Texto\" data-track-links=\"\">Segundo Jos\u00e9 Luis Noriega, advogado e ex-presidente da Comiss\u00e3o de Justi\u00e7a da Federa\u00e7\u00e3o Peruana de Futebol, a Fifa permite a volta aos treinos com outros jogadores 60 dias antes do fim da puni\u00e7\u00e3o. A informa\u00e7\u00e3o foi publicada pelo jornal peruano &#8220;Diario Correo&#8221; e confirmada pelo GloboEsporte.com.<\/p>\n<\/div>\n<div class=\"mc-column content-text active-extra-styles \" data-block-type=\"unstyled\" data-block-weight=\"33\" data-block-id=\"4\">\n<p class=\"content-text__container \" data-track-category=\"Link no Texto\" data-track-links=\"\">A libera\u00e7\u00e3o se d\u00e1 pelo artigo 29, par\u00e1grafo 2 do C\u00f3digo Antidopagem da Fifa. Nele, diz que os \u00faltimos dois meses ou o quarto final da pena.<\/p>\n<\/div>\n<div class=\"mc-column content-text active-extra-styles \" data-block-type=\"unstyled\" data-block-weight=\"55\" data-block-id=\"5\">\n<p class=\"content-text__container \" data-track-category=\"Link no Texto\" data-track-links=\"\"><em>&#8220;Um jogador poder\u00e1 regressar ao treinamento com uma equipe ou ao uso das instala\u00e7\u00f5es de um clube ou outra organiza\u00e7\u00e3o membro da associa\u00e7\u00e3o membro da FIFA durante: (1) os \u00faltimos dois meses do per\u00edodo de suspens\u00e3o do jogador, ou (2) o \u00faltimo quarto do per\u00edodo de suspens\u00e3o imposto, se este for inferior a dois meses&#8221;<\/em><\/p>\n<\/div>\n<div class=\"mc-column content-text active-extra-styles \" data-block-type=\"unstyled\" data-block-weight=\"20\" data-block-id=\"6\">\n<p class=\"content-text__container \" data-track-category=\"Link no Texto\" data-track-links=\"\">O Flamengo ainda n\u00e3o confirma se o jogador voltar\u00e1 a usar as instala\u00e7\u00f5es do clube ou treinar com outros jogadores.<\/p>\n<\/div>\n<div class=\"content-ads content-ads--reveal\" data-block-type=\"ads\" data-block-id=\"8\">\u00a0<a href=\"http:\/\/caririemacao.com\/1\/wp-content\/uploads\/2018\/03\/13_1_WBxVW8r.jpg\"><img fetchpriority=\"high\" decoding=\"async\" class=\"aligncenter size-full wp-image-42773\" src=\"http:\/\/caririemacao.com\/1\/wp-content\/uploads\/2018\/03\/13_1_WBxVW8r.jpg\" alt=\"\" width=\"1600\" height=\"1194\" srcset=\"https:\/\/www.caririemacao.com\/1\/wp-content\/uploads\/2018\/03\/13_1_WBxVW8r.jpg 1600w, https:\/\/www.caririemacao.com\/1\/wp-content\/uploads\/2018\/03\/13_1_WBxVW8r-300x224.jpg 300w, https:\/\/www.caririemacao.com\/1\/wp-content\/uploads\/2018\/03\/13_1_WBxVW8r-768x573.jpg 768w, https:\/\/www.caririemacao.com\/1\/wp-content\/uploads\/2018\/03\/13_1_WBxVW8r-1024x764.jpg 1024w\" sizes=\"(max-width: 1600px) 100vw, 1600px\" \/><\/a><\/div>\n<div class=\"mc-column content-text active-extra-styles \" data-block-type=\"unstyled\" data-block-weight=\"3\" data-block-id=\"9\">\n<p class=\"content-text__container \" data-track-category=\"Link no Texto\" data-track-links=\"\"><strong>Relembre o caso<\/strong><\/p>\n<\/div>\n<div class=\"mc-column content-text active-extra-styles \" data-block-type=\"unstyled\" data-block-weight=\"59\" data-block-id=\"11\">\n<div class=\"mc-column content-text active-extra-styles \" data-block-type=\"unstyled\" data-block-weight=\"49\" data-block-id=\"10\">\n<p class=\"content-text__container \" data-track-category=\"Link no Texto\" data-track-links=\"\">Guerrero testou positivo para benzoilecgonina, principal metab\u00f3lito da coca\u00edna, em exame antidoping realizado ap\u00f3s o jogo entre Peru e Argentina, no dia 5 de outubro. A partida era v\u00e1lida pelas eliminat\u00f3rias da Copa do Mundo de 2018. Por causa disso, a Fifa suspendeu o atleta por 30 dias preventivamente.<\/p>\n<\/div>\n<div class=\"mc-column content-text active-extra-styles \" data-block-type=\"unstyled\" data-block-weight=\"59\" data-block-id=\"11\">\n<p class=\"content-text__container \" data-track-category=\"Link no Texto\" data-track-links=\"\">Originalmente, o peruano foi suspenso por um ano em novembro do ano passado, o que o tiraria da Copa do Mundo. A defesa do jogador entrou com um recurso e conseguiu a redu\u00e7\u00e3o da pena para seis meses, o que faz com que Guerrero esteja liberado para treinar em clubes e tamb\u00e9m livre para disputar a Copa do Mundo.<\/p>\n<\/div>\n<p><strong>CARIRI EM A\u00c7\u00c3O<\/strong><\/p>\n<p><em>Com GE\/Foto: GE<\/em><\/p>\n<p><strong>Leia mais not\u00edcias em\u00a0<\/strong><a href=\"http:\/\/www.caririemacao.com\/\"><strong>caririemacao.com<\/strong><\/a><strong>, siga nossa p\u00e1gina no\u00a0<\/strong><a href=\"https:\/\/www.facebook.com\/CaririEmAcao\/?ref=aymt_homepage_panel\"><strong>Facebook<\/strong><\/a>,<strong>\u00a0<\/strong><a href=\"https:\/\/www.instagram.com\/cariri_em_acao\/?hl=pt-br\"><strong>Instagram<\/strong><\/a><strong>\u00a0e\u00a0<\/strong><a href=\"https:\/\/www.youtube.com\/channel\/UCAptA0jQuYQy8vMhLt2m4qg\"><strong>Youtube<\/strong><\/a><strong>\u00a0e veja nossas mat\u00e9rias, v\u00eddeos e fotos. Voc\u00ea tamb\u00e9m pode enviar informa\u00e7\u00f5es \u00e0 Reda\u00e7\u00e3o do Portal Cariri em A\u00e7\u00e3o pelo WhatsApp (83) 9 9634.5791, (83) 9 9601-1162<\/strong><\/p>\n<\/div>\n","protected":false},"excerpt":{"rendered":"<p>O per\u00edodo de suspens\u00e3o de Paolo Guerrero est\u00e1 chegando ao fim. A partir desta segunda, 5 de mar\u00e7o, o centroavante poder\u00e1 voltar a treinar com&hellip; <\/p>\n","protected":false},"author":2,"featured_media":42774,"comment_status":"closed","ping_status":"closed","sticky":false,"template":"","format":"standard","meta":{"sfsi_plus_gutenberg_text_before_share":"","sfsi_plus_gutenberg_show_text_before_share":"","sfsi_plus_gutenberg_icon_type":"","sfsi_plus_gutenberg_icon_alignemt":"","sfsi_plus_gutenburg_max_per_row":"","footnotes":""},"categories":[13],"tags":[],"class_list":["post-42772","post","type-post","status-publish","format-standard","has-post-thumbnail","hentry","category-esportes"],"_links":{"self":[{"href":"https:\/\/www.caririemacao.com\/1\/wp-json\/wp\/v2\/posts\/42772","targetHints":{"allow":["GET"]}}],"collection":[{"href":"https:\/\/www.caririemacao.com\/1\/wp-json\/wp\/v2\/posts"}],"about":[{"href":"https:\/\/www.caririemacao.com\/1\/wp-json\/wp\/v2\/types\/post"}],"author":[{"embeddable":true,"href":"https:\/\/www.caririemacao.com\/1\/wp-json\/wp\/v2\/users\/2"}],"replies":[{"embeddable":true,"href":"https:\/\/www.caririemacao.com\/1\/wp-json\/wp\/v2\/comments?post=42772"}],"version-history":[{"count":0,"href":"https:\/\/www.caririemacao.com\/1\/wp-json\/wp\/v2\/posts\/42772\/revisions"}],"wp:featuredmedia":[{"embeddable":true,"href":"https:\/\/www.caririemacao.com\/1\/wp-json\/wp\/v2\/media\/42774"}],"wp:attachment":[{"href":"https:\/\/www.caririemacao.com\/1\/wp-json\/wp\/v2\/media?parent=42772"}],"wp:term":[{"taxonomy":"category","embeddable":true,"href":"https:\/\/www.caririemacao.com\/1\/wp-json\/wp\/v2\/categories?post=42772"},{"taxonomy":"post_tag","embeddable":true,"href":"https:\/\/www.caririemacao.com\/1\/wp-json\/wp\/v2\/tags?post=42772"}],"curies":[{"name":"wp","href":"https:\/\/api.w.org\/{rel}","templated":true}]}}