{"id":42782,"date":"2018-03-02T19:39:50","date_gmt":"2018-03-02T22:39:50","guid":{"rendered":"http:\/\/caririemacao.com\/1\/?p=42782"},"modified":"2018-03-02T19:39:50","modified_gmt":"2018-03-02T22:39:50","slug":"agua-do-mar-invade-orla-e-causa-estragos-no-litoral-da-pb","status":"publish","type":"post","link":"https:\/\/www.caririemacao.com\/1\/2018\/03\/02\/agua-do-mar-invade-orla-e-causa-estragos-no-litoral-da-pb\/","title":{"rendered":"\u00c1gua do mar invade orla e causa estragos no Litoral da PB"},"content":{"rendered":"<p>A\u00a0ressaca do mar que atinge o litoral paraibano\u00a0fez a \u00e1gua invadir trechos da Orla de Jo\u00e3o Pessoa na tarde desta sexta-feira (2).<\/p>\n<p>Em v\u00eddeos gravados por internautas, a \u00e1gua do mar avan\u00e7a a cal\u00e7adinha da orla e chega at\u00e9 o asfalto da Avenida Cabo Branco. O mesmo tamb\u00e9m foi registrado na praia de Tamba\u00fa.<\/p>\n<p>Em Ba\u00eda da Trai\u00e7\u00e3o, no Litoral Norte, a ressaca causou estragos em casas e v\u00e1rias ruas da cidade.<\/p>\n<p>Segundo a Capitania dos Portos, as ondas da ressaca chegam aos 2,5 metros e o alerta est\u00e1 valendo at\u00e9 as 21h desta sexta-feira (2).<\/p>\n<p><strong>CARIRI EM A\u00c7\u00c3O<\/strong><\/p>\n<p><em>Com Ascom \/Foto: Reprodu\u00e7\u00e3o\u00a0<\/em><\/p>\n<p><strong>Leia mais not\u00edcias em\u00a0<\/strong><a href=\"http:\/\/www.caririemacao.com\/\"><strong>caririemacao.com<\/strong><\/a><strong>, siga nossa p\u00e1gina no\u00a0<\/strong><a href=\"https:\/\/www.facebook.com\/CaririEmAcao\/?ref=aymt_homepage_panel\"><strong>Facebook<\/strong><\/a>,<strong>\u00a0<\/strong><a href=\"https:\/\/www.instagram.com\/cariri_em_acao\/?hl=pt-br\"><strong>Instagram<\/strong><\/a><strong>\u00a0e\u00a0<\/strong><a href=\"https:\/\/www.youtube.com\/channel\/UCAptA0jQuYQy8vMhLt2m4qg\"><strong>Youtube<\/strong><\/a><strong>\u00a0e veja nossas mat\u00e9rias, v\u00eddeos e fotos. Voc\u00ea tamb\u00e9m pode enviar informa\u00e7\u00f5es \u00e0 Reda\u00e7\u00e3o do Portal Cariri em A\u00e7\u00e3o pelo WhatsApp (83) 9 9634.5791, (83) 9 9601-1162.<\/strong><\/p>\n","protected":false},"excerpt":{"rendered":"<p>A\u00a0ressaca do mar que atinge o litoral paraibano\u00a0fez a \u00e1gua invadir trechos da Orla de Jo\u00e3o Pessoa na tarde desta sexta-feira (2). Em v\u00eddeos gravados&hellip; <\/p>\n","protected":false},"author":2,"featured_media":42784,"comment_status":"closed","ping_status":"closed","sticky":false,"template":"","format":"standard","meta":{"sfsi_plus_gutenberg_text_before_share":"","sfsi_plus_gutenberg_show_text_before_share":"","sfsi_plus_gutenberg_icon_type":"","sfsi_plus_gutenberg_icon_alignemt":"","sfsi_plus_gutenburg_max_per_row":"","footnotes":""},"categories":[2],"tags":[],"class_list":["post-42782","post","type-post","status-publish","format-standard","has-post-thumbnail","hentry","category-geral"],"_links":{"self":[{"href":"https:\/\/www.caririemacao.com\/1\/wp-json\/wp\/v2\/posts\/42782","targetHints":{"allow":["GET"]}}],"collection":[{"href":"https:\/\/www.caririemacao.com\/1\/wp-json\/wp\/v2\/posts"}],"about":[{"href":"https:\/\/www.caririemacao.com\/1\/wp-json\/wp\/v2\/types\/post"}],"author":[{"embeddable":true,"href":"https:\/\/www.caririemacao.com\/1\/wp-json\/wp\/v2\/users\/2"}],"replies":[{"embeddable":true,"href":"https:\/\/www.caririemacao.com\/1\/wp-json\/wp\/v2\/comments?post=42782"}],"version-history":[{"count":0,"href":"https:\/\/www.caririemacao.com\/1\/wp-json\/wp\/v2\/posts\/42782\/revisions"}],"wp:featuredmedia":[{"embeddable":true,"href":"https:\/\/www.caririemacao.com\/1\/wp-json\/wp\/v2\/media\/42784"}],"wp:attachment":[{"href":"https:\/\/www.caririemacao.com\/1\/wp-json\/wp\/v2\/media?parent=42782"}],"wp:term":[{"taxonomy":"category","embeddable":true,"href":"https:\/\/www.caririemacao.com\/1\/wp-json\/wp\/v2\/categories?post=42782"},{"taxonomy":"post_tag","embeddable":true,"href":"https:\/\/www.caririemacao.com\/1\/wp-json\/wp\/v2\/tags?post=42782"}],"curies":[{"name":"wp","href":"https:\/\/api.w.org\/{rel}","templated":true}]}}