{"id":42787,"date":"2018-03-02T20:40:29","date_gmt":"2018-03-02T23:40:29","guid":{"rendered":"http:\/\/caririemacao.com\/1\/?p=42787"},"modified":"2018-03-02T20:40:29","modified_gmt":"2018-03-02T23:40:29","slug":"paraiba-supera-meta-de-cirurgias-eletivas-e-garante-mais-de-r-25-milhoes-para-2018","status":"publish","type":"post","link":"https:\/\/www.caririemacao.com\/1\/2018\/03\/02\/paraiba-supera-meta-de-cirurgias-eletivas-e-garante-mais-de-r-25-milhoes-para-2018\/","title":{"rendered":"Para\u00edba supera meta de cirurgias eletivas e garante mais de R$ 2,5 milh\u00f5es para 2018"},"content":{"rendered":"<p>O Governo da Para\u00edba, por meio da Secretaria de Estado da Sa\u00fade (SES) realizou no segundo semestre de 2017 um total de 4.716 cirurgias eletivas, atingindo 119% do recurso pactuado com o Minist\u00e9rio da Sa\u00fade. Desta forma, de acordo com a Portaria n\u00ba 397, de 21 de fevereiro de 2018, que redefine recursos financeiros apenas para os executantes que excederam seus tetos financeiros pactuados em CIB\/2017, o Estado garante para exerc\u00edcio em 2018 o valor de R$ 2.527.008,09.<\/p>\n<p>Ap\u00f3s a an\u00e1lise dos dados pelo Minist\u00e9rio da Sa\u00fade (considerando crit\u00e9rios como nome, cart\u00e3o do SUS, sexo, data de nascimento, munic\u00edpio, c\u00f3digo de procedimento e a data da solicita\u00e7\u00e3o), em julho de 2017, a\u00a0lista \u00fanica da Para\u00edba foi aprovada pelo sistema com 5.496 usu\u00e1rios, pertencentes a 155 munic\u00edpios do Estado. Ficaram 6.057 pacientes com pend\u00eancias nos campos obrigat\u00f3rios por parte do Minist\u00e9rio da Sa\u00fade e, sendo assim, com procedimentos n\u00e3o autorizados.<\/p>\n<p>Considerando que na Para\u00edba os munic\u00edpios s\u00e3o gestores plenos da sa\u00fade e que \u00e9 necess\u00e1ria infraestrutura hospitalar para os procedimentos, ficou acordado em reuni\u00e3o que, para a realiza\u00e7\u00e3o das cirurgias eletivas, as listas dos munic\u00edpios de Cajazeiras, Catol\u00e9 do Rocha, Guarabira, Itabaiana, Monteiro, Mamanguape, Sousa, Patos, Pianc\u00f3, Picu\u00ed, Pombal, Princesa Isabel e Queimadas ficariam sob a responsabilidade do Governo da Para\u00edba, j\u00e1 que seriam realizados em Hospitais Regionais de gest\u00e3o estadual.<\/p>\n<p>\u201cO cumprimento da demanda foi acompanhado mensalmente pela SES, com cobran\u00e7as quanto ao cumprimento pactuado junto aos executores e, chegando ao t\u00e9rmino do prazo estabelecido pela portaria, o cen\u00e1rio se deu, em gest\u00e3o estadual, o \u00fanico executante a cumprir o pactuado com o Minist\u00e9rio da Sa\u00fade\u201d, disse a secretaria estadual de Sa\u00fade, Claudia Veras.<\/p>\n<p><strong>Cirurgias eletivas<\/strong>\u00a0\u2013 Em 2017, foram feitas mais de 80,6 mil cirurgias eletivas no Brasil. Entre as cirurgias eletivas est\u00e3o previstos procedimentos de m\u00e9dia e alta complexidade, sem car\u00e1ter de urg\u00eancia, como cirurgias de pele, tecido subcut\u00e2neo, oftalmol\u00f3gicas; cirurgias das gl\u00e2ndulas end\u00f3crinas; cirurgias do sistema nervoso central e perif\u00e9rico; cirurgias das vias a\u00e9reas superiores, da face, cabe\u00e7a e pesco\u00e7o; cirurgias e oncol\u00f3gicas; cirurgias do aparelho circulat\u00f3rio e digestivo e cirurgias do aparelho osteomuscular.<\/p>\n<p>O modelo de fila \u00fanica para cirurgias eletivas foi adotado no ano passado em uma a\u00e7\u00e3o conjunta entre o Minist\u00e9rio da Sa\u00fade, Estados e Munic\u00edpios. Para receberem os recursos, Estados e Munic\u00edpios devem estar com a fila \u00fanica atualizada e cadastrada junto ao Governo Federal.<\/p>\n<p><strong>CARIRI EM A\u00c7\u00c3O<\/strong><\/p>\n<p><em>Com Wscom\/Foto: Reprodu\u00e7\u00e3o google<\/em><\/p>\n<p><strong>Leia mais not\u00edcias em\u00a0<\/strong><a href=\"http:\/\/www.caririemacao.com\/\"><strong>caririemacao.com<\/strong><\/a><strong>, siga nossa p\u00e1gina no\u00a0<\/strong><a href=\"https:\/\/www.facebook.com\/CaririEmAcao\/?ref=aymt_homepage_panel\"><strong>Facebook<\/strong><\/a>,<strong>\u00a0<\/strong><a href=\"https:\/\/www.instagram.com\/cariri_em_acao\/?hl=pt-br\"><strong>Instagram<\/strong><\/a><strong>\u00a0e\u00a0<\/strong><a href=\"https:\/\/www.youtube.com\/channel\/UCAptA0jQuYQy8vMhLt2m4qg\"><strong>Youtube<\/strong><\/a><strong>\u00a0e veja nossas mat\u00e9rias, v\u00eddeos e fotos. Voc\u00ea tamb\u00e9m pode enviar informa\u00e7\u00f5es \u00e0 Reda\u00e7\u00e3o do Portal Cariri em A\u00e7\u00e3o pelo WhatsApp (83) 9 9634.5791, (83) 9 9601-1162.<\/strong><\/p>\n","protected":false},"excerpt":{"rendered":"<p>O Governo da Para\u00edba, por meio da Secretaria de Estado da Sa\u00fade (SES) realizou no segundo semestre de 2017 um total de 4.716 cirurgias eletivas,&hellip; <\/p>\n","protected":false},"author":2,"featured_media":42788,"comment_status":"closed","ping_status":"closed","sticky":false,"template":"","format":"standard","meta":{"sfsi_plus_gutenberg_text_before_share":"","sfsi_plus_gutenberg_show_text_before_share":"","sfsi_plus_gutenberg_icon_type":"","sfsi_plus_gutenberg_icon_alignemt":"","sfsi_plus_gutenburg_max_per_row":"","footnotes":""},"categories":[16],"tags":[],"class_list":["post-42787","post","type-post","status-publish","format-standard","has-post-thumbnail","hentry","category-saude"],"_links":{"self":[{"href":"https:\/\/www.caririemacao.com\/1\/wp-json\/wp\/v2\/posts\/42787","targetHints":{"allow":["GET"]}}],"collection":[{"href":"https:\/\/www.caririemacao.com\/1\/wp-json\/wp\/v2\/posts"}],"about":[{"href":"https:\/\/www.caririemacao.com\/1\/wp-json\/wp\/v2\/types\/post"}],"author":[{"embeddable":true,"href":"https:\/\/www.caririemacao.com\/1\/wp-json\/wp\/v2\/users\/2"}],"replies":[{"embeddable":true,"href":"https:\/\/www.caririemacao.com\/1\/wp-json\/wp\/v2\/comments?post=42787"}],"version-history":[{"count":0,"href":"https:\/\/www.caririemacao.com\/1\/wp-json\/wp\/v2\/posts\/42787\/revisions"}],"wp:featuredmedia":[{"embeddable":true,"href":"https:\/\/www.caririemacao.com\/1\/wp-json\/wp\/v2\/media\/42788"}],"wp:attachment":[{"href":"https:\/\/www.caririemacao.com\/1\/wp-json\/wp\/v2\/media?parent=42787"}],"wp:term":[{"taxonomy":"category","embeddable":true,"href":"https:\/\/www.caririemacao.com\/1\/wp-json\/wp\/v2\/categories?post=42787"},{"taxonomy":"post_tag","embeddable":true,"href":"https:\/\/www.caririemacao.com\/1\/wp-json\/wp\/v2\/tags?post=42787"}],"curies":[{"name":"wp","href":"https:\/\/api.w.org\/{rel}","templated":true}]}}