{"id":42790,"date":"2018-03-02T20:43:46","date_gmt":"2018-03-02T23:43:46","guid":{"rendered":"http:\/\/caririemacao.com\/1\/?p=42790"},"modified":"2018-03-02T20:43:46","modified_gmt":"2018-03-02T23:43:46","slug":"projeto-preve-ressarcimento-de-taxa-de-inscricao-por-adiamento-de-provas-de-concurso","status":"publish","type":"post","link":"https:\/\/www.caririemacao.com\/1\/2018\/03\/02\/projeto-preve-ressarcimento-de-taxa-de-inscricao-por-adiamento-de-provas-de-concurso\/","title":{"rendered":"Projeto prev\u00ea ressarcimento de taxa de inscri\u00e7\u00e3o por adiamento de provas de concurso"},"content":{"rendered":"<p>O Projeto de Lei (PL \u2013 9662\/2018) de autoria do deputado federal Pedro Cunha Lima (PSDB), em tramita\u00e7\u00e3o na C\u00e2mara dos Deputados, estabelece que a banca organizadora de concursos p\u00fablicos ou vestibulares fica obrigada a ressarcir os preju\u00edzos comprovadamente causados aos candidatos em raz\u00e3o de adiamento da data da prova estabelecida em edital ou de cancelamento do certame.<\/p>\n<p>De acordo com o deputado, o objetivo do projeto \u00e9 gerar um respaldo legal para salvaguardar essas pessoas que s\u00e3o prejudicadas por imprevistos ocasionados pelos organizadores das provas. \u201cAl\u00e9m do desgaste mental ocasionado pelos meses e at\u00e9 anos de estudo para o concurso cancelado, candidatos, principalmente de outras regi\u00f5es, s\u00e3o prejudicados financeiramente, com reservas de passagem e hospedagem nos locais onde ocorreriam as avalia\u00e7\u00f5es\u201d, argumentou Pedro.<\/p>\n<p>A jurisprud\u00eancia mostra que a banca organizadora pode at\u00e9 alterar a data de realiza\u00e7\u00e3o de certame e tamb\u00e9m cancel\u00e1-lo. Entretanto, ter\u00e1 que responder pelos poss\u00edveis preju\u00edzos decorrentes, pois o \u00a7 6\u00ba do art. 37 da Constitui\u00e7\u00e3o Federal preceitua que as pessoas jur\u00eddicas de direito p\u00fablico e as de direito privado prestadoras de servi\u00e7os p\u00fablicos responder\u00e3o pelos danos que seus agentes, nessa qualidade, causarem a terceiros.<\/p>\n<p>Pedro lembrou ainda que os tribunais estaduais e federais atualmente t\u00eam adotado o entendimento de que os danos materiais com inscri\u00e7\u00e3o, deslocamento e hospedagem devem ser plenamente ressarcidos pelo \u00f3rg\u00e3o respons\u00e1vel pela elabora\u00e7\u00e3o do processo seletivo quando este promove o adiamento da prova ou seu cancelamento.<\/p>\n<p>\u201cAl\u00e9m disso, o Supremo Tribunal Federal j\u00e1 decidiu que as bancas organizadoras assumem os riscos e a responsabilidade decorrentes das demandas que eventualmente surjam em raz\u00e3o de preju\u00edzos ocasionados aos candidatos, pois ela \u00e9 contratada para realizar o processo seletivo de maneira segura, devendo se responsabilizar pela n\u00e3o execu\u00e7\u00e3o satisfat\u00f3ria dos servi\u00e7os para os quais foi contratada\u201d, destacou o autor do projeto.<\/p>\n<p><strong>CARIRI EM A\u00c7\u00c3O<\/strong><\/p>\n<p><em>Com Wscom\/Foto: Reprodu\u00e7\u00e3o google<\/em><\/p>\n<p><strong>Leia mais not\u00edcias em\u00a0<\/strong><a href=\"http:\/\/www.caririemacao.com\/\"><strong>caririemacao.com<\/strong><\/a><strong>, siga nossa p\u00e1gina no\u00a0<\/strong><a href=\"https:\/\/www.facebook.com\/CaririEmAcao\/?ref=aymt_homepage_panel\"><strong>Facebook<\/strong><\/a>,<strong>\u00a0<\/strong><a href=\"https:\/\/www.instagram.com\/cariri_em_acao\/?hl=pt-br\"><strong>Instagram<\/strong><\/a><strong>\u00a0e\u00a0<\/strong><a href=\"https:\/\/www.youtube.com\/channel\/UCAptA0jQuYQy8vMhLt2m4qg\"><strong>Youtube<\/strong><\/a><strong>\u00a0e veja nossas mat\u00e9rias, v\u00eddeos e fotos. Voc\u00ea tamb\u00e9m pode enviar informa\u00e7\u00f5es \u00e0 Reda\u00e7\u00e3o do Portal Cariri em A\u00e7\u00e3o pelo WhatsApp (83) 9 9634.5791, (83) 9 9601-1162.<\/strong><\/p>\n","protected":false},"excerpt":{"rendered":"<p>O Projeto de Lei (PL \u2013 9662\/2018) de autoria do deputado federal Pedro Cunha Lima (PSDB), em tramita\u00e7\u00e3o na C\u00e2mara dos Deputados, estabelece que a&hellip; <\/p>\n","protected":false},"author":2,"featured_media":42791,"comment_status":"closed","ping_status":"closed","sticky":false,"template":"","format":"standard","meta":{"sfsi_plus_gutenberg_text_before_share":"","sfsi_plus_gutenberg_show_text_before_share":"","sfsi_plus_gutenberg_icon_type":"","sfsi_plus_gutenberg_icon_alignemt":"","sfsi_plus_gutenburg_max_per_row":"","footnotes":""},"categories":[2],"tags":[],"class_list":["post-42790","post","type-post","status-publish","format-standard","has-post-thumbnail","hentry","category-geral"],"_links":{"self":[{"href":"https:\/\/www.caririemacao.com\/1\/wp-json\/wp\/v2\/posts\/42790","targetHints":{"allow":["GET"]}}],"collection":[{"href":"https:\/\/www.caririemacao.com\/1\/wp-json\/wp\/v2\/posts"}],"about":[{"href":"https:\/\/www.caririemacao.com\/1\/wp-json\/wp\/v2\/types\/post"}],"author":[{"embeddable":true,"href":"https:\/\/www.caririemacao.com\/1\/wp-json\/wp\/v2\/users\/2"}],"replies":[{"embeddable":true,"href":"https:\/\/www.caririemacao.com\/1\/wp-json\/wp\/v2\/comments?post=42790"}],"version-history":[{"count":0,"href":"https:\/\/www.caririemacao.com\/1\/wp-json\/wp\/v2\/posts\/42790\/revisions"}],"wp:featuredmedia":[{"embeddable":true,"href":"https:\/\/www.caririemacao.com\/1\/wp-json\/wp\/v2\/media\/42791"}],"wp:attachment":[{"href":"https:\/\/www.caririemacao.com\/1\/wp-json\/wp\/v2\/media?parent=42790"}],"wp:term":[{"taxonomy":"category","embeddable":true,"href":"https:\/\/www.caririemacao.com\/1\/wp-json\/wp\/v2\/categories?post=42790"},{"taxonomy":"post_tag","embeddable":true,"href":"https:\/\/www.caririemacao.com\/1\/wp-json\/wp\/v2\/tags?post=42790"}],"curies":[{"name":"wp","href":"https:\/\/api.w.org\/{rel}","templated":true}]}}