{"id":42793,"date":"2018-03-02T20:46:35","date_gmt":"2018-03-02T23:46:35","guid":{"rendered":"http:\/\/caririemacao.com\/1\/?p=42793"},"modified":"2018-03-02T20:46:35","modified_gmt":"2018-03-02T23:46:35","slug":"seis-partidos-se-antecipam-e-fecham-alianca-proporcional","status":"publish","type":"post","link":"https:\/\/www.caririemacao.com\/1\/2018\/03\/02\/seis-partidos-se-antecipam-e-fecham-alianca-proporcional\/","title":{"rendered":"Seis partidos se antecipam e fecham alian\u00e7a proporcional"},"content":{"rendered":"<p>Em reuni\u00e3o realizada ontem na sede do PRTB, seis partidos j\u00e1 se anteciparam, antes mesmo do prazo final de filia\u00e7\u00f5es de 7 de abril, e decidiram marchar juntos para disputar as elei\u00e7\u00f5es de deputados estadual e federal nas elei\u00e7\u00f5es de outubro.<\/p>\n<p>Al\u00e9m do PRTB, estiveram presentes na reuni\u00e3o dirigentes do PPS, Rede, PV, DEM e Podemos. Os seis partidos juntos j\u00e1 somam mais de 70 candidatos a Assembleia e em torno de 20 nomes para a C\u00e2mara Federal. Algumas dessas legendas far\u00e3o alian\u00e7a apenas no \u00e2mbito estadual e outras para o Congresso Nacional.<\/p>\n<p>O presidente do PRTB, F\u00e1bio Carneiro, disse que a decis\u00e3o destas legendas em se unirem desde j\u00e1 \u201cpassa uma seguran\u00e7a a todos os candidatos que j\u00e1 est\u00e3o filiados e os que ainda est\u00e3o procurando coliga\u00e7\u00f5es que ofere\u00e7am a possiblidade de se competir em boas condi\u00e7\u00f5es de competitividade\u201d.<\/p>\n<p>J\u00e1 o vice-presidente do PPS, Ronaldo Guerra, defendeu que essas seis legendas passem a atuar como se fossem um \u00fanico partido a partir desta reuni\u00e3o. \u201cO importante \u00e9 que se respeite os mesmos crit\u00e9rios de disputas para que fique bem claro quais s\u00e3o as regras e os objetivos que iremos alcan\u00e7ar\u201d.<\/p>\n<p>Um dos coordenadores da Rede presentes \u00e0 reuni\u00e3o, Gerson Vasconcelos, disse que este grupo de partidos precisa estar aberto tamb\u00e9m a outras legendas que venham somar e tenham o mesmo perfil, podendo a alian\u00e7a ser feita separadamente para deputado federal e para os que pleiteiam um<br \/>\nmandato legislativo.<\/p>\n<p>Estiveram presentes \u00e0 reuni\u00e3o os dirigentes partid\u00e1rios Sargento Denis e Maristela Mendon\u00e7a, pelo PV, Raoni Mendes, do DEM; F\u00e1bio Carneiro e Eduardo Carneiro, PRTB; Bruno Farias, Nonato Bandeira e Ronaldo Guerra, PPS; Galego do Leite, do Podemos; e pela Rede Sustentabilidade Gobira, Ronaldo Luiz, Gerson Vasconcelos, Luciano Angelim e Emanuel Furtado.<\/p>\n<p><strong>CARIRI EM A\u00c7\u00c3O<\/strong><\/p>\n<p><em>Com Wscom\/Foto: Reprodu\u00e7\u00e3o google<\/em><\/p>\n<p><strong>Leia mais not\u00edcias em\u00a0<\/strong><a href=\"http:\/\/www.caririemacao.com\/\"><strong>caririemacao.com<\/strong><\/a><strong>, siga nossa p\u00e1gina no\u00a0<\/strong><a href=\"https:\/\/www.facebook.com\/CaririEmAcao\/?ref=aymt_homepage_panel\"><strong>Facebook<\/strong><\/a>,<strong>\u00a0<\/strong><a href=\"https:\/\/www.instagram.com\/cariri_em_acao\/?hl=pt-br\"><strong>Instagram<\/strong><\/a><strong>\u00a0e\u00a0<\/strong><a href=\"https:\/\/www.youtube.com\/channel\/UCAptA0jQuYQy8vMhLt2m4qg\"><strong>Youtube<\/strong><\/a><strong>\u00a0e veja nossas mat\u00e9rias, v\u00eddeos e fotos. Voc\u00ea tamb\u00e9m pode enviar informa\u00e7\u00f5es \u00e0 Reda\u00e7\u00e3o do Portal Cariri em A\u00e7\u00e3o pelo WhatsApp (83) 9 9634.5791, (83) 9 9601-1162.<\/strong><\/p>\n","protected":false},"excerpt":{"rendered":"<p>Em reuni\u00e3o realizada ontem na sede do PRTB, seis partidos j\u00e1 se anteciparam, antes mesmo do prazo final de filia\u00e7\u00f5es de 7 de abril, e&hellip; <\/p>\n","protected":false},"author":2,"featured_media":42794,"comment_status":"closed","ping_status":"closed","sticky":false,"template":"","format":"standard","meta":{"sfsi_plus_gutenberg_text_before_share":"","sfsi_plus_gutenberg_show_text_before_share":"","sfsi_plus_gutenberg_icon_type":"","sfsi_plus_gutenberg_icon_alignemt":"","sfsi_plus_gutenburg_max_per_row":"","footnotes":""},"categories":[1],"tags":[],"class_list":["post-42793","post","type-post","status-publish","format-standard","has-post-thumbnail","hentry","category-o-site"],"_links":{"self":[{"href":"https:\/\/www.caririemacao.com\/1\/wp-json\/wp\/v2\/posts\/42793","targetHints":{"allow":["GET"]}}],"collection":[{"href":"https:\/\/www.caririemacao.com\/1\/wp-json\/wp\/v2\/posts"}],"about":[{"href":"https:\/\/www.caririemacao.com\/1\/wp-json\/wp\/v2\/types\/post"}],"author":[{"embeddable":true,"href":"https:\/\/www.caririemacao.com\/1\/wp-json\/wp\/v2\/users\/2"}],"replies":[{"embeddable":true,"href":"https:\/\/www.caririemacao.com\/1\/wp-json\/wp\/v2\/comments?post=42793"}],"version-history":[{"count":0,"href":"https:\/\/www.caririemacao.com\/1\/wp-json\/wp\/v2\/posts\/42793\/revisions"}],"wp:featuredmedia":[{"embeddable":true,"href":"https:\/\/www.caririemacao.com\/1\/wp-json\/wp\/v2\/media\/42794"}],"wp:attachment":[{"href":"https:\/\/www.caririemacao.com\/1\/wp-json\/wp\/v2\/media?parent=42793"}],"wp:term":[{"taxonomy":"category","embeddable":true,"href":"https:\/\/www.caririemacao.com\/1\/wp-json\/wp\/v2\/categories?post=42793"},{"taxonomy":"post_tag","embeddable":true,"href":"https:\/\/www.caririemacao.com\/1\/wp-json\/wp\/v2\/tags?post=42793"}],"curies":[{"name":"wp","href":"https:\/\/api.w.org\/{rel}","templated":true}]}}