{"id":42796,"date":"2018-03-02T20:49:32","date_gmt":"2018-03-02T23:49:32","guid":{"rendered":"http:\/\/caririemacao.com\/1\/?p=42796"},"modified":"2018-03-02T20:49:32","modified_gmt":"2018-03-02T23:49:32","slug":"galloro-assume-policia-federal-e-diz-que-lava-jato-continuara-forte","status":"publish","type":"post","link":"https:\/\/www.caririemacao.com\/1\/2018\/03\/02\/galloro-assume-policia-federal-e-diz-que-lava-jato-continuara-forte\/","title":{"rendered":"Galloro assume Pol\u00edcia Federal e diz que Lava Jato continuar\u00e1 forte"},"content":{"rendered":"<div class=\"node-info\">O novo diretor-geral da Pol\u00edcia Federal (PF), Rog\u00e9rio Galloro, disse hoje (2) que a Opera\u00e7\u00e3o Lava Jato continuar\u00e1 \u201cforte\u201d. Ao discursar durante a cerim\u00f4nia de posse no cargo, ele destacou que sua gest\u00e3o no comando do \u00f3rg\u00e3o buscar\u00e1 valorizar servidores e aprofundar a integra\u00e7\u00e3o de suas unidades. Galloro assume a dire\u00e7\u00e3o no lugar de Fernando Seg\u00f3via.<\/div>\n<div class=\"content\">\n<p>\u201cAs conquistas dos \u00faltimos anos s\u00e3o marcantes para a PF e indel\u00e9veis para a hist\u00f3ria da institui\u00e7\u00e3o. Essa responsabilidade s\u00f3 ser\u00e1 respeitada com dedica\u00e7\u00e3o, fidelidade constitucional e coragem\u201d, disse o novo diretor.<\/p>\n<p>Galloro disse que a equipe que atua na Lava Jato continuar\u00e1 \u201c\u00edntegra\u201d e reafirmou o compromisso assumido pelo ministro extrordin\u00e1rio da Seguran\u00e7a P\u00fablica, Raul Jungmann, de refor\u00e7ar o time.<\/p>\n<p><strong>Futuro<\/strong><\/p>\n<p>Para Galloro, o futuro da PF passa pela necessidade de valorizar servidores e contratados da institui\u00e7\u00e3o, e de aprofundar a integra\u00e7\u00e3o das unidades.<\/p>\n<p>\u201cEssa \u00e9 uma condi\u00e7\u00e3o basilar. O crime n\u00e3o \u00e9 mais forte do que o Estado brasileiro. Iniciei minha carreira em uma unidade descentralizadas em S\u00e3o Paulo. Elas devem ser objeto de nossa dedica\u00e7\u00e3o, porque \u00e9 l\u00e1 que entendemos estar o desafio de ser da Pol\u00edcia Federal\u201d, ressaltou Galloro, ap\u00f3s citar uma frase atribu\u00edda ao l\u00edder sul africano Nelson Mandella: \u201cCoragem n\u00e3o \u00e9 falta de medo, mas triunfo sobre ele\u201d.<\/p>\n<p><strong>Indica\u00e7\u00f5es<\/strong><\/p>\n<p>Na gest\u00e3o de Galloro, a Diretoria-Executiva ser\u00e1 ocupada por Silvana Helena Borges; o diretor de Combate ao Crime Organizado ser\u00e1 Elzio Vicente da Silva; a Diretoria de Intelig\u00eancia Policial (DIP) ficar\u00e1 a cargo de Umberto Ramos Rodrigues. A Diretoria de Gest\u00e3o de Pessoal ter\u00e1 no comando Delano Bunn, e a Diretoria de Log\u00edstica, Fabricio Kelmer.<\/p>\n<p><strong>CARIRI EM A\u00c7\u00c3O<\/strong><\/p>\n<p><em>Com Wscom\/Foto: Reprodu\u00e7\u00e3o google<\/em><\/p>\n<p><strong>Leia mais not\u00edcias em\u00a0<\/strong><a href=\"http:\/\/www.caririemacao.com\/\"><strong>caririemacao.com<\/strong><\/a><strong>, siga nossa p\u00e1gina no\u00a0<\/strong><a href=\"https:\/\/www.facebook.com\/CaririEmAcao\/?ref=aymt_homepage_panel\"><strong>Facebook<\/strong><\/a>,<strong>\u00a0<\/strong><a href=\"https:\/\/www.instagram.com\/cariri_em_acao\/?hl=pt-br\"><strong>Instagram<\/strong><\/a><strong>\u00a0e\u00a0<\/strong><a href=\"https:\/\/www.youtube.com\/channel\/UCAptA0jQuYQy8vMhLt2m4qg\"><strong>Youtube<\/strong><\/a><strong>\u00a0e veja nossas mat\u00e9rias, v\u00eddeos e fotos. Voc\u00ea tamb\u00e9m pode enviar informa\u00e7\u00f5es \u00e0 Reda\u00e7\u00e3o do Portal Cariri em A\u00e7\u00e3o pelo WhatsApp (83) 9 9634.5791, (83) 9 9601-1162.<\/strong><\/p>\n<\/div>\n","protected":false},"excerpt":{"rendered":"<p>O novo diretor-geral da Pol\u00edcia Federal (PF), Rog\u00e9rio Galloro, disse hoje (2) que a Opera\u00e7\u00e3o Lava Jato continuar\u00e1 \u201cforte\u201d. Ao discursar durante a cerim\u00f4nia de&hellip; <\/p>\n","protected":false},"author":2,"featured_media":42797,"comment_status":"closed","ping_status":"closed","sticky":false,"template":"","format":"standard","meta":{"sfsi_plus_gutenberg_text_before_share":"","sfsi_plus_gutenberg_show_text_before_share":"","sfsi_plus_gutenberg_icon_type":"","sfsi_plus_gutenberg_icon_alignemt":"","sfsi_plus_gutenburg_max_per_row":"","footnotes":""},"categories":[11],"tags":[],"class_list":["post-42796","post","type-post","status-publish","format-standard","has-post-thumbnail","hentry","category-politica"],"_links":{"self":[{"href":"https:\/\/www.caririemacao.com\/1\/wp-json\/wp\/v2\/posts\/42796","targetHints":{"allow":["GET"]}}],"collection":[{"href":"https:\/\/www.caririemacao.com\/1\/wp-json\/wp\/v2\/posts"}],"about":[{"href":"https:\/\/www.caririemacao.com\/1\/wp-json\/wp\/v2\/types\/post"}],"author":[{"embeddable":true,"href":"https:\/\/www.caririemacao.com\/1\/wp-json\/wp\/v2\/users\/2"}],"replies":[{"embeddable":true,"href":"https:\/\/www.caririemacao.com\/1\/wp-json\/wp\/v2\/comments?post=42796"}],"version-history":[{"count":0,"href":"https:\/\/www.caririemacao.com\/1\/wp-json\/wp\/v2\/posts\/42796\/revisions"}],"wp:featuredmedia":[{"embeddable":true,"href":"https:\/\/www.caririemacao.com\/1\/wp-json\/wp\/v2\/media\/42797"}],"wp:attachment":[{"href":"https:\/\/www.caririemacao.com\/1\/wp-json\/wp\/v2\/media?parent=42796"}],"wp:term":[{"taxonomy":"category","embeddable":true,"href":"https:\/\/www.caririemacao.com\/1\/wp-json\/wp\/v2\/categories?post=42796"},{"taxonomy":"post_tag","embeddable":true,"href":"https:\/\/www.caririemacao.com\/1\/wp-json\/wp\/v2\/tags?post=42796"}],"curies":[{"name":"wp","href":"https:\/\/api.w.org\/{rel}","templated":true}]}}