{"id":42799,"date":"2018-03-02T20:52:04","date_gmt":"2018-03-02T23:52:04","guid":{"rendered":"http:\/\/caririemacao.com\/1\/?p=42799"},"modified":"2018-03-02T20:52:04","modified_gmt":"2018-03-02T23:52:04","slug":"maranhao-ve-relacao-com-cartaxo-cortada-mas-espera-apoio-do-prefeito-como-retribuicao","status":"publish","type":"post","link":"https:\/\/www.caririemacao.com\/1\/2018\/03\/02\/maranhao-ve-relacao-com-cartaxo-cortada-mas-espera-apoio-do-prefeito-como-retribuicao\/","title":{"rendered":"Maranh\u00e3o v\u00ea rela\u00e7\u00e3o com Cartaxo \u201ccortada\u201d mas espera apoio do prefeito como \u201cretribui\u00e7\u00e3o\u201d"},"content":{"rendered":"<p>O senador Jos\u00e9 Maranh\u00e3o declarou nesta sexta-feira (2) esperar que o MDB receba o apoio do prefeito Luciano Cartaxo (PSD), ap\u00f3s o mesmo desistir da pr\u00e9-candidatura ao Governo do Estado. Segundo Maranh\u00e3o, seria uma \u2018retribui\u00e7\u00e3o\u2019 de Cartaxo.<\/p>\n<p>\u201cEssa rela\u00e7\u00e3o j\u00e1 havia sido cortada por decis\u00e3o do pr\u00f3prio prefeito, mas \u00e9 legitimo o MDB esperar alian\u00e7a, at\u00e9 em retribui\u00e7\u00e3o pelos apoios que o MDB j\u00e1 deu ao prefeito Luciano. A possibilidade n\u00e3o pode ser unilateral\u201d, disse.<\/p>\n<p>Maranh\u00e3o disse ainda que j\u00e1 esperava pela decis\u00e3o do prefeito, devido a ind\u00edcios dados por Cartaxo.<\/p>\n<p>\u201cN\u00e3o me causou surpresa porque o prefeito j\u00e1 tinha deixado claro em outras declara\u00e7\u00f5es qual seria o seu rumo\u201d, declarou.<\/p>\n<p><strong>CARIRI EM A\u00c7\u00c3O<\/strong><\/p>\n<p><em>Com Wscom\/Foto: Reprodu\u00e7\u00e3o google<\/em><\/p>\n<p><strong>Leia mais not\u00edcias em\u00a0<\/strong><a href=\"http:\/\/www.caririemacao.com\/\"><strong>caririemacao.com<\/strong><\/a><strong>, siga nossa p\u00e1gina no\u00a0<\/strong><a href=\"https:\/\/www.facebook.com\/CaririEmAcao\/?ref=aymt_homepage_panel\"><strong>Facebook<\/strong><\/a>,<strong>\u00a0<\/strong><a href=\"https:\/\/www.instagram.com\/cariri_em_acao\/?hl=pt-br\"><strong>Instagram<\/strong><\/a><strong>\u00a0e\u00a0<\/strong><a href=\"https:\/\/www.youtube.com\/channel\/UCAptA0jQuYQy8vMhLt2m4qg\"><strong>Youtube<\/strong><\/a><strong>\u00a0e veja nossas mat\u00e9rias, v\u00eddeos e fotos. Voc\u00ea tamb\u00e9m pode enviar informa\u00e7\u00f5es \u00e0 Reda\u00e7\u00e3o do Portal Cariri em A\u00e7\u00e3o pelo WhatsApp (83) 9 9634.5791, (83) 9 9601-1162.<\/strong><\/p>\n","protected":false},"excerpt":{"rendered":"<p>O senador Jos\u00e9 Maranh\u00e3o declarou nesta sexta-feira (2) esperar que o MDB receba o apoio do prefeito Luciano Cartaxo (PSD), ap\u00f3s o mesmo desistir da&hellip; <\/p>\n","protected":false},"author":2,"featured_media":39965,"comment_status":"closed","ping_status":"closed","sticky":false,"template":"","format":"standard","meta":{"sfsi_plus_gutenberg_text_before_share":"","sfsi_plus_gutenberg_show_text_before_share":"","sfsi_plus_gutenberg_icon_type":"","sfsi_plus_gutenberg_icon_alignemt":"","sfsi_plus_gutenburg_max_per_row":"","footnotes":""},"categories":[11],"tags":[],"class_list":["post-42799","post","type-post","status-publish","format-standard","has-post-thumbnail","hentry","category-politica"],"_links":{"self":[{"href":"https:\/\/www.caririemacao.com\/1\/wp-json\/wp\/v2\/posts\/42799","targetHints":{"allow":["GET"]}}],"collection":[{"href":"https:\/\/www.caririemacao.com\/1\/wp-json\/wp\/v2\/posts"}],"about":[{"href":"https:\/\/www.caririemacao.com\/1\/wp-json\/wp\/v2\/types\/post"}],"author":[{"embeddable":true,"href":"https:\/\/www.caririemacao.com\/1\/wp-json\/wp\/v2\/users\/2"}],"replies":[{"embeddable":true,"href":"https:\/\/www.caririemacao.com\/1\/wp-json\/wp\/v2\/comments?post=42799"}],"version-history":[{"count":0,"href":"https:\/\/www.caririemacao.com\/1\/wp-json\/wp\/v2\/posts\/42799\/revisions"}],"wp:featuredmedia":[{"embeddable":true,"href":"https:\/\/www.caririemacao.com\/1\/wp-json\/wp\/v2\/media\/39965"}],"wp:attachment":[{"href":"https:\/\/www.caririemacao.com\/1\/wp-json\/wp\/v2\/media?parent=42799"}],"wp:term":[{"taxonomy":"category","embeddable":true,"href":"https:\/\/www.caririemacao.com\/1\/wp-json\/wp\/v2\/categories?post=42799"},{"taxonomy":"post_tag","embeddable":true,"href":"https:\/\/www.caririemacao.com\/1\/wp-json\/wp\/v2\/tags?post=42799"}],"curies":[{"name":"wp","href":"https:\/\/api.w.org\/{rel}","templated":true}]}}