{"id":42801,"date":"2018-03-02T21:03:42","date_gmt":"2018-03-03T00:03:42","guid":{"rendered":"http:\/\/caririemacao.com\/1\/?p=42801"},"modified":"2018-03-02T21:03:42","modified_gmt":"2018-03-03T00:03:42","slug":"chove-121-5-mm-em-sao-sebastiao-do-umbuzeiro","status":"publish","type":"post","link":"https:\/\/www.caririemacao.com\/1\/2018\/03\/02\/chove-121-5-mm-em-sao-sebastiao-do-umbuzeiro\/","title":{"rendered":"Chove 121.5 mm em S\u00e3o Sebasti\u00e3o do Umbuzeiro"},"content":{"rendered":"<p>Na noite da \u00faltima quinta-feira 01 de mar\u00e7o de 2018, S\u00e3o Pedro abriu as torneiras com for\u00e7a em S\u00e3o Sebasti\u00e3o do Umbuzeiro, a precipita\u00e7\u00e3o, de acordo com dados da Emater, foi de 121.5, mil\u00edmetros. A precipita\u00e7\u00e3o \u00e9 a maio rregistrada no munic\u00edpio desde os \u00faltimos dezoito ano..<\/p>\n<p>Foi registrado precipita\u00e7\u00e3o em varias localidades, todas acima de 120 milimitros, a exemplo do Assentamento Maria Bonita, 126.8 e<span class=\"text_exposed_show\">\u00a0do Sitio Baixa de Cupira 146 m.m.<\/span><\/p>\n<div class=\"text_exposed_show\">\n<p>\u00c9 de extrema import\u00e2ncia para os agricultores que est\u00e3o muito satisfeitos, alguns reservat\u00f3rios que estavam sem \u00e1gua voltou a receber o precioso l\u00edquido.<\/p>\n<p>Com as chuvas forte a Barragem do Vereador Chico de Marino se rompeu.<\/p>\n<p><a href=\"http:\/\/caririemacao.com\/1\/wp-content\/uploads\/2018\/03\/8b87d5c0-dbc0-463b-b5bc-5ca384327045.jpg\"><img fetchpriority=\"high\" decoding=\"async\" class=\"aligncenter size-full wp-image-42802\" src=\"http:\/\/caririemacao.com\/1\/wp-content\/uploads\/2018\/03\/8b87d5c0-dbc0-463b-b5bc-5ca384327045.jpg\" alt=\"\" width=\"800\" height=\"435\" srcset=\"https:\/\/www.caririemacao.com\/1\/wp-content\/uploads\/2018\/03\/8b87d5c0-dbc0-463b-b5bc-5ca384327045.jpg 800w, https:\/\/www.caririemacao.com\/1\/wp-content\/uploads\/2018\/03\/8b87d5c0-dbc0-463b-b5bc-5ca384327045-300x163.jpg 300w, https:\/\/www.caririemacao.com\/1\/wp-content\/uploads\/2018\/03\/8b87d5c0-dbc0-463b-b5bc-5ca384327045-768x418.jpg 768w\" sizes=\"(max-width: 800px) 100vw, 800px\" \/><\/a> <a href=\"http:\/\/caririemacao.com\/1\/wp-content\/uploads\/2018\/03\/6175a161-7eae-48a4-8bb7-fcf30286cfad.jpg\"><img decoding=\"async\" class=\"aligncenter size-full wp-image-42803 lazyload\" data-src=\"http:\/\/caririemacao.com\/1\/wp-content\/uploads\/2018\/03\/6175a161-7eae-48a4-8bb7-fcf30286cfad.jpg\" alt=\"\" width=\"800\" height=\"439\" data-srcset=\"https:\/\/www.caririemacao.com\/1\/wp-content\/uploads\/2018\/03\/6175a161-7eae-48a4-8bb7-fcf30286cfad.jpg 800w, https:\/\/www.caririemacao.com\/1\/wp-content\/uploads\/2018\/03\/6175a161-7eae-48a4-8bb7-fcf30286cfad-300x165.jpg 300w, https:\/\/www.caririemacao.com\/1\/wp-content\/uploads\/2018\/03\/6175a161-7eae-48a4-8bb7-fcf30286cfad-768x421.jpg 768w\" data-sizes=\"(max-width: 800px) 100vw, 800px\" src=\"data:image\/svg+xml;base64,PHN2ZyB3aWR0aD0iMSIgaGVpZ2h0PSIxIiB4bWxucz0iaHR0cDovL3d3dy53My5vcmcvMjAwMC9zdmciPjwvc3ZnPg==\" style=\"--smush-placeholder-width: 800px; --smush-placeholder-aspect-ratio: 800\/439;\" \/><\/a><\/p>\n<p><strong>CARIRI EM A\u00c7\u00c3O<\/strong><\/p>\n<p><em>Com Blog do Didi\/Foto:\u00a0Blog do Didi<\/em><\/p>\n<p><strong>Leia mais not\u00edcias em\u00a0<\/strong><a href=\"http:\/\/www.caririemacao.com\/\"><strong>caririemacao.com<\/strong><\/a><strong>, siga nossa p\u00e1gina no\u00a0<\/strong><a href=\"https:\/\/www.facebook.com\/CaririEmAcao\/?ref=aymt_homepage_panel\"><strong>Facebook<\/strong><\/a>,<strong>\u00a0<\/strong><a href=\"https:\/\/www.instagram.com\/cariri_em_acao\/?hl=pt-br\"><strong>Instagram<\/strong><\/a><strong>\u00a0e\u00a0<\/strong><a href=\"https:\/\/www.youtube.com\/channel\/UCAptA0jQuYQy8vMhLt2m4qg\"><strong>Youtube<\/strong><\/a><strong>\u00a0e veja nossas mat\u00e9rias, v\u00eddeos e fotos. Voc\u00ea tamb\u00e9m pode enviar informa\u00e7\u00f5es \u00e0 Reda\u00e7\u00e3o do Portal Cariri em A\u00e7\u00e3o pelo WhatsApp (83) 9 9634.5791, (83) 9 9601-1162.<\/strong><\/p>\n<\/div>\n","protected":false},"excerpt":{"rendered":"<p>Na noite da \u00faltima quinta-feira 01 de mar\u00e7o de 2018, S\u00e3o Pedro abriu as torneiras com for\u00e7a em S\u00e3o Sebasti\u00e3o do Umbuzeiro, a precipita\u00e7\u00e3o, de&hellip; <\/p>\n","protected":false},"author":2,"featured_media":42804,"comment_status":"closed","ping_status":"closed","sticky":false,"template":"","format":"standard","meta":{"sfsi_plus_gutenberg_text_before_share":"","sfsi_plus_gutenberg_show_text_before_share":"","sfsi_plus_gutenberg_icon_type":"","sfsi_plus_gutenberg_icon_alignemt":"","sfsi_plus_gutenburg_max_per_row":"","footnotes":""},"categories":[6],"tags":[],"class_list":["post-42801","post","type-post","status-publish","format-standard","has-post-thumbnail","hentry","category-cidades"],"_links":{"self":[{"href":"https:\/\/www.caririemacao.com\/1\/wp-json\/wp\/v2\/posts\/42801","targetHints":{"allow":["GET"]}}],"collection":[{"href":"https:\/\/www.caririemacao.com\/1\/wp-json\/wp\/v2\/posts"}],"about":[{"href":"https:\/\/www.caririemacao.com\/1\/wp-json\/wp\/v2\/types\/post"}],"author":[{"embeddable":true,"href":"https:\/\/www.caririemacao.com\/1\/wp-json\/wp\/v2\/users\/2"}],"replies":[{"embeddable":true,"href":"https:\/\/www.caririemacao.com\/1\/wp-json\/wp\/v2\/comments?post=42801"}],"version-history":[{"count":0,"href":"https:\/\/www.caririemacao.com\/1\/wp-json\/wp\/v2\/posts\/42801\/revisions"}],"wp:featuredmedia":[{"embeddable":true,"href":"https:\/\/www.caririemacao.com\/1\/wp-json\/wp\/v2\/media\/42804"}],"wp:attachment":[{"href":"https:\/\/www.caririemacao.com\/1\/wp-json\/wp\/v2\/media?parent=42801"}],"wp:term":[{"taxonomy":"category","embeddable":true,"href":"https:\/\/www.caririemacao.com\/1\/wp-json\/wp\/v2\/categories?post=42801"},{"taxonomy":"post_tag","embeddable":true,"href":"https:\/\/www.caririemacao.com\/1\/wp-json\/wp\/v2\/tags?post=42801"}],"curies":[{"name":"wp","href":"https:\/\/api.w.org\/{rel}","templated":true}]}}