{"id":42809,"date":"2018-03-02T21:09:34","date_gmt":"2018-03-03T00:09:34","guid":{"rendered":"http:\/\/caririemacao.com\/1\/?p=42809"},"modified":"2018-03-02T21:22:00","modified_gmt":"2018-03-03T00:22:00","slug":"anna-virginia-matias-toma-posse-terca-feira-como-prefeita","status":"publish","type":"post","link":"https:\/\/www.caririemacao.com\/1\/2018\/03\/02\/anna-virginia-matias-toma-posse-terca-feira-como-prefeita\/","title":{"rendered":"Anna Virginia Matias toma posse ter\u00e7a-feira como prefeita"},"content":{"rendered":"<div>Anna Virginia Matias, assumir\u00e1 a prefeitura de Juazeirinho na pr\u00f3xima ter\u00e7a-feira 06 de Mar\u00e7o, a convoca\u00e7\u00e3o foi feita pela c\u00e2mara na quinta (01).<\/div>\n<div><\/div>\n<div>O motivo da posse da-se pela cassa\u00e7\u00e3o de Bevilacqua Matias, por improbabilidade\u00a0administrativa, o prefeito se diz inocente e sustenta que ouve erros no processo, j\u00e1 a base acredita que ele conseguir\u00e1 uma liminar para se manter no cargo.<\/div>\n<div><\/div>\n<div>Apesar da posse de Anna Virginia, os bastidores dizem que o governo ser\u00e1 o mesmo, haja vista, os dois estarem alinhados em busca do desenvolvimento\u00a0do munic\u00edpio.<\/div>\n<div><\/div>\n<div>Bevilacqua e irm\u00e3o do deputado Genival Matias que \u00e9 pai de Anna Virginia.<\/div>\n<div><\/div>\n<div>\n<p>&nbsp;<\/p>\n<p><strong>CARIRI EM A\u00c7\u00c3O<\/strong><\/p>\n<p><em>Com ImparcialPB\/Foto:\u00a0ImparcialPB<\/em><\/p>\n<p><strong>Leia mais not\u00edcias em\u00a0<\/strong><a href=\"http:\/\/www.caririemacao.com\/\"><strong>caririemacao.com<\/strong><\/a><strong>, siga nossa p\u00e1gina no\u00a0<\/strong><a href=\"https:\/\/www.facebook.com\/CaririEmAcao\/?ref=aymt_homepage_panel\"><strong>Facebook<\/strong><\/a>,<strong>\u00a0<\/strong><a href=\"https:\/\/www.instagram.com\/cariri_em_acao\/?hl=pt-br\"><strong>Instagram<\/strong><\/a><strong>\u00a0e\u00a0<\/strong><a href=\"https:\/\/www.youtube.com\/channel\/UCAptA0jQuYQy8vMhLt2m4qg\"><strong>Youtube<\/strong><\/a><strong>\u00a0e veja nossas mat\u00e9rias, v\u00eddeos e fotos. Voc\u00ea tamb\u00e9m pode enviar informa\u00e7\u00f5es \u00e0 Reda\u00e7\u00e3o do Portal Cariri em A\u00e7\u00e3o pelo WhatsApp (83) 9 9634.5791, (83) 9 9601-1162.<\/strong><\/p>\n<\/div>\n","protected":false},"excerpt":{"rendered":"<p>Anna Virginia Matias, assumir\u00e1 a prefeitura de Juazeirinho na pr\u00f3xima ter\u00e7a-feira 06 de Mar\u00e7o, a convoca\u00e7\u00e3o foi feita pela c\u00e2mara na quinta (01). O motivo&hellip; <\/p>\n","protected":false},"author":2,"featured_media":42810,"comment_status":"closed","ping_status":"closed","sticky":false,"template":"","format":"standard","meta":{"sfsi_plus_gutenberg_text_before_share":"","sfsi_plus_gutenberg_show_text_before_share":"","sfsi_plus_gutenberg_icon_type":"","sfsi_plus_gutenberg_icon_alignemt":"","sfsi_plus_gutenburg_max_per_row":"","footnotes":""},"categories":[11],"tags":[],"class_list":["post-42809","post","type-post","status-publish","format-standard","has-post-thumbnail","hentry","category-politica"],"_links":{"self":[{"href":"https:\/\/www.caririemacao.com\/1\/wp-json\/wp\/v2\/posts\/42809","targetHints":{"allow":["GET"]}}],"collection":[{"href":"https:\/\/www.caririemacao.com\/1\/wp-json\/wp\/v2\/posts"}],"about":[{"href":"https:\/\/www.caririemacao.com\/1\/wp-json\/wp\/v2\/types\/post"}],"author":[{"embeddable":true,"href":"https:\/\/www.caririemacao.com\/1\/wp-json\/wp\/v2\/users\/2"}],"replies":[{"embeddable":true,"href":"https:\/\/www.caririemacao.com\/1\/wp-json\/wp\/v2\/comments?post=42809"}],"version-history":[{"count":0,"href":"https:\/\/www.caririemacao.com\/1\/wp-json\/wp\/v2\/posts\/42809\/revisions"}],"wp:featuredmedia":[{"embeddable":true,"href":"https:\/\/www.caririemacao.com\/1\/wp-json\/wp\/v2\/media\/42810"}],"wp:attachment":[{"href":"https:\/\/www.caririemacao.com\/1\/wp-json\/wp\/v2\/media?parent=42809"}],"wp:term":[{"taxonomy":"category","embeddable":true,"href":"https:\/\/www.caririemacao.com\/1\/wp-json\/wp\/v2\/categories?post=42809"},{"taxonomy":"post_tag","embeddable":true,"href":"https:\/\/www.caririemacao.com\/1\/wp-json\/wp\/v2\/tags?post=42809"}],"curies":[{"name":"wp","href":"https:\/\/api.w.org\/{rel}","templated":true}]}}