{"id":42813,"date":"2018-03-02T21:22:37","date_gmt":"2018-03-03T00:22:37","guid":{"rendered":"http:\/\/caririemacao.com\/1\/?p=42813"},"modified":"2018-03-02T21:22:37","modified_gmt":"2018-03-03T00:22:37","slug":"antidepressivos-engordam","status":"publish","type":"post","link":"https:\/\/www.caririemacao.com\/1\/2018\/03\/02\/antidepressivos-engordam\/","title":{"rendered":"Antidepressivos engordam?"},"content":{"rendered":"<p>Pelo menos 400 milh\u00f5es de pessoas no mundo convivem com a\u00a0depress\u00e3o. No Brasil, segundo a\u00a0Organiza\u00e7\u00e3o Mundial da Sa\u00fade\u00a0(OMS), 5,8% da popula\u00e7\u00e3o t\u00eam a doen\u00e7a \u2013 algo em torno de 11 milh\u00f5es de indiv\u00edduos. \u00c9 muita gente. Os\u00a0rem\u00e9dios antidepressivos, que surgiram h\u00e1 aproximadamente 70 anos, est\u00e3o na linha de frente do tratamento e ocasionam efeitos colaterais importantes. Mas ser\u00e1 que o\u00a0ganho de pe<strong>so<\/strong>\u00a0\u00e9 um deles?<\/p>\n<p>De acordo com o psiquiatra Ant\u00f4nio Geraldo da Silva, da\u00a0Associa\u00e7\u00e3o Brasileira de Psiquiatria (ABP), depende. \u201cH\u00e1 tipos que levam a um emagrecimento. Outros, no entanto, podem causar aumento de peso, sim\u201d, revela o m\u00e9dico.<\/p>\n<p>O psiquiatra Luiz Scocca, tamb\u00e9m membro da ABP, pondera que, no in\u00edcio do tratamento, \u00e0s vezes engordar n\u00e3o \u00e9 necessariamente algo terr\u00edvel. \u201cVamos considerar uma pessoa que, ao ficar deprimida, perdeu peso. Recuper\u00e1-lo pode ser uma coisa boa, porque aponta para um retorno do apetite e da sensa\u00e7\u00e3o de prazer\u201d, explica.<\/p>\n<p>O m\u00e9dico pondera que, a partir desse momento, o indesej\u00e1vel \u00e9 continuar acumulando quilos de sobra com o passar do tempo. \u201cEsse \u00e9 o efeito colateral que traz problema\u201d, pontua Scocca.<\/p>\n<p>Para evit\u00e1-lo, \u00e9 importante tamb\u00e9m n\u00e3o focar o tratamento apenas no uso de antidepressivos. \u201cTem que pensar em gerenciar a doen\u00e7a de maneira mais ampla\u201d, afirma Silva. Isso inclui, por exemplo, considerar a pr\u00e1tica de\u00a0atividade f\u00edsica\u00a0e mudan\u00e7as na\u00a0alimenta\u00e7\u00e3o.<\/p>\n<h3>Quando o efeito colateral incomoda demais<\/h3>\n<p>N\u00e3o est\u00e1 lidando bem com as altera\u00e7\u00f5es no peso ou outras repercuss\u00f5es do tratamento contra a depress\u00e3o, como\u00a0falta de libido\u00a0e problemas g\u00e1stricos? Uma atitude fortemente contraindicada \u00e9 interromper o uso sem uma conversa franca com o especialista.<\/p>\n<p>Ali\u00e1s, essa \u00e9 a recomenda\u00e7\u00e3o vale para tudo que envolve essas drogas, como o aumento ou diminui\u00e7\u00e3o da dose. \u201cAntidepressivo n\u00e3o \u00e9 coisa para amador\u201d, refor\u00e7a Silva.<\/p>\n<p>Ap\u00f3s esse bate-papo, o especialista pode considerar ajustes no tratamento \u2013 mesmo que o humor esteja estabilizado. \u201cH\u00e1 muita coisa para ser feita, inclusive rapidamente, no sentido de reverter situa\u00e7\u00f5es indesejadas\u201d, garante Scocca.<\/p>\n<p><strong>CARIRI EM A\u00c7\u00c3O<\/strong><\/p>\n<p><em>Com Sa\u00fade \u00e9 Vital\/Foto: Reprodu\u00e7\u00e3o google<\/em><\/p>\n<p><strong>Leia mais not\u00edcias em\u00a0<\/strong><a href=\"http:\/\/www.caririemacao.com\/\"><strong>caririemacao.com<\/strong><\/a><strong>, siga nossa p\u00e1gina no\u00a0<\/strong><a href=\"https:\/\/www.facebook.com\/CaririEmAcao\/?ref=aymt_homepage_panel\"><strong>Facebook<\/strong><\/a>,<strong>\u00a0<\/strong><a href=\"https:\/\/www.instagram.com\/cariri_em_acao\/?hl=pt-br\"><strong>Instagram<\/strong><\/a><strong>\u00a0e\u00a0<\/strong><a href=\"https:\/\/www.youtube.com\/channel\/UCAptA0jQuYQy8vMhLt2m4qg\"><strong>Youtube<\/strong><\/a><strong>\u00a0e veja nossas mat\u00e9rias, v\u00eddeos e fotos. Voc\u00ea tamb\u00e9m pode enviar informa\u00e7\u00f5es \u00e0 Reda\u00e7\u00e3o do Portal Cariri em A\u00e7\u00e3o pelo WhatsApp (83) 9 9634.5791, (83) 9 9601-1162.<\/strong><\/p>\n","protected":false},"excerpt":{"rendered":"<p>Pelo menos 400 milh\u00f5es de pessoas no mundo convivem com a\u00a0depress\u00e3o. No Brasil, segundo a\u00a0Organiza\u00e7\u00e3o Mundial da Sa\u00fade\u00a0(OMS), 5,8% da popula\u00e7\u00e3o t\u00eam a doen\u00e7a \u2013&hellip; <\/p>\n","protected":false},"author":2,"featured_media":35052,"comment_status":"closed","ping_status":"closed","sticky":false,"template":"","format":"standard","meta":{"sfsi_plus_gutenberg_text_before_share":"","sfsi_plus_gutenberg_show_text_before_share":"","sfsi_plus_gutenberg_icon_type":"","sfsi_plus_gutenberg_icon_alignemt":"","sfsi_plus_gutenburg_max_per_row":"","footnotes":""},"categories":[16],"tags":[],"class_list":["post-42813","post","type-post","status-publish","format-standard","has-post-thumbnail","hentry","category-saude"],"_links":{"self":[{"href":"https:\/\/www.caririemacao.com\/1\/wp-json\/wp\/v2\/posts\/42813","targetHints":{"allow":["GET"]}}],"collection":[{"href":"https:\/\/www.caririemacao.com\/1\/wp-json\/wp\/v2\/posts"}],"about":[{"href":"https:\/\/www.caririemacao.com\/1\/wp-json\/wp\/v2\/types\/post"}],"author":[{"embeddable":true,"href":"https:\/\/www.caririemacao.com\/1\/wp-json\/wp\/v2\/users\/2"}],"replies":[{"embeddable":true,"href":"https:\/\/www.caririemacao.com\/1\/wp-json\/wp\/v2\/comments?post=42813"}],"version-history":[{"count":0,"href":"https:\/\/www.caririemacao.com\/1\/wp-json\/wp\/v2\/posts\/42813\/revisions"}],"wp:featuredmedia":[{"embeddable":true,"href":"https:\/\/www.caririemacao.com\/1\/wp-json\/wp\/v2\/media\/35052"}],"wp:attachment":[{"href":"https:\/\/www.caririemacao.com\/1\/wp-json\/wp\/v2\/media?parent=42813"}],"wp:term":[{"taxonomy":"category","embeddable":true,"href":"https:\/\/www.caririemacao.com\/1\/wp-json\/wp\/v2\/categories?post=42813"},{"taxonomy":"post_tag","embeddable":true,"href":"https:\/\/www.caririemacao.com\/1\/wp-json\/wp\/v2\/tags?post=42813"}],"curies":[{"name":"wp","href":"https:\/\/api.w.org\/{rel}","templated":true}]}}