{"id":42946,"date":"2018-03-04T15:44:17","date_gmt":"2018-03-04T18:44:17","guid":{"rendered":"http:\/\/caririemacao.com\/1\/?p=42946"},"modified":"2018-03-04T15:44:18","modified_gmt":"2018-03-04T18:44:18","slug":"deputadas-e-senadoras-definem-pauta-para-semana-da-mulher-no-congresso","status":"publish","type":"post","link":"https:\/\/www.caririemacao.com\/1\/2018\/03\/04\/deputadas-e-senadoras-definem-pauta-para-semana-da-mulher-no-congresso\/","title":{"rendered":"Deputadas e senadoras definem pauta para Semana da Mulher no Congresso"},"content":{"rendered":"<p>\u00e1 est\u00e1 pronta a pauta que a bancada feminina no Congresso Nacional pretende ver aprovada nesta semana em que \u00e9 lembrado o Dia Internacional da Mulher, 8 de mar\u00e7o. Entre propostas que tramitam entre a C\u00e2mara dos Deputados e o Senado, 27 est\u00e3o na lista das parlamentares. No Senado, quatro propostas que j\u00e1 passaram pelas comiss\u00f5es da Casa e est\u00e3o prontas para a an\u00e1lise do plen\u00e1rio foram consideradas priorit\u00e1rias.<\/p>\n<p>O Projeto de Lei do Senado (PLS) 612\/2011, da senadora Marta Suplicy (PMDB-SP), \u00e9 uma das prioridades. O texto, que altera o C\u00f3digo Civil para reconhecer como entidade familiar a uni\u00e3o est\u00e1vel entre duas pessoas, chegou a ser colocado em pauta, mas, por press\u00e3o da bancada evang\u00e9lica, foi retirado.<\/p>\n<p>Nesta quinta-feira (1\u00ba),\u00a0 o Supremo Tribunal Federal (STF) autorizou, por unanimidade, pessoas transg\u00eanero a alterar nome e g\u00eanero em registro civil, independentemente da realiza\u00e7\u00e3o de cirurgia para mudan\u00e7a de sexo, e a bancada feminina no Congresso quer aproveitar para resgatar o texto que, no ano passado, chegou a ter a discuss\u00e3o no plen\u00e1rio iniciada, mas logo encerrada por press\u00e3o da bancada evang\u00e9lica.<\/p>\n<p>\u201cEssa \u00e9 uma quest\u00e3o importante. Veja as decis\u00f5es do Supremo e do TSE [Tribunal Superior Eleitoral] de quinta-feira. N\u00e3o adianta remar contra a mar\u00e9. O que n\u00f3s queremos do presidente [do Senado, Eun\u00edcio Oliveira] \u00e9 que as propostas sejam pautadas. N\u00e3o estamos pedindo para ele rejeitar ou aprovar\u201d, disse \u00e0 Ag\u00eancia Brasil a procuradora da Mulher no Senado, Vanessa Grazzition (PCdoB-AM).<\/p>\n<p>A senadora\u00a0 lembrou que tamb\u00e9m o TSE autorizou o uso do nome social por candidatos transg\u00eaneros.<\/p>\n<p><strong>Mais\u00a0 propostas<\/strong><\/p>\n<p>No Senado, a pauta priorit\u00e1ria inclui ainda\u00a0 o PLS 228\/2017, que altera a Consolida\u00e7\u00e3o das Leis do Trabalho (CLT) para garantir prote\u00e7\u00e3o a gestantes e lactantes em rela\u00e7\u00e3o \u00e0 presta\u00e7\u00e3o de trabalho em local insalubre.<\/p>\n<p>Outra proposta \u00e9 o substitutivo da senadora Gleisi Hoffmann (PT-PR) ao projeto de Lei da C\u00e2mara (PLC) 18\/2017, que torna crime a \u201cvingan\u00e7a pornogr\u00e1fica\u201d, que consiste na divulga\u00e7\u00e3o e na exposi\u00e7\u00e3o p\u00fablica da intimidade sexual. O texto altera a Lei Maria da Penha e o C\u00f3digo Penal, estabelecendo pena de reclus\u00e3o e multa para o autor da divulga\u00e7\u00e3o.<\/p>\n<p>A senadora Simone Tebet (PMDB-MS) est\u00e1 otimista com a aprova\u00e7\u00e3o do PLS 64\/2018, que apresentou na \u00faltima semana. A mat\u00e9ria modifica a progress\u00e3o de regime de pena, transformando uma decis\u00e3o do Supremo Tribunal Federal \u2014 relativa \u00e0 m\u00e3es e gestantes em pris\u00e3o provis\u00f3ria \u2014 em norma legal, estendida a gestantes ou m\u00e3es j\u00e1 condenadas, flexibilizando a regress\u00e3o de pena a um oitavo (1\/8).<\/p>\n<p>A proposta est\u00e1 na Comiss\u00e3o de Constitui\u00e7\u00e3o, Justi\u00e7a e Cidadania (CCJ), para an\u00e1lise terminativa do relator, senador Ant\u00f4nio Anastasia (PSDB-MG).<\/p>\n<p><strong>CARIRI EM A\u00c7\u00c3O<\/strong><\/p>\n<p><em>Com Ag\u00eancia Brasil\/Foto: Reprodu\u00e7\u00e3o<\/em><\/p>\n<p><strong>Leia mais not\u00edcias em\u00a0<\/strong><a href=\"http:\/\/www.caririemacao.com\/\"><strong>caririemacao.com<\/strong><\/a><strong>, siga nossa p\u00e1gina no\u00a0<\/strong><a href=\"https:\/\/www.facebook.com\/CaririEmAcao\/?ref=aymt_homepage_panel\"><strong>Facebook<\/strong><\/a>,<strong>\u00a0<\/strong><a href=\"https:\/\/www.instagram.com\/cariri_em_acao\/?hl=pt-br\"><strong>Instagram<\/strong><\/a><strong>\u00a0e <\/strong><a href=\"https:\/\/www.youtube.com\/channel\/UCAptA0jQuYQy8vMhLt2m4qg\"><strong>Youtube<\/strong><\/a><strong>\u00a0e veja nossas mat\u00e9rias, v\u00eddeos e fotos. Voc\u00ea tamb\u00e9m pode enviar informa\u00e7\u00f5es \u00e0 Reda\u00e7\u00e3o do Portal Cariri em A\u00e7\u00e3o pelo WhatsApp (83) 9 9634.5791, (83) 9 9601-1162.<\/strong><\/p>\n","protected":false},"excerpt":{"rendered":"<p>\u00e1 est\u00e1 pronta a pauta que a bancada feminina no Congresso Nacional pretende ver aprovada nesta semana em que \u00e9 lembrado o Dia Internacional da&hellip; <\/p>\n","protected":false},"author":2,"featured_media":42947,"comment_status":"closed","ping_status":"closed","sticky":false,"template":"","format":"standard","meta":{"sfsi_plus_gutenberg_text_before_share":"","sfsi_plus_gutenberg_show_text_before_share":"","sfsi_plus_gutenberg_icon_type":"","sfsi_plus_gutenberg_icon_alignemt":"","sfsi_plus_gutenburg_max_per_row":"","footnotes":""},"categories":[11],"tags":[],"class_list":["post-42946","post","type-post","status-publish","format-standard","has-post-thumbnail","hentry","category-politica"],"_links":{"self":[{"href":"https:\/\/www.caririemacao.com\/1\/wp-json\/wp\/v2\/posts\/42946","targetHints":{"allow":["GET"]}}],"collection":[{"href":"https:\/\/www.caririemacao.com\/1\/wp-json\/wp\/v2\/posts"}],"about":[{"href":"https:\/\/www.caririemacao.com\/1\/wp-json\/wp\/v2\/types\/post"}],"author":[{"embeddable":true,"href":"https:\/\/www.caririemacao.com\/1\/wp-json\/wp\/v2\/users\/2"}],"replies":[{"embeddable":true,"href":"https:\/\/www.caririemacao.com\/1\/wp-json\/wp\/v2\/comments?post=42946"}],"version-history":[{"count":0,"href":"https:\/\/www.caririemacao.com\/1\/wp-json\/wp\/v2\/posts\/42946\/revisions"}],"wp:featuredmedia":[{"embeddable":true,"href":"https:\/\/www.caririemacao.com\/1\/wp-json\/wp\/v2\/media\/42947"}],"wp:attachment":[{"href":"https:\/\/www.caririemacao.com\/1\/wp-json\/wp\/v2\/media?parent=42946"}],"wp:term":[{"taxonomy":"category","embeddable":true,"href":"https:\/\/www.caririemacao.com\/1\/wp-json\/wp\/v2\/categories?post=42946"},{"taxonomy":"post_tag","embeddable":true,"href":"https:\/\/www.caririemacao.com\/1\/wp-json\/wp\/v2\/tags?post=42946"}],"curies":[{"name":"wp","href":"https:\/\/api.w.org\/{rel}","templated":true}]}}