{"id":42952,"date":"2018-03-04T16:02:16","date_gmt":"2018-03-04T19:02:16","guid":{"rendered":"http:\/\/caririemacao.com\/1\/?p=42952"},"modified":"2018-03-04T16:02:16","modified_gmt":"2018-03-04T19:02:16","slug":"fevereiro-registra-492-mais-chuvas-que-no-ano-passado-na-pb-diz-aesa","status":"publish","type":"post","link":"https:\/\/www.caririemacao.com\/1\/2018\/03\/04\/fevereiro-registra-492-mais-chuvas-que-no-ano-passado-na-pb-diz-aesa\/","title":{"rendered":"Fevereiro registra 49,2% mais chuvas que no ano passado, na PB, diz Aesa"},"content":{"rendered":"<section class=\"l-noticia\">Dos 223 munic\u00edpios da Para\u00edba, 204 tiveram registro de chuvas neste m\u00eas de fevereiro, segundo os dados da Ag\u00eancia Executiva de Gest\u00e3o das \u00c1guas da Para\u00edba (Aesa). A precipita\u00e7\u00e3o do m\u00eas foi de 24.361,6mm. Isso equivale a um aumento de 49,2% em compara\u00e7\u00e3o ao mesmo per\u00edodo do ano passado, que registrou 16.327,7mm.<\/p>\n<p>As dez cidades com os maiores registros de chuvas neste m\u00eas de fevereiro de 2017 foram Cachoeira dos \u00cdndios (343,1mm), Sousa (320,7mm), Cajazeiras (311,6mm), Monte Horebe (310mm), S\u00e3o Bentinho (303,8mm), Catingueira (295,8mm), Bonito de Santa F\u00e9 (292,7mm), S\u00e3o Domingos (281,8mm), S\u00e3o Mamede (275,2mm) e Concei\u00e7\u00e3o ( 271,7mm).<\/p>\n<p><strong>Cidades que n\u00e3o choveram<\/strong><\/p>\n<p>Por outro lado, a Aesa informou que em 19 cidades do estado da Para\u00edba n\u00e3o houve registro de chuva no segundo m\u00eas do ano. S\u00e3o eles: Santa Cec\u00edlia, Riacho de Santo Ant\u00f4nio, Cabaceiras, Camala\u00fa, Coxixola, Puxinan\u00e3, Montadas, Areial, Boqueir\u00e3o, Caturit\u00e9, Boa Vista, Pocinhos, Soledade, Serra Branca, Parari, Esperan\u00e7a, Cubati, S\u00e3o Vicente do Serid\u00f3 e Ten\u00f3rio.<\/p>\n<p><strong>Expectativa de chuvas para os pr\u00f3ximos tr\u00eas meses<\/strong><\/p>\n<p>Ap\u00f3s uma reuni\u00e3o realizada na \u00faltima segunda-feira (26) na Aesa, a meteorologista Marle Bandeira informou que a expectativa para os pr\u00f3ximos tr\u00eas meses (mar\u00e7o, abril e maio) \u00e9 que a m\u00e9dia de chuva em rela\u00e7\u00e3o ao ano passado seja a mesma ou maior.<\/p>\n<p><strong>CARIRI EM A\u00c7\u00c3O<\/strong><\/p>\n<p><em>Com G1 PB \/Foto: Reprodu\u00e7\u00e3o Internet<\/em><\/p>\n<p><strong>Leia mais not\u00edcias em\u00a0<\/strong><a href=\"http:\/\/www.caririemacao.com\/\"><strong>caririemacao.com<\/strong><\/a><strong>, siga nossa p\u00e1gina no\u00a0<\/strong><a href=\"https:\/\/www.facebook.com\/CaririEmAcao\/?ref=aymt_homepage_panel\"><strong>Facebook<\/strong><\/a>,<strong>\u00a0<\/strong><a href=\"https:\/\/www.instagram.com\/cariri_em_acao\/?hl=pt-br\"><strong>Instagram<\/strong><\/a><strong>\u00a0e <\/strong><a href=\"https:\/\/www.youtube.com\/channel\/UCAptA0jQuYQy8vMhLt2m4qg\"><strong>Youtube<\/strong><\/a><strong>\u00a0e veja nossas mat\u00e9rias, v\u00eddeos e fotos. Voc\u00ea tamb\u00e9m pode enviar informa\u00e7\u00f5es \u00e0 Reda\u00e7\u00e3o do Portal Cariri em A\u00e7\u00e3o pelo WhatsApp (83) 9 9634.5791, (83) 9 9601-1162.<\/strong><\/p>\n<\/section>\n","protected":false},"excerpt":{"rendered":"<p>Dos 223 munic\u00edpios da Para\u00edba, 204 tiveram registro de chuvas neste m\u00eas de fevereiro, segundo os dados da Ag\u00eancia Executiva de Gest\u00e3o das \u00c1guas da&hellip; <\/p>\n","protected":false},"author":2,"featured_media":42953,"comment_status":"closed","ping_status":"closed","sticky":false,"template":"","format":"standard","meta":{"sfsi_plus_gutenberg_text_before_share":"","sfsi_plus_gutenberg_show_text_before_share":"","sfsi_plus_gutenberg_icon_type":"","sfsi_plus_gutenberg_icon_alignemt":"","sfsi_plus_gutenburg_max_per_row":"","footnotes":""},"categories":[2],"tags":[],"class_list":["post-42952","post","type-post","status-publish","format-standard","has-post-thumbnail","hentry","category-geral"],"_links":{"self":[{"href":"https:\/\/www.caririemacao.com\/1\/wp-json\/wp\/v2\/posts\/42952","targetHints":{"allow":["GET"]}}],"collection":[{"href":"https:\/\/www.caririemacao.com\/1\/wp-json\/wp\/v2\/posts"}],"about":[{"href":"https:\/\/www.caririemacao.com\/1\/wp-json\/wp\/v2\/types\/post"}],"author":[{"embeddable":true,"href":"https:\/\/www.caririemacao.com\/1\/wp-json\/wp\/v2\/users\/2"}],"replies":[{"embeddable":true,"href":"https:\/\/www.caririemacao.com\/1\/wp-json\/wp\/v2\/comments?post=42952"}],"version-history":[{"count":0,"href":"https:\/\/www.caririemacao.com\/1\/wp-json\/wp\/v2\/posts\/42952\/revisions"}],"wp:featuredmedia":[{"embeddable":true,"href":"https:\/\/www.caririemacao.com\/1\/wp-json\/wp\/v2\/media\/42953"}],"wp:attachment":[{"href":"https:\/\/www.caririemacao.com\/1\/wp-json\/wp\/v2\/media?parent=42952"}],"wp:term":[{"taxonomy":"category","embeddable":true,"href":"https:\/\/www.caririemacao.com\/1\/wp-json\/wp\/v2\/categories?post=42952"},{"taxonomy":"post_tag","embeddable":true,"href":"https:\/\/www.caririemacao.com\/1\/wp-json\/wp\/v2\/tags?post=42952"}],"curies":[{"name":"wp","href":"https:\/\/api.w.org\/{rel}","templated":true}]}}