{"id":43130,"date":"2018-03-06T11:40:16","date_gmt":"2018-03-06T14:40:16","guid":{"rendered":"http:\/\/caririemacao.com\/1\/?p=43130"},"modified":"2018-03-06T11:40:16","modified_gmt":"2018-03-06T14:40:16","slug":"apos-dia-do-fico-dois-vereadores-aliados-entram-na-mira-do-nucleo-duro-de-cartaxo","status":"publish","type":"post","link":"https:\/\/www.caririemacao.com\/1\/2018\/03\/06\/apos-dia-do-fico-dois-vereadores-aliados-entram-na-mira-do-nucleo-duro-de-cartaxo\/","title":{"rendered":"Ap\u00f3s dia do \u2018fico\u2019, dois vereadores aliados entram na mira do \u2018n\u00facleo duro\u2019 de Cartaxo"},"content":{"rendered":"<p>N\u00e3o foram apenas o vice-prefeito Manoel J\u00fanior (MDB) e o ex-deputado federal Ruy Carneiro (PSDB) que sa\u00edram perdendo com a decis\u00e3o do prefeito Luciano Cartaxo (PSD) de desistir da disputa pelo Governo do Estado na elei\u00e7\u00f5es deste ano.<\/p>\n<p>Nas \u00faltimas horas, chegou ao Blog a informa\u00e7\u00e3o de que os vereadores pessoeneses Ra\u00edssa Lacerda (PSD) e Milan\u00eaz Neto (PTB) tamb\u00e9m ficaram chamuscados com o \u2018fico\u2019 do prefeito.<\/p>\n<p>Integrantes do \u2018n\u00facleo duro\u2019 de Cartaxo n\u00e3o gostaram nada dos mimos que os dois parlamentares mirins fizeram ao vice-prefeito Manoel J\u00fanior.<\/p>\n<p>Ra\u00edssa, que \u00e9 filiada ao mesmo partido de Cartaxo, chegou a postar, e depois deletar das redes sociais, um v\u00eddeo comemorando a emitente chegada de Manoel J\u00fanior ao comando do Pa\u00e7o Municipal.<\/p>\n<p>Antes disso, a irrequieta vereadora chegou a desfilar no bloco Muri\u00e7ocas do Miramar na companhia do senador Jos\u00e9 Maranh\u00e3o (MDB), acusado por muitos aliados do prefeito como um dos causadores da desist\u00eancia de Cartaxo.<\/p>\n<p>Quanto a Milan\u00eaz Neto, integrantes do \u2018n\u00facleo duro\u2019 do prefeito descobriram que, dias antes do an\u00fancio do \u2018fico\u2019, o parlamentar, na companhia do pai, o secret\u00e1rio de Turismo da Capital, Fernando Milan\u00eaz, ofereceu um jantar em comemora\u00e7\u00e3o ao quase futuro prefeito da Capital.<\/p>\n<p>Contra Neto, pesa, sobretudo, o fato dele ser l\u00edder de Cartaxo no Parlamento Municipal.<\/p>\n<p>Agora, resta t\u00e3o somente esperar para saber se os mimos dos vereadores ter\u00e3o desdobramentos negativos. Pelo que o Blog apurou, por\u00e9m, se depender dos \u00e2nimos do \u2018n\u00facleo duro\u2019 do prefeito, haver\u00e1 sim rebordosa.<\/p>\n<p>Horas ap\u00f3s o an\u00fancio do \u2018fico\u2019 de Cartaxo, os vereadores Ra\u00edssa Lacerda e Milan\u00eaz Neto foram flagrados em um conhecido caf\u00e9 da cidade visivelmente abalados. A imagem abaixo, mesmo fosca, diz tudo.<\/p>\n<p><strong>CARIRI EM A\u00c7\u00c3O<\/strong><\/p>\n<p><em>Com Para\u00edba\u00a0J\u00e1\u00a0 \/Foto: Reprodu\u00e7\u00e3o Internet<\/em><\/p>\n<p><strong>Leia mais not\u00edcias em\u00a0<\/strong><a href=\"http:\/\/www.caririemacao.com\/\"><strong>caririemacao.com<\/strong><\/a><strong>, siga nossa p\u00e1gina no\u00a0<\/strong><a href=\"https:\/\/www.facebook.com\/CaririEmAcao\/?ref=aymt_homepage_panel\"><strong>Facebook<\/strong><\/a>,<strong>\u00a0<\/strong><a href=\"https:\/\/www.instagram.com\/cariri_em_acao\/?hl=pt-br\"><strong>Instagram<\/strong><\/a><strong>\u00a0e <\/strong><a href=\"https:\/\/www.youtube.com\/channel\/UCAptA0jQuYQy8vMhLt2m4qg\"><strong>Youtube<\/strong><\/a><strong>\u00a0e veja nossas mat\u00e9rias, v\u00eddeos e fotos. Voc\u00ea tamb\u00e9m pode enviar informa\u00e7\u00f5es \u00e0 Reda\u00e7\u00e3o do Portal Cariri em A\u00e7\u00e3o pelo WhatsApp (83) 9 9634.5791, (83) 9 9601-1162.<\/strong><\/p>\n","protected":false},"excerpt":{"rendered":"<p>N\u00e3o foram apenas o vice-prefeito Manoel J\u00fanior (MDB) e o ex-deputado federal Ruy Carneiro (PSDB) que sa\u00edram perdendo com a decis\u00e3o do prefeito Luciano Cartaxo&hellip; <\/p>\n","protected":false},"author":2,"featured_media":42614,"comment_status":"closed","ping_status":"closed","sticky":false,"template":"","format":"standard","meta":{"sfsi_plus_gutenberg_text_before_share":"","sfsi_plus_gutenberg_show_text_before_share":"","sfsi_plus_gutenberg_icon_type":"","sfsi_plus_gutenberg_icon_alignemt":"","sfsi_plus_gutenburg_max_per_row":"","footnotes":""},"categories":[11],"tags":[],"class_list":["post-43130","post","type-post","status-publish","format-standard","has-post-thumbnail","hentry","category-politica"],"_links":{"self":[{"href":"https:\/\/www.caririemacao.com\/1\/wp-json\/wp\/v2\/posts\/43130","targetHints":{"allow":["GET"]}}],"collection":[{"href":"https:\/\/www.caririemacao.com\/1\/wp-json\/wp\/v2\/posts"}],"about":[{"href":"https:\/\/www.caririemacao.com\/1\/wp-json\/wp\/v2\/types\/post"}],"author":[{"embeddable":true,"href":"https:\/\/www.caririemacao.com\/1\/wp-json\/wp\/v2\/users\/2"}],"replies":[{"embeddable":true,"href":"https:\/\/www.caririemacao.com\/1\/wp-json\/wp\/v2\/comments?post=43130"}],"version-history":[{"count":0,"href":"https:\/\/www.caririemacao.com\/1\/wp-json\/wp\/v2\/posts\/43130\/revisions"}],"wp:featuredmedia":[{"embeddable":true,"href":"https:\/\/www.caririemacao.com\/1\/wp-json\/wp\/v2\/media\/42614"}],"wp:attachment":[{"href":"https:\/\/www.caririemacao.com\/1\/wp-json\/wp\/v2\/media?parent=43130"}],"wp:term":[{"taxonomy":"category","embeddable":true,"href":"https:\/\/www.caririemacao.com\/1\/wp-json\/wp\/v2\/categories?post=43130"},{"taxonomy":"post_tag","embeddable":true,"href":"https:\/\/www.caririemacao.com\/1\/wp-json\/wp\/v2\/tags?post=43130"}],"curies":[{"name":"wp","href":"https:\/\/api.w.org\/{rel}","templated":true}]}}