{"id":43138,"date":"2018-03-06T17:24:43","date_gmt":"2018-03-06T20:24:43","guid":{"rendered":"http:\/\/caririemacao.com\/1\/?p=43138"},"modified":"2018-03-06T17:24:43","modified_gmt":"2018-03-06T20:24:43","slug":"lula-lidera-pesquisa-aponta-cnt-mda-sem-petista-bolsonaro-fica-em-1o","status":"publish","type":"post","link":"https:\/\/www.caririemacao.com\/1\/2018\/03\/06\/lula-lidera-pesquisa-aponta-cnt-mda-sem-petista-bolsonaro-fica-em-1o\/","title":{"rendered":"Lula lidera pesquisa, aponta CNT\/MDA; sem petista, Bolsonaro fica em 1\u00ba"},"content":{"rendered":"<div>Em todos os cen\u00e1rios em que aparece como candidato, o ex-presidente da Rep\u00fablica Luiz In\u00e1cio Lula da Silva (PT) lidera as inten\u00e7\u00f5es de voto para a Presid\u00eancia nas elei\u00e7\u00f5es marcadas para outubro deste ano, segundo pesquisa encomendada pela CNT (Confedera\u00e7\u00e3o Nacional do Transporte) ao Instituto MDA divulgada nesta ter\u00e7a-feira (6).<\/div>\n<div><\/div>\n<div>Nos cen\u00e1rios em que Lula \u00e9 deixado de fora, o deputado federal Jair Bolsonaro (PSC-RJ) aparece em primeiro.<\/div>\n<div><\/div>\n<div>A condena\u00e7\u00e3o em segunda inst\u00e2ncia no caso do tr\u00edplex torna Lula, em tese, ineleg\u00edvel pelos crit\u00e9rios da Lei da Ficha Limpa. A decis\u00e3o sobre a legalidade da candidatura ainda depende de um rito no TSE (Tribunal Superior Eleitoral).<\/div>\n<div><\/div>\n<div><strong>Cen\u00e1rio com Lula e Temer<\/strong><\/div>\n<div><\/div>\n<div>Lula &#8211; 33,4%<\/div>\n<div>Jair Bolsonaro (PSC) &#8211; 16,8%<\/div>\n<div>Marina Silva (Rede) &#8211;\u00a0 7,8%<\/div>\n<div>Geraldo Alckmin (PSDB) &#8211; 6,4%<\/div>\n<div>Ciro Gomes (PDT) &#8211; 4,3%<\/div>\n<div>\u00c1lvaro Dias (Podemos) &#8211; 3,3%<\/div>\n<div>Fernando Collor (PTC) &#8211; 1,2%<\/div>\n<div>Michel Temer (MDB) &#8211; 0,9%<\/div>\n<div>Manuela D`\u00c1vila (PCdoB) &#8211; 0,7%<\/div>\n<div>Rodrigo Maia (DEM) &#8211; 0,6%<\/div>\n<div>Brancos e nulos somam 18,2%.<\/div>\n<div>Indecisos ficam em 6,4%.<\/div>\n<div><\/div>\n<div><strong>Cen\u00e1rio sem Lula e com Haddad<\/strong><\/div>\n<div><\/div>\n<div>Jair Bolsonaro (PSC) &#8211; 20%<\/div>\n<div>Marina Silva (Rede) &#8211; 12,8%<\/div>\n<div>Geraldo Alckmin (PSDB) &#8211; 8,6%<\/div>\n<div>Ciro Gomes (PDT) &#8211; 8,1%<\/div>\n<div>\u00c1lvaro Dias (Podemos) &#8211; 4%<\/div>\n<div>Fernando Haddad (PT) &#8211; 2,3%<\/div>\n<div>Fernando Collor (PTC) &#8211; 2,1%<\/div>\n<div>Manuela D`\u00c1vila (PCdoB) &#8211; 1,3%<\/div>\n<div>Michel Temer (MDB) &#8211; 1,3%<\/div>\n<div>Rodrigo Maia (DEM) &#8211; 0,8%<\/div>\n<div>Brancos e nulos somam 28,2%.<\/div>\n<div>Indecisos ficam em 10,5%.<\/div>\n<div><\/div>\n<div><strong>Cen\u00e1rio sem Lula e Temer\u00a0<\/strong><\/div>\n<div><\/div>\n<div>Jair Bolsonaro (PSC) &#8211; 20,2%<\/div>\n<div>Marina Silva (Rede) &#8211; 13,4%<\/div>\n<div>Geraldo Alckmin (PSDB) &#8211; 8,7%<\/div>\n<div>Ciro Gomes (PDT) &#8211; 8,1%<\/div>\n<div>\u00c1lvaro Dias (Podemos) &#8211; 4,1%<\/div>\n<div>Fernando Haddad (PT) &#8211; 2,4%<\/div>\n<div>Fernando Collor (PTC) &#8211; 2,2%<\/div>\n<div>Manuela D`\u00c1vila (PCdoB) &#8211; 1,4%<\/div>\n<div>Rodrigo Maia (DEM) &#8211; 1%<\/div>\n<div>Brancos e nulos somam 28,4%.<\/div>\n<div>Indecisos ficam em 10,1%.<\/div>\n<div><\/div>\n<div><strong>Cen\u00e1rio sem Lula e Alckmin, mas com Temer\u00a0<\/strong><\/div>\n<div><\/div>\n<div>Jair Bolsonaro (PSC) &#8211; 20,9%<\/div>\n<div>Marina Silva (Rede) &#8211; 13,9%<\/div>\n<div>Ciro Gomes (PDT) &#8211; 9%<\/div>\n<div>\u00c1lvaro Dias (Podemos) &#8211; 4,7%<\/div>\n<div>Fernando Haddad (PT) &#8211; 2,9%<\/div>\n<div>Fernando Collor (PTC) &#8211; 2,1%<\/div>\n<div>Manuela D`\u00c1vila (PCdoB) &#8211; 1,7%<\/div>\n<div>Rodrigo Maia (DEM) &#8211; 1,4%<\/div>\n<div>Michel Temer (MDB) &#8211; 1,3%<\/div>\n<div>Brancos e nulos somam 30,5%.<\/div>\n<div>Indecisos ficam em 11,6%.<\/div>\n<div><\/div>\n<div><strong>Lula vence em todas as disputas de segundo turno\u00a0<\/strong><\/div>\n<div><\/div>\n<div>A pesquisa realizou ainda 14 cen\u00e1rios sobre um eventual segundo turno nas elei\u00e7\u00f5es de outubro. Lula lidera em todos em que aparece. Bolsonaro perderia em uma disputa contra Lula por 44,1% a 25,8% das inten\u00e7\u00f5es de voto. No entanto, Bolsonaro venceria o segundo turno contra Alckmin e Marina Silva. Se disputasse contra Alckmin, Bolsonaro venceria por 26,7% a 24,3%. Se fosse contra Marina Silva, por 27,7% a 26,6%. Temer e Rodrigo Maia perderiam em todos os cen\u00e1rios cogitados para o segundo turno.<\/div>\n<div><\/div>\n<div><strong>Rejei\u00e7\u00e3o aos candidatos\u00a0<\/strong><\/div>\n<div><\/div>\n<div>Rela\u00e7\u00e3o dos candidatos em que os entrevistados n\u00e3o votariam de jeito nenhum:<\/div>\n<div><\/div>\n<div>Michel Temer (MDB) &#8211; 88%<\/div>\n<div>Rodrigo Maia (DEM) &#8211; 55,8%<\/div>\n<div>Marina Silva (Rede) &#8211; 53,9%<\/div>\n<div>Geraldo Alckmin (PSDB) &#8211; 50,7%<\/div>\n<div>Jair Bolsonaro (PSC) &#8211; 50,4%<\/div>\n<div>Ciro Gomes (PDT) &#8211; 47,8%<\/div>\n<div>Lula (PT) &#8211; 46,7%<\/div>\n<div>\n<p><strong>CARIRI EM A\u00c7\u00c3O<\/strong><\/p>\n<p><em>Com Uol\/Foto: Reprodu\u00e7\u00e3o Internet<\/em><\/p>\n<p><strong>Leia mais not\u00edcias em\u00a0<\/strong><a href=\"http:\/\/www.caririemacao.com\/\"><strong>caririemacao.com<\/strong><\/a><strong>, siga nossa p\u00e1gina no\u00a0<\/strong><a href=\"https:\/\/www.facebook.com\/CaririEmAcao\/?ref=aymt_homepage_panel\"><strong>Facebook<\/strong><\/a>,<strong>\u00a0<\/strong><a href=\"https:\/\/www.instagram.com\/cariri_em_acao\/?hl=pt-br\"><strong>Instagram<\/strong><\/a><strong>\u00a0e\u00a0<\/strong><a href=\"https:\/\/www.youtube.com\/channel\/UCAptA0jQuYQy8vMhLt2m4qg\"><strong>Youtube<\/strong><\/a><strong>\u00a0e veja nossas mat\u00e9rias, v\u00eddeos e fotos. Voc\u00ea tamb\u00e9m pode enviar informa\u00e7\u00f5es \u00e0 Reda\u00e7\u00e3o do Portal Cariri em A\u00e7\u00e3o pelo WhatsApp (83) 9 9634.5791, (83) 9 9601-1162.<\/strong><\/p>\n<\/div>\n","protected":false},"excerpt":{"rendered":"<p>Em todos os cen\u00e1rios em que aparece como candidato, o ex-presidente da Rep\u00fablica Luiz In\u00e1cio Lula da Silva (PT) lidera as inten\u00e7\u00f5es de voto para&hellip; <\/p>\n","protected":false},"author":2,"featured_media":43139,"comment_status":"closed","ping_status":"closed","sticky":false,"template":"","format":"standard","meta":{"sfsi_plus_gutenberg_text_before_share":"","sfsi_plus_gutenberg_show_text_before_share":"","sfsi_plus_gutenberg_icon_type":"","sfsi_plus_gutenberg_icon_alignemt":"","sfsi_plus_gutenburg_max_per_row":"","footnotes":""},"categories":[11],"tags":[],"class_list":["post-43138","post","type-post","status-publish","format-standard","has-post-thumbnail","hentry","category-politica"],"_links":{"self":[{"href":"https:\/\/www.caririemacao.com\/1\/wp-json\/wp\/v2\/posts\/43138","targetHints":{"allow":["GET"]}}],"collection":[{"href":"https:\/\/www.caririemacao.com\/1\/wp-json\/wp\/v2\/posts"}],"about":[{"href":"https:\/\/www.caririemacao.com\/1\/wp-json\/wp\/v2\/types\/post"}],"author":[{"embeddable":true,"href":"https:\/\/www.caririemacao.com\/1\/wp-json\/wp\/v2\/users\/2"}],"replies":[{"embeddable":true,"href":"https:\/\/www.caririemacao.com\/1\/wp-json\/wp\/v2\/comments?post=43138"}],"version-history":[{"count":0,"href":"https:\/\/www.caririemacao.com\/1\/wp-json\/wp\/v2\/posts\/43138\/revisions"}],"wp:featuredmedia":[{"embeddable":true,"href":"https:\/\/www.caririemacao.com\/1\/wp-json\/wp\/v2\/media\/43139"}],"wp:attachment":[{"href":"https:\/\/www.caririemacao.com\/1\/wp-json\/wp\/v2\/media?parent=43138"}],"wp:term":[{"taxonomy":"category","embeddable":true,"href":"https:\/\/www.caririemacao.com\/1\/wp-json\/wp\/v2\/categories?post=43138"},{"taxonomy":"post_tag","embeddable":true,"href":"https:\/\/www.caririemacao.com\/1\/wp-json\/wp\/v2\/tags?post=43138"}],"curies":[{"name":"wp","href":"https:\/\/api.w.org\/{rel}","templated":true}]}}