{"id":43175,"date":"2018-03-06T21:25:50","date_gmt":"2018-03-07T00:25:50","guid":{"rendered":"http:\/\/caririemacao.com\/1\/?p=43175"},"modified":"2018-03-06T21:25:50","modified_gmt":"2018-03-07T00:25:50","slug":"detran-vai-credenciar-empresas-para-organizacao-de-leiloes-de-veiculos","status":"publish","type":"post","link":"https:\/\/www.caririemacao.com\/1\/2018\/03\/06\/detran-vai-credenciar-empresas-para-organizacao-de-leiloes-de-veiculos\/","title":{"rendered":"Detran vai credenciar empresas para organiza\u00e7\u00e3o de leil\u00f5es de ve\u00edculos"},"content":{"rendered":"<p>O Departamento Estadual de Tr\u00e2nsito da Para\u00edba (Detran-PB)\u00a0publicou edital de credenciamento de empresas para servi\u00e7os de suporte log\u00edstico e organiza\u00e7\u00e3o de leil\u00f5es de ve\u00edculos apreendidos por situa\u00e7\u00e3o de viola\u00e7\u00e3o \u00e0 legisla\u00e7\u00e3o de tr\u00e2nsito. O processo que autorizou o\u00a0 credenciamento foi regulamento atrav\u00e9s da\u00a0Portaria n\u00ba 034\/2018.\u00a0 Segundo o Detran, o estado tem atualmente mais de 20 mil ve\u00edculos apreendidos por irregularidades.<\/p>\n<p>De acordo com o superintendente do Detran na Para\u00edba, Agamenon Vieira, o processo busca esvaziar os p\u00e1tios do \u00f3rg\u00e3o ocupados atualmente por ve\u00edculos em situa\u00e7\u00e3o irregular e recuperar os tributos n\u00e3o pagos pelos propriet\u00e1rios. \u201cA medida far\u00e1 com que o Detran da Para\u00edba capte benef\u00edcios tanto operacionais, com a agilidade dos procedimentos e esvaziamento e otimiza\u00e7\u00e3o da \u00e1rea dos p\u00e1tios, quanto financeiros, com a recupera\u00e7\u00e3o dos valores devidos a t\u00edtulo de tributos n\u00e3o pagos pelo propriet\u00e1rio do ve\u00edculo apreendido\u201d, disse.<\/p>\n<p>O processo de credenciamento vai ser acompanhado atrav\u00e9s de uma comiss\u00e3o espec\u00edfica formada pelo \u00f3rg\u00e3o, que ser\u00e1 respons\u00e1vel pela an\u00e1lise da documenta\u00e7\u00e3o das empresas inscritas. N\u00e3o \u00e9 permitida a participa\u00e7\u00e3o de empresas com\u00a0v\u00ednculos com despachantes e servidores do Detran.<\/p>\n<h4><strong>Credenciamento<\/strong><\/h4>\n<p>O requerimento para credenciamento das empresas interessadas no processo j\u00e1 pode ser feito e deve ser protocolado na sede do Detran, no setor de Protocolo Geral de segunda a sexta-feira, das 8h \u00e0s 16h30. Os\u00a0servi\u00e7os de suporte log\u00edstico e organiza\u00e7\u00e3o dos leil\u00f5es v\u00e3o ser desenvolvidos considerando as mesorregi\u00f5es do estado;\u00a0Agreste, Borborema, Mata Paraibana e Sert\u00e3o.<\/p>\n<p>No caso da aus\u00eancia de credenciados em determinada mesorregi\u00e3o, a\u00a0organiza\u00e7\u00e3o dos leil\u00f5es atribuir\u00e1 ao credenciado da mesorregi\u00e3o mais pr\u00f3xima a realiza\u00e7\u00e3o do processo.\u00a0O credenciamento de empresas \u00e9 regido com base nas Leis Federais 8.666\/93 e 9.503\/97, al\u00e9m da Resolu\u00e7\u00e3o do Conselho Nacional de Tr\u00e2nsito (Contran) n\u00ba 623\/16, e pelas normas do Edital e da Portaria expedida pelo Detran.<\/p>\n<p><strong>CARIRI EM A\u00c7\u00c3O<\/strong><\/p>\n<p><em>Com Jornal da Para\u00edba\/Foto: Reprodu\u00e7\u00e3o Internet<\/em><\/p>\n<p><strong>Leia mais not\u00edcias em\u00a0<\/strong><a href=\"http:\/\/www.caririemacao.com\/\"><strong>caririemacao.com<\/strong><\/a><strong>, siga nossa p\u00e1gina no\u00a0<\/strong><a href=\"https:\/\/www.facebook.com\/CaririEmAcao\/?ref=aymt_homepage_panel\"><strong>Facebook<\/strong><\/a>,<strong>\u00a0<\/strong><a href=\"https:\/\/www.instagram.com\/cariri_em_acao\/?hl=pt-br\"><strong>Instagram<\/strong><\/a><strong>\u00a0e\u00a0<\/strong><a href=\"https:\/\/www.youtube.com\/channel\/UCAptA0jQuYQy8vMhLt2m4qg\"><strong>Youtube<\/strong><\/a><strong>\u00a0e veja nossas mat\u00e9rias, v\u00eddeos e fotos. Voc\u00ea tamb\u00e9m pode enviar informa\u00e7\u00f5es \u00e0 Reda\u00e7\u00e3o do Portal Cariri em A\u00e7\u00e3o pelo WhatsApp (83) 9 9634.5791, (83) 9 9601-1162.<\/strong><\/p>\n","protected":false},"excerpt":{"rendered":"<p>O Departamento Estadual de Tr\u00e2nsito da Para\u00edba (Detran-PB)\u00a0publicou edital de credenciamento de empresas para servi\u00e7os de suporte log\u00edstico e organiza\u00e7\u00e3o de leil\u00f5es de ve\u00edculos apreendidos&hellip; <\/p>\n","protected":false},"author":2,"featured_media":43176,"comment_status":"closed","ping_status":"closed","sticky":false,"template":"","format":"standard","meta":{"sfsi_plus_gutenberg_text_before_share":"","sfsi_plus_gutenberg_show_text_before_share":"","sfsi_plus_gutenberg_icon_type":"","sfsi_plus_gutenberg_icon_alignemt":"","sfsi_plus_gutenburg_max_per_row":"","footnotes":""},"categories":[2],"tags":[],"class_list":["post-43175","post","type-post","status-publish","format-standard","has-post-thumbnail","hentry","category-geral"],"_links":{"self":[{"href":"https:\/\/www.caririemacao.com\/1\/wp-json\/wp\/v2\/posts\/43175","targetHints":{"allow":["GET"]}}],"collection":[{"href":"https:\/\/www.caririemacao.com\/1\/wp-json\/wp\/v2\/posts"}],"about":[{"href":"https:\/\/www.caririemacao.com\/1\/wp-json\/wp\/v2\/types\/post"}],"author":[{"embeddable":true,"href":"https:\/\/www.caririemacao.com\/1\/wp-json\/wp\/v2\/users\/2"}],"replies":[{"embeddable":true,"href":"https:\/\/www.caririemacao.com\/1\/wp-json\/wp\/v2\/comments?post=43175"}],"version-history":[{"count":0,"href":"https:\/\/www.caririemacao.com\/1\/wp-json\/wp\/v2\/posts\/43175\/revisions"}],"wp:featuredmedia":[{"embeddable":true,"href":"https:\/\/www.caririemacao.com\/1\/wp-json\/wp\/v2\/media\/43176"}],"wp:attachment":[{"href":"https:\/\/www.caririemacao.com\/1\/wp-json\/wp\/v2\/media?parent=43175"}],"wp:term":[{"taxonomy":"category","embeddable":true,"href":"https:\/\/www.caririemacao.com\/1\/wp-json\/wp\/v2\/categories?post=43175"},{"taxonomy":"post_tag","embeddable":true,"href":"https:\/\/www.caririemacao.com\/1\/wp-json\/wp\/v2\/tags?post=43175"}],"curies":[{"name":"wp","href":"https:\/\/api.w.org\/{rel}","templated":true}]}}