{"id":43179,"date":"2018-03-06T21:42:24","date_gmt":"2018-03-07T00:42:24","guid":{"rendered":"http:\/\/caririemacao.com\/1\/?p=43179"},"modified":"2018-03-06T21:42:24","modified_gmt":"2018-03-07T00:42:24","slug":"reajuste-do-bolsa-familia-para-2018-e-divulgado-pelo-governo","status":"publish","type":"post","link":"https:\/\/www.caririemacao.com\/1\/2018\/03\/06\/reajuste-do-bolsa-familia-para-2018-e-divulgado-pelo-governo\/","title":{"rendered":"Reajuste do Bolsa Fam\u00edlia para 2018 \u00e9 divulgado pelo governo"},"content":{"rendered":"<p>O reajuste do Bolsa Fam\u00edlia ser\u00e1 de no m\u00ednimo 2,95% \u2013 que foi a infla\u00e7\u00e3o oficial registrada em 2017, mais um percentual de forma a compensar o peso da alta do g\u00e1s de cozinha para as fam\u00edlias mais pobres, que foi de 16,39% no ano passado. O valor exato ainda est\u00e1 em estudo e depende do aval da equipe econ\u00f4mica.<\/p>\n<p>De acordo com o ministro do Desenvolvimento Social, Osmar Terra, o presidente Michel Temer pediu pressa para fechar a proposta e quer anunciar o aumento do Bolsa ainda em mar\u00e7o, a fim de que as fam\u00edlias comecem a receber no m\u00eas seguinte. \u201cAinda n\u00e3o temos o percentual fechando, mas a ideia \u00e9 cobrir a infla\u00e7\u00e3o, mais uma parte da alta no pre\u00e7o do botij\u00e3o\u201d.<\/p>\n<p>O \u00faltimo reajuste do Bolsa Fam\u00edlia foi de 12,5%, concedido em meados de 2016, logo ap\u00f3s a posse do presidente Michel Temer. O programa beneficia atualmente 13,8 milh\u00f5es de fam\u00edlias, com com renda por pessoa entre R$ 85,01 e R$ 170,00 mensais, desde que tenham crian\u00e7as ou adolescentes de 0 a 17 anos.<\/p>\n<p>Conforme o ministro, o governo tamb\u00e9m estuda incluir algumas condicionantes no programa, como por exemplo, exig\u00eancia de segundo turno escolar dos filhos, matr\u00edcula em atividades esportivas e est\u00e1gio em empresas privadas no setor de turismo.<\/p>\n<p>A ideia \u00e9 iniciar um projeto piloto no Rio. Segundo dados oficiais, cerca de 55 mil jovens poder\u00e3o ser beneficiados em favelas inclu\u00eddas em \u00e1reas consideradas cr\u00edticas no Estado. O ministro garantiu ainda que quer entregar a proposta antes de deixar o cargo para disputar uma vaga na C\u00e2mara dos Deputados.<\/p>\n<p><strong>CARIRI EM A\u00c7\u00c3O<\/strong><\/p>\n<p><em>Com Para\u00edba Debate\/Foto: Reprodu\u00e7\u00e3o google<\/em><\/p>\n<p><strong>Leia mais not\u00edcias em\u00a0<\/strong><a href=\"http:\/\/www.caririemacao.com\/\"><strong>caririemacao.com<\/strong><\/a><strong>, siga nossa p\u00e1gina no\u00a0<\/strong><a href=\"https:\/\/www.facebook.com\/CaririEmAcao\/?ref=aymt_homepage_panel\"><strong>Facebook<\/strong><\/a>,<strong>\u00a0<\/strong><a href=\"https:\/\/www.instagram.com\/cariri_em_acao\/?hl=pt-br\"><strong>Instagram<\/strong><\/a><strong>\u00a0e\u00a0<\/strong><a href=\"https:\/\/www.youtube.com\/channel\/UCAptA0jQuYQy8vMhLt2m4qg\"><strong>Youtube<\/strong><\/a><strong>\u00a0e veja nossas mat\u00e9rias, v\u00eddeos e fotos. Voc\u00ea tamb\u00e9m pode enviar informa\u00e7\u00f5es \u00e0 Reda\u00e7\u00e3o do Portal Cariri em A\u00e7\u00e3o pelo WhatsApp (83) 9 9634.5791, (83) 9 9601-1162.<\/strong><\/p>\n","protected":false},"excerpt":{"rendered":"<p>O reajuste do Bolsa Fam\u00edlia ser\u00e1 de no m\u00ednimo 2,95% \u2013 que foi a infla\u00e7\u00e3o oficial registrada em 2017, mais um percentual de forma a&hellip; <\/p>\n","protected":false},"author":2,"featured_media":43180,"comment_status":"closed","ping_status":"closed","sticky":false,"template":"","format":"standard","meta":{"sfsi_plus_gutenberg_text_before_share":"","sfsi_plus_gutenberg_show_text_before_share":"","sfsi_plus_gutenberg_icon_type":"","sfsi_plus_gutenberg_icon_alignemt":"","sfsi_plus_gutenburg_max_per_row":"","footnotes":""},"categories":[2],"tags":[],"class_list":["post-43179","post","type-post","status-publish","format-standard","has-post-thumbnail","hentry","category-geral"],"_links":{"self":[{"href":"https:\/\/www.caririemacao.com\/1\/wp-json\/wp\/v2\/posts\/43179","targetHints":{"allow":["GET"]}}],"collection":[{"href":"https:\/\/www.caririemacao.com\/1\/wp-json\/wp\/v2\/posts"}],"about":[{"href":"https:\/\/www.caririemacao.com\/1\/wp-json\/wp\/v2\/types\/post"}],"author":[{"embeddable":true,"href":"https:\/\/www.caririemacao.com\/1\/wp-json\/wp\/v2\/users\/2"}],"replies":[{"embeddable":true,"href":"https:\/\/www.caririemacao.com\/1\/wp-json\/wp\/v2\/comments?post=43179"}],"version-history":[{"count":0,"href":"https:\/\/www.caririemacao.com\/1\/wp-json\/wp\/v2\/posts\/43179\/revisions"}],"wp:featuredmedia":[{"embeddable":true,"href":"https:\/\/www.caririemacao.com\/1\/wp-json\/wp\/v2\/media\/43180"}],"wp:attachment":[{"href":"https:\/\/www.caririemacao.com\/1\/wp-json\/wp\/v2\/media?parent=43179"}],"wp:term":[{"taxonomy":"category","embeddable":true,"href":"https:\/\/www.caririemacao.com\/1\/wp-json\/wp\/v2\/categories?post=43179"},{"taxonomy":"post_tag","embeddable":true,"href":"https:\/\/www.caririemacao.com\/1\/wp-json\/wp\/v2\/tags?post=43179"}],"curies":[{"name":"wp","href":"https:\/\/api.w.org\/{rel}","templated":true}]}}