{"id":43182,"date":"2018-03-06T21:47:19","date_gmt":"2018-03-07T00:47:19","guid":{"rendered":"http:\/\/caririemacao.com\/1\/?p=43182"},"modified":"2018-03-06T21:47:19","modified_gmt":"2018-03-07T00:47:19","slug":"homem-morre-eletrocutado-quando-concertava-vazamento-em-escola","status":"publish","type":"post","link":"https:\/\/www.caririemacao.com\/1\/2018\/03\/06\/homem-morre-eletrocutado-quando-concertava-vazamento-em-escola\/","title":{"rendered":"Homem morre eletrocutado quando concertava vazamento em escola"},"content":{"rendered":"<p>Um homem morreu ap\u00f3s sofrer uma forte descarga el\u00e9trica enquanto trabalhava em escola no final da manh\u00e3 de hoje (06), no s\u00edtio no s\u00edtio Pau Ferros dos S\u00e9rgios, localizado no munic\u00edpio de Santana de Mangueira, no Vale do Pianc\u00f3.<\/p>\n<p>A v\u00edtima identificada apenas como Jo\u00e3o de 31 anos de idade, estaria concertando vazamentos no col\u00e9gio quando acidentalmente tocou em um fio descascado e com isso sofreu um forte choque.<\/p>\n<p>Uma equipe do SAMU foi acionada e ao chegar ao local tentou animar a v\u00edtima que n\u00e3o resistiu aos ferimentos e veio a \u00f3bito no local.<\/p>\n<p><strong>CARIRI EM A\u00c7\u00c3O<\/strong><\/p>\n<p><em>Com Rep\u00f3rter PB\/Foto: Reprodu\u00e7\u00e3o Internet<\/em><\/p>\n<p><strong>Leia mais not\u00edcias em\u00a0<\/strong><a href=\"http:\/\/www.caririemacao.com\/\"><strong>caririemacao.com<\/strong><\/a><strong>, siga nossa p\u00e1gina no\u00a0<\/strong><a href=\"https:\/\/www.facebook.com\/CaririEmAcao\/?ref=aymt_homepage_panel\"><strong>Facebook<\/strong><\/a>,<strong>\u00a0<\/strong><a href=\"https:\/\/www.instagram.com\/cariri_em_acao\/?hl=pt-br\"><strong>Instagram<\/strong><\/a><strong>\u00a0e\u00a0<\/strong><a href=\"https:\/\/www.youtube.com\/channel\/UCAptA0jQuYQy8vMhLt2m4qg\"><strong>Youtube<\/strong><\/a><strong>\u00a0e veja nossas mat\u00e9rias, v\u00eddeos e fotos. Voc\u00ea tamb\u00e9m pode enviar informa\u00e7\u00f5es \u00e0 Reda\u00e7\u00e3o do Portal Cariri em A\u00e7\u00e3o pelo WhatsApp (83) 9 9634.5791, (83) 9 9601-1162.<\/strong><\/p>\n","protected":false},"excerpt":{"rendered":"<p>Um homem morreu ap\u00f3s sofrer uma forte descarga el\u00e9trica enquanto trabalhava em escola no final da manh\u00e3 de hoje (06), no s\u00edtio no s\u00edtio Pau&hellip; <\/p>\n","protected":false},"author":2,"featured_media":43183,"comment_status":"closed","ping_status":"closed","sticky":false,"template":"","format":"standard","meta":{"sfsi_plus_gutenberg_text_before_share":"","sfsi_plus_gutenberg_show_text_before_share":"","sfsi_plus_gutenberg_icon_type":"","sfsi_plus_gutenberg_icon_alignemt":"","sfsi_plus_gutenburg_max_per_row":"","footnotes":""},"categories":[12],"tags":[],"class_list":["post-43182","post","type-post","status-publish","format-standard","has-post-thumbnail","hentry","category-policia"],"_links":{"self":[{"href":"https:\/\/www.caririemacao.com\/1\/wp-json\/wp\/v2\/posts\/43182","targetHints":{"allow":["GET"]}}],"collection":[{"href":"https:\/\/www.caririemacao.com\/1\/wp-json\/wp\/v2\/posts"}],"about":[{"href":"https:\/\/www.caririemacao.com\/1\/wp-json\/wp\/v2\/types\/post"}],"author":[{"embeddable":true,"href":"https:\/\/www.caririemacao.com\/1\/wp-json\/wp\/v2\/users\/2"}],"replies":[{"embeddable":true,"href":"https:\/\/www.caririemacao.com\/1\/wp-json\/wp\/v2\/comments?post=43182"}],"version-history":[{"count":0,"href":"https:\/\/www.caririemacao.com\/1\/wp-json\/wp\/v2\/posts\/43182\/revisions"}],"wp:featuredmedia":[{"embeddable":true,"href":"https:\/\/www.caririemacao.com\/1\/wp-json\/wp\/v2\/media\/43183"}],"wp:attachment":[{"href":"https:\/\/www.caririemacao.com\/1\/wp-json\/wp\/v2\/media?parent=43182"}],"wp:term":[{"taxonomy":"category","embeddable":true,"href":"https:\/\/www.caririemacao.com\/1\/wp-json\/wp\/v2\/categories?post=43182"},{"taxonomy":"post_tag","embeddable":true,"href":"https:\/\/www.caririemacao.com\/1\/wp-json\/wp\/v2\/tags?post=43182"}],"curies":[{"name":"wp","href":"https:\/\/api.w.org\/{rel}","templated":true}]}}