{"id":43193,"date":"2018-03-06T22:18:45","date_gmt":"2018-03-07T01:18:45","guid":{"rendered":"http:\/\/caririemacao.com\/1\/?p=43193"},"modified":"2018-03-06T22:18:45","modified_gmt":"2018-03-07T01:18:45","slug":"multas-e-debitos-de-veiculos-poderao-ser-pagos-com-cartao-de-credito","status":"publish","type":"post","link":"https:\/\/www.caririemacao.com\/1\/2018\/03\/06\/multas-e-debitos-de-veiculos-poderao-ser-pagos-com-cartao-de-credito\/","title":{"rendered":"Multas e d\u00e9bitos de ve\u00edculos poder\u00e3o ser pagos com cart\u00e3o de cr\u00e9dito"},"content":{"rendered":"<p>O Detran-DF deve iniciar a opera\u00e7\u00e3o no m\u00eas de abril<\/p>\n<p>O Departamento de Tr\u00e2nsito do Distrito Federal (Detran-DF) publicou, no DODF desta ter\u00e7a-feira (6), Instru\u00e7\u00e3o de Credenciamento a empresas prestadoras de servi\u00e7os para parcelamento de multas e d\u00e9bitos de ve\u00edculos com cart\u00e3o de cr\u00e9dito.<\/p>\n<p>A Instru\u00e7\u00e3o n\u00ba 125 fixa as exig\u00eancias para o credenciamento de empresas para processar as opera\u00e7\u00f5es e os respectivos pagamentos por meio de cart\u00f5es de d\u00e9bito ou cr\u00e9dito, de forma a disponibilizar aos propriet\u00e1rios de ve\u00edculos, alternativas para quitar seus d\u00e9bitos \u00e0 vista ou em parcela mensais, com a imediata regulariza\u00e7\u00e3o da situa\u00e7\u00e3o do ve\u00edculo, em conformidade com a legisla\u00e7\u00e3o de tr\u00e2nsito vigente e o que estabelece a Instru\u00e7\u00e3o.<\/p>\n<p>A previs\u00e3o \u00e9 de que na segunda quinzena de abril o cidad\u00e3o j\u00e1 possa ser atendido presencialmente nos postos de atendimento do Gama, Shopping Popular, Taguatinga, no Dep\u00f3sito de Ve\u00edculos da Asa Norte e na Sede do Detran. Quanto ao atendimento online, deve ser disponibilizado no m\u00eas de maio.<\/p>\n<p>O cidad\u00e3o poder\u00e1 utilizar mais de um cart\u00e3o de cr\u00e9dito para efetuar o parcelamento dos d\u00e9bitos. O pagamento via cart\u00e3o de cr\u00e9dito pode ser realizado inclusive por cart\u00e3o de terceiros, desde que seja realizado presencialmente, e a pessoa esteja junto com documento de identifica\u00e7\u00e3o. O pagamento feito online s\u00f3 pode ser realizado por cart\u00e3o em que o titular seja a mesma pessoa que est\u00e1 em d\u00e9bito com o Detran-DF.<\/p>\n<p>As empresas credenciadas entrar\u00e3o em contato com os devedores por meio de carta-convite, informando senha e c\u00f3digo de acesso para negocia\u00e7\u00e3o. O parcelamento dos d\u00e9bitos poder\u00e1 ser concedido em at\u00e9 12 parcelas a depender do limite de cr\u00e9dito do cart\u00e3o. As bandeiras que estar\u00e3o dispon\u00edveis s\u00e3o a Mastercard, Visa e Elo.<\/p>\n<p><strong>Resolu\u00e7\u00e3o do Conselho Nacional de Tr\u00e2nsito<\/strong><\/p>\n<p>A Resolu\u00e7\u00e3o N\u00b0 697 do Contran, de 10 de outubro de 2017, estabelece e normatiza os procedimentos para a aplica\u00e7\u00e3o das multas por infra\u00e7\u00f5es, a arrecada\u00e7\u00e3o e o repasse dos valores arrecadados e a disposi\u00e7\u00e3o sobre o pagamento parcelado de multas de tr\u00e2nsito, em \u00e2mbito nacional. Com isto, \u00e9 poss\u00edvel que o Detran-DF possa credenciar empresas para efetuarem parcelamentos via cart\u00f5es de d\u00e9bito e ou cr\u00e9dito.<\/p>\n<p><strong>CARIRI EM A\u00c7\u00c3O<\/strong><\/p>\n<p><em>Com Bras\u00edlia de Fato\/Foto: Reprodu\u00e7\u00e3o Internet<\/em><\/p>\n<p><strong>Leia mais not\u00edcias em\u00a0<\/strong><a href=\"http:\/\/www.caririemacao.com\/\"><strong>caririemacao.com<\/strong><\/a><strong>, siga nossa p\u00e1gina no\u00a0<\/strong><a href=\"https:\/\/www.facebook.com\/CaririEmAcao\/?ref=aymt_homepage_panel\"><strong>Facebook<\/strong><\/a>,<strong>\u00a0<\/strong><a href=\"https:\/\/www.instagram.com\/cariri_em_acao\/?hl=pt-br\"><strong>Instagram<\/strong><\/a><strong>\u00a0e\u00a0<\/strong><a href=\"https:\/\/www.youtube.com\/channel\/UCAptA0jQuYQy8vMhLt2m4qg\"><strong>Youtube<\/strong><\/a><strong>\u00a0e veja nossas mat\u00e9rias, v\u00eddeos e fotos. Voc\u00ea tamb\u00e9m pode enviar informa\u00e7\u00f5es \u00e0 Reda\u00e7\u00e3o do Portal Cariri em A\u00e7\u00e3o pelo WhatsApp (83) 9 9634.5791, (83) 9 9601-1162.<\/strong><\/p>\n","protected":false},"excerpt":{"rendered":"<p>O Detran-DF deve iniciar a opera\u00e7\u00e3o no m\u00eas de abril O Departamento de Tr\u00e2nsito do Distrito Federal (Detran-DF) publicou, no DODF desta ter\u00e7a-feira (6), Instru\u00e7\u00e3o&hellip; <\/p>\n","protected":false},"author":2,"featured_media":43195,"comment_status":"closed","ping_status":"closed","sticky":false,"template":"","format":"standard","meta":{"sfsi_plus_gutenberg_text_before_share":"","sfsi_plus_gutenberg_show_text_before_share":"","sfsi_plus_gutenberg_icon_type":"","sfsi_plus_gutenberg_icon_alignemt":"","sfsi_plus_gutenburg_max_per_row":"","footnotes":""},"categories":[2],"tags":[],"class_list":["post-43193","post","type-post","status-publish","format-standard","has-post-thumbnail","hentry","category-geral"],"_links":{"self":[{"href":"https:\/\/www.caririemacao.com\/1\/wp-json\/wp\/v2\/posts\/43193","targetHints":{"allow":["GET"]}}],"collection":[{"href":"https:\/\/www.caririemacao.com\/1\/wp-json\/wp\/v2\/posts"}],"about":[{"href":"https:\/\/www.caririemacao.com\/1\/wp-json\/wp\/v2\/types\/post"}],"author":[{"embeddable":true,"href":"https:\/\/www.caririemacao.com\/1\/wp-json\/wp\/v2\/users\/2"}],"replies":[{"embeddable":true,"href":"https:\/\/www.caririemacao.com\/1\/wp-json\/wp\/v2\/comments?post=43193"}],"version-history":[{"count":0,"href":"https:\/\/www.caririemacao.com\/1\/wp-json\/wp\/v2\/posts\/43193\/revisions"}],"wp:featuredmedia":[{"embeddable":true,"href":"https:\/\/www.caririemacao.com\/1\/wp-json\/wp\/v2\/media\/43195"}],"wp:attachment":[{"href":"https:\/\/www.caririemacao.com\/1\/wp-json\/wp\/v2\/media?parent=43193"}],"wp:term":[{"taxonomy":"category","embeddable":true,"href":"https:\/\/www.caririemacao.com\/1\/wp-json\/wp\/v2\/categories?post=43193"},{"taxonomy":"post_tag","embeddable":true,"href":"https:\/\/www.caririemacao.com\/1\/wp-json\/wp\/v2\/tags?post=43193"}],"curies":[{"name":"wp","href":"https:\/\/api.w.org\/{rel}","templated":true}]}}