{"id":43197,"date":"2018-03-06T22:36:17","date_gmt":"2018-03-07T01:36:17","guid":{"rendered":"http:\/\/caririemacao.com\/1\/?p=43197"},"modified":"2018-03-06T22:36:17","modified_gmt":"2018-03-07T01:36:17","slug":"deputado-revela-possibilidade-de-cartaxo-voltar-atras-e-se-candidatar","status":"publish","type":"post","link":"https:\/\/www.caririemacao.com\/1\/2018\/03\/06\/deputado-revela-possibilidade-de-cartaxo-voltar-atras-e-se-candidatar\/","title":{"rendered":"Deputado revela possibilidade de Cartaxo voltar atr\u00e1s e se candidatar"},"content":{"rendered":"<p>O deputado federal Bruno Cunha Lima (PSDB) revelou nesta ter\u00e7a-feira (6) ao Portal WSCOM que segundo informa\u00e7\u00f5es que disp\u00f5e pelos bastidores, ainda h\u00e1 possibilidade de revers\u00e3o na decis\u00e3o do prefeito Luciano Cartaxo (PSD), para que ele ainda possa ser candidato ao Governo pela oposi\u00e7\u00e3o.<\/p>\n<p>Bruno n\u00e3o quis antecipar o que o leva a ter essa convic\u00e7\u00e3o, mas afirmou que de ontem para hoje houve entendimentos que refor\u00e7am essa hip\u00f3tese.<\/p>\n<p>Ele admitiu ainda que a decis\u00e3o de Luciano foi muito forte e que afetou o conjunto das for\u00e7as de oposi\u00e7\u00e3o.<\/p>\n<p><strong>CARIRI EM A\u00c7\u00c3O<\/strong><\/p>\n<p><em>Com Wscom\/Foto: Reprodu\u00e7\u00e3o Internet<\/em><\/p>\n<p><strong>Leia mais not\u00edcias em\u00a0<\/strong><a href=\"http:\/\/www.caririemacao.com\/\"><strong>caririemacao.com<\/strong><\/a><strong>, siga nossa p\u00e1gina no\u00a0<\/strong><a href=\"https:\/\/www.facebook.com\/CaririEmAcao\/?ref=aymt_homepage_panel\"><strong>Facebook<\/strong><\/a>,<strong>\u00a0<\/strong><a href=\"https:\/\/www.instagram.com\/cariri_em_acao\/?hl=pt-br\"><strong>Instagram<\/strong><\/a><strong>\u00a0e\u00a0<\/strong><a href=\"https:\/\/www.youtube.com\/channel\/UCAptA0jQuYQy8vMhLt2m4qg\"><strong>Youtube<\/strong><\/a><strong>\u00a0e veja nossas mat\u00e9rias, v\u00eddeos e fotos. Voc\u00ea tamb\u00e9m pode enviar informa\u00e7\u00f5es \u00e0 Reda\u00e7\u00e3o do Portal Cariri em A\u00e7\u00e3o pelo WhatsApp (83) 9 9634.5791, (83) 9 9601-1162.<\/strong><\/p>\n","protected":false},"excerpt":{"rendered":"<p>O deputado federal Bruno Cunha Lima (PSDB) revelou nesta ter\u00e7a-feira (6) ao Portal WSCOM que segundo informa\u00e7\u00f5es que disp\u00f5e pelos bastidores, ainda h\u00e1 possibilidade de&hellip; <\/p>\n","protected":false},"author":2,"featured_media":43199,"comment_status":"closed","ping_status":"closed","sticky":false,"template":"","format":"standard","meta":{"sfsi_plus_gutenberg_text_before_share":"","sfsi_plus_gutenberg_show_text_before_share":"","sfsi_plus_gutenberg_icon_type":"","sfsi_plus_gutenberg_icon_alignemt":"","sfsi_plus_gutenburg_max_per_row":"","footnotes":""},"categories":[1],"tags":[],"class_list":["post-43197","post","type-post","status-publish","format-standard","has-post-thumbnail","hentry","category-o-site"],"_links":{"self":[{"href":"https:\/\/www.caririemacao.com\/1\/wp-json\/wp\/v2\/posts\/43197","targetHints":{"allow":["GET"]}}],"collection":[{"href":"https:\/\/www.caririemacao.com\/1\/wp-json\/wp\/v2\/posts"}],"about":[{"href":"https:\/\/www.caririemacao.com\/1\/wp-json\/wp\/v2\/types\/post"}],"author":[{"embeddable":true,"href":"https:\/\/www.caririemacao.com\/1\/wp-json\/wp\/v2\/users\/2"}],"replies":[{"embeddable":true,"href":"https:\/\/www.caririemacao.com\/1\/wp-json\/wp\/v2\/comments?post=43197"}],"version-history":[{"count":0,"href":"https:\/\/www.caririemacao.com\/1\/wp-json\/wp\/v2\/posts\/43197\/revisions"}],"wp:featuredmedia":[{"embeddable":true,"href":"https:\/\/www.caririemacao.com\/1\/wp-json\/wp\/v2\/media\/43199"}],"wp:attachment":[{"href":"https:\/\/www.caririemacao.com\/1\/wp-json\/wp\/v2\/media?parent=43197"}],"wp:term":[{"taxonomy":"category","embeddable":true,"href":"https:\/\/www.caririemacao.com\/1\/wp-json\/wp\/v2\/categories?post=43197"},{"taxonomy":"post_tag","embeddable":true,"href":"https:\/\/www.caririemacao.com\/1\/wp-json\/wp\/v2\/tags?post=43197"}],"curies":[{"name":"wp","href":"https:\/\/api.w.org\/{rel}","templated":true}]}}