{"id":43209,"date":"2018-03-07T10:40:04","date_gmt":"2018-03-07T13:40:04","guid":{"rendered":"http:\/\/caririemacao.com\/1\/?p=43209"},"modified":"2018-03-07T10:40:04","modified_gmt":"2018-03-07T13:40:04","slug":"composto-a-base-de-pimenta-para-tratar-cancer-de-mama-e-produzido-na-ufpb","status":"publish","type":"post","link":"https:\/\/www.caririemacao.com\/1\/2018\/03\/07\/composto-a-base-de-pimenta-para-tratar-cancer-de-mama-e-produzido-na-ufpb\/","title":{"rendered":"Composto \u00e0 base de pimenta para tratar c\u00e2ncer de mama \u00e9 produzido na UFPB"},"content":{"rendered":"<div class=\"mc-column content-text active-extra-styles active-capital-letter\" data-block-type=\"unstyled\" data-block-weight=\"74\" data-block-id=\"2\">\n<p class=\"content-text__container theme-color-primary-first-letter\" data-track-category=\"Link no Texto\" data-track-links=\"\">Pelo menos 210 pessoas morreram em 2017 v\u00edtimas do c\u00e2ncer de mama na Para\u00edba. Desse dado, apenas cinco s\u00e3o homens. Pensando nisso, um composto farmac\u00eautico \u00e0 base de pimenta utilizado no tratamento da doen\u00e7a foi desenvolvido na Universidade Federal da Para\u00edba (UFPB), no campus Jo\u00e3o Pessoa. A subst\u00e2ncia utilizada na pesquisa foi testada com ratos e, de acordo com o professor Petr\u00f4nio Filgueiras, respons\u00e1vel pelas pesquisas de s\u00edntese do composto, os resultados foram positivos.<\/p>\n<\/div>\n<div class=\"mc-column content-text active-extra-styles \" data-block-type=\"unstyled\" data-block-weight=\"52\" data-block-id=\"3\">\n<p class=\"content-text__container \" data-track-category=\"Link no Texto\" data-track-links=\"\">\u201cO produto \u00e9 de baixo custo e a fonte \u00e9 de pimenta do reino\u201d, explica o professor. Ele detalha que a subst\u00e2ncia an\u00e1loga da piperina mata o c\u00e2ncer \u201cde fome\u201d, porque os vasos sangu\u00edneos que alimentam o tumor s\u00e3o eliminados. \u201cO produto \u00e9 de baixa toxicidade e f\u00e1cil de ser produzido\u201d, completou.<\/p>\n<\/div>\n<div class=\"mc-column content-text active-extra-styles \" data-block-type=\"unstyled\" data-block-weight=\"64\" data-block-id=\"4\">\n<p class=\"content-text__container \" data-track-category=\"Link no Texto\" data-track-links=\"\">A Para\u00edba foi o estado do Nordeste que mais solicitou registros de patentes de inven\u00e7\u00f5es no Instituto Nacional de Propriedade Industrial (INPI) em 2017.\u00a0Somando as inven\u00e7\u00f5es (177) com os registros de modelos de utilidade (26), foram 203 solicita\u00e7\u00f5es de patentes catalogadas no estado, um crescimento de 153,75% em registros comparado ao ano de 2016, quando foram 80 pedidos de patentes fichados no INPI.<\/p>\n<\/div>\n<div class=\"mc-column content-media content-media--normal  content-photo\" data-block-type=\"backstage-photo\" data-block-id=\"5\">\n<div class=\"content-media__container\">\n<div class=\"content-media__image-centered\">\n<div class=\"progressive-img can-open-lightbox\" data-min-size=\"1008x837\" data-min-size-url=\"https:\/\/s2.glbimg.com\/kdKN56rNJN6NNcfQCHsnqrcscvU=\/0x0:960x798\/1008x0\/smart\/filters:strip_icc()\/i.s3.glbimg.com\/v1\/AUTH_59edd422c0c84a879bd37670ae4f538a\/internal_photos\/bs\/2018\/j\/v\/lksF2KQ3K9QmYH4qq6kg\/patentes-cancer2copia.jpg\" data-max-size=\"1600x1330\" data-max-size-url=\"https:\/\/s2.glbimg.com\/M3LSh4PIFRx9Ge5jEhFt-ET-vFY=\/0x0:960x798\/1600x0\/smart\/filters:strip_icc()\/i.s3.glbimg.com\/v1\/AUTH_59edd422c0c84a879bd37670ae4f538a\/internal_photos\/bs\/2018\/j\/v\/lksF2KQ3K9QmYH4qq6kg\/patentes-cancer2copia.jpg\" data-media-index=\"1\">\u00a0<a href=\"http:\/\/caririemacao.com\/1\/?attachment_id=43211\" rel=\"attachment wp-att-43211\"><img fetchpriority=\"high\" decoding=\"async\" class=\"aligncenter size-full wp-image-43211\" src=\"http:\/\/caririemacao.com\/1\/wp-content\/uploads\/2018\/03\/patentes-cancer2copia-1.jpg\" alt=\"\" width=\"1000\" height=\"831\" srcset=\"https:\/\/www.caririemacao.com\/1\/wp-content\/uploads\/2018\/03\/patentes-cancer2copia-1.jpg 1000w, https:\/\/www.caririemacao.com\/1\/wp-content\/uploads\/2018\/03\/patentes-cancer2copia-1-300x249.jpg 300w, https:\/\/www.caririemacao.com\/1\/wp-content\/uploads\/2018\/03\/patentes-cancer2copia-1-768x638.jpg 768w\" sizes=\"(max-width: 1000px) 100vw, 1000px\" \/><\/a><\/div>\n<div data-min-size=\"1008x837\" data-min-size-url=\"https:\/\/s2.glbimg.com\/kdKN56rNJN6NNcfQCHsnqrcscvU=\/0x0:960x798\/1008x0\/smart\/filters:strip_icc()\/i.s3.glbimg.com\/v1\/AUTH_59edd422c0c84a879bd37670ae4f538a\/internal_photos\/bs\/2018\/j\/v\/lksF2KQ3K9QmYH4qq6kg\/patentes-cancer2copia.jpg\" data-max-size=\"1600x1330\" data-max-size-url=\"https:\/\/s2.glbimg.com\/M3LSh4PIFRx9Ge5jEhFt-ET-vFY=\/0x0:960x798\/1600x0\/smart\/filters:strip_icc()\/i.s3.glbimg.com\/v1\/AUTH_59edd422c0c84a879bd37670ae4f538a\/internal_photos\/bs\/2018\/j\/v\/lksF2KQ3K9QmYH4qq6kg\/patentes-cancer2copia.jpg\" data-media-index=\"1\"><\/div>\n<div data-min-size=\"1008x837\" data-min-size-url=\"https:\/\/s2.glbimg.com\/kdKN56rNJN6NNcfQCHsnqrcscvU=\/0x0:960x798\/1008x0\/smart\/filters:strip_icc()\/i.s3.glbimg.com\/v1\/AUTH_59edd422c0c84a879bd37670ae4f538a\/internal_photos\/bs\/2018\/j\/v\/lksF2KQ3K9QmYH4qq6kg\/patentes-cancer2copia.jpg\" data-max-size=\"1600x1330\" data-max-size-url=\"https:\/\/s2.glbimg.com\/M3LSh4PIFRx9Ge5jEhFt-ET-vFY=\/0x0:960x798\/1600x0\/smart\/filters:strip_icc()\/i.s3.glbimg.com\/v1\/AUTH_59edd422c0c84a879bd37670ae4f538a\/internal_photos\/bs\/2018\/j\/v\/lksF2KQ3K9QmYH4qq6kg\/patentes-cancer2copia.jpg\" data-media-index=\"1\">A cria\u00e7\u00e3o do composto gerou uma patente e faz parte de uma pesquisa genuinamente paraibana. A proposta surgiu n\u00e3o apenas do alto \u00edndice de mortes por c\u00e2ncer de mama, mas tamb\u00e9m pelo hist\u00f3rico de outras subst\u00e2ncias de piperina apresentarem atividade citot\u00f3xica, isto \u00e9, a capacidade de destruir outras c\u00e9lulas.<\/div>\n<div data-min-size=\"1008x837\" data-min-size-url=\"https:\/\/s2.glbimg.com\/kdKN56rNJN6NNcfQCHsnqrcscvU=\/0x0:960x798\/1008x0\/smart\/filters:strip_icc()\/i.s3.glbimg.com\/v1\/AUTH_59edd422c0c84a879bd37670ae4f538a\/internal_photos\/bs\/2018\/j\/v\/lksF2KQ3K9QmYH4qq6kg\/patentes-cancer2copia.jpg\" data-max-size=\"1600x1330\" data-max-size-url=\"https:\/\/s2.glbimg.com\/M3LSh4PIFRx9Ge5jEhFt-ET-vFY=\/0x0:960x798\/1600x0\/smart\/filters:strip_icc()\/i.s3.glbimg.com\/v1\/AUTH_59edd422c0c84a879bd37670ae4f538a\/internal_photos\/bs\/2018\/j\/v\/lksF2KQ3K9QmYH4qq6kg\/patentes-cancer2copia.jpg\" data-media-index=\"1\">\n<div class=\"mc-column content-text active-extra-styles \" data-block-type=\"unstyled\" data-block-weight=\"30\" data-block-id=\"8\">\n<p class=\"content-text__container \" data-track-category=\"Link no Texto\" data-track-links=\"\">Conforme explica o professor Petr\u00f4nio, a linha de pesquisa do laborat\u00f3rio de sintetizar subst\u00e2ncias alternativas para o tratamento do c\u00e2ncer tamb\u00e9m foi fundamental para que a pesquisa tivesse uma continuidade.<\/p>\n<\/div>\n<div class=\"mc-column content-text active-extra-styles \" data-block-type=\"unstyled\" data-block-weight=\"57\" data-block-id=\"9\">\n<p class=\"content-text__container \" data-track-category=\"Link no Texto\" data-track-links=\"\">O estudo \u00e9 feito na UFPB com grupos de animais que recebem as c\u00e9lulas tumorais que s\u00e3o cultivadas no laborat\u00f3rio. As c\u00e9lulas cancer\u00edgenas s\u00e3o introduzidas nas cavidades abdominais das cobaias para formar os tumores. A partir desse momento, os animais recebem o tratamento com uma droga padr\u00e3o de tratamento e com as subst\u00e2ncias que est\u00e3o sendo testadas.<\/p>\n<\/div>\n<div class=\"mc-column content-text active-extra-styles \" data-block-type=\"unstyled\" data-block-weight=\"29\" data-block-id=\"10\">\n<p class=\"content-text__container \" data-track-category=\"Link no Texto\" data-track-links=\"\">No final do per\u00edodo do experimento, os pesquisadores fazem uma avalia\u00e7\u00e3o geral, comparando o grupo que n\u00e3o recebeu tratamento e o grupo de animais tratados com a droga padr\u00e3o.<\/p>\n<\/div>\n<div class=\"mc-column content-media content-media--normal  content-photo\" data-block-type=\"backstage-photo\" data-block-id=\"11\">\n<div class=\"content-media__container\">\n<div class=\"content-media__image-centered\">\n<div class=\"progressive-img can-open-lightbox\" data-min-size=\"1008x864\" data-min-size-url=\"https:\/\/s2.glbimg.com\/Z5uYefI5WYpc-EGFtDanWTVdl9I=\/0x0:960x823\/1008x0\/smart\/filters:strip_icc()\/i.s3.glbimg.com\/v1\/AUTH_59edd422c0c84a879bd37670ae4f538a\/internal_photos\/bs\/2018\/A\/B\/2idGtnRwaGW9giOzKn4A\/patentes-cancer3copia.jpg\" data-max-size=\"1600x1371\" data-max-size-url=\"https:\/\/s2.glbimg.com\/OvAmnZ6iDd3j7xGVaMkWcBCkBtI=\/0x0:960x823\/1600x0\/smart\/filters:strip_icc()\/i.s3.glbimg.com\/v1\/AUTH_59edd422c0c84a879bd37670ae4f538a\/internal_photos\/bs\/2018\/A\/B\/2idGtnRwaGW9giOzKn4A\/patentes-cancer3copia.jpg\" data-media-index=\"2\">\n<div class=\"placeholder-container\">\u00a0<a href=\"http:\/\/caririemacao.com\/1\/?attachment_id=43212\" rel=\"attachment wp-att-43212\"><img decoding=\"async\" class=\"aligncenter size-full wp-image-43212 lazyload\" data-src=\"http:\/\/caririemacao.com\/1\/wp-content\/uploads\/2018\/03\/patentes-cancer3copia.jpg\" alt=\"\" width=\"1000\" height=\"857\" data-srcset=\"https:\/\/www.caririemacao.com\/1\/wp-content\/uploads\/2018\/03\/patentes-cancer3copia.jpg 1000w, https:\/\/www.caririemacao.com\/1\/wp-content\/uploads\/2018\/03\/patentes-cancer3copia-300x257.jpg 300w, https:\/\/www.caririemacao.com\/1\/wp-content\/uploads\/2018\/03\/patentes-cancer3copia-768x658.jpg 768w\" data-sizes=\"(max-width: 1000px) 100vw, 1000px\" src=\"data:image\/svg+xml;base64,PHN2ZyB3aWR0aD0iMSIgaGVpZ2h0PSIxIiB4bWxucz0iaHR0cDovL3d3dy53My5vcmcvMjAwMC9zdmciPjwvc3ZnPg==\" style=\"--smush-placeholder-width: 1000px; --smush-placeholder-aspect-ratio: 1000\/857;\" \/><\/a><\/div>\n<\/div>\n<\/div>\n<\/div>\n<\/div>\n<div class=\"mc-column content-text active-extra-styles \" data-block-type=\"unstyled\" data-block-weight=\"60\" data-block-id=\"12\">\n<p class=\"content-text__container \" data-track-category=\"Link no Texto\" data-track-links=\"\">Segundo Petr\u00f4nio Filgueiras, todo o estudo foi realizada na UFPB, mas ainda n\u00e3o h\u00e1 previs\u00e3o para ser testado em humanos. \u201cInfelizmente n\u00e3o tem uma ind\u00fastria ainda que aposte no sucesso para ser um quimioter\u00e1pico\u201d, frisou o professor. \u201cEssa \u00e9 a segunda fase, iniciar o teste com humanos. Mas tem que ser um conv\u00eanio com laborat\u00f3rios certificados para tais procedimentos\u201d, completou.<\/p>\n<\/div>\n<div data-track-category=\"fim do conteudo\" data-track-action=\"ultimo chunk conteudo\" data-track-noninteraction=\"false\" data-track-scroll=\"entrada completa viewport\">\n<div class=\"mc-column content-text active-extra-styles \" data-block-type=\"unstyled\" data-block-weight=\"65\" data-block-id=\"13\">\n<p class=\"content-text__container \" data-track-category=\"Link no Texto\" data-track-links=\"\">A pesquisa visa salvar vidas, combatendo uma doen\u00e7a ainda muito temida. \u201c\u00c9 muito gratificante para n\u00f3s pesquisadores, muitas mulheres e homens v\u00e3o a \u00f3bito por causa do c\u00e2ncer. Eu fico alegre por ter feito essa pesquisa com o grupo da professora Mariana Sobral, mas ainda n\u00e3o tenho uma vis\u00e3o se poder\u00e3o de fato ser uma promessa da quimioterapia para tratar e curar o c\u00e2ncer\u201d, ressaltou.<\/p>\n<p><strong>CARIRI EM A\u00c7\u00c3O<\/strong><\/p>\n<p><em>Com G1\/Foto: G1<\/em><\/p>\n<p><strong>Leia mais not\u00edcias em\u00a0<\/strong><a href=\"http:\/\/www.caririemacao.com\/\"><strong>caririemacao.com<\/strong><\/a><strong>, siga nossa p\u00e1gina no\u00a0<\/strong><a href=\"https:\/\/www.facebook.com\/CaririEmAcao\/?ref=aymt_homepage_panel\"><strong>Facebook<\/strong><\/a>,<strong>\u00a0<\/strong><a href=\"https:\/\/www.instagram.com\/cariri_em_acao\/?hl=pt-br\"><strong>Instagram<\/strong><\/a><strong>\u00a0e\u00a0<\/strong><a href=\"https:\/\/www.youtube.com\/channel\/UCAptA0jQuYQy8vMhLt2m4qg\"><strong>Youtube<\/strong><\/a><strong>\u00a0e veja nossas mat\u00e9rias, v\u00eddeos e fotos. Voc\u00ea tamb\u00e9m pode enviar informa\u00e7\u00f5es \u00e0 Reda\u00e7\u00e3o do Portal Cariri em A\u00e7\u00e3o pelo WhatsApp (83) 9 9634.5791, (83) 9 9601-1162.<\/strong><\/p>\n<\/div>\n<\/div>\n<\/div>\n<\/div>\n<\/div>\n<\/div>\n","protected":false},"excerpt":{"rendered":"<p>Pelo menos 210 pessoas morreram em 2017 v\u00edtimas do c\u00e2ncer de mama na Para\u00edba. Desse dado, apenas cinco s\u00e3o homens. Pensando nisso, um composto farmac\u00eautico&hellip; <\/p>\n","protected":false},"author":2,"featured_media":43213,"comment_status":"closed","ping_status":"closed","sticky":false,"template":"","format":"standard","meta":{"sfsi_plus_gutenberg_text_before_share":"","sfsi_plus_gutenberg_show_text_before_share":"","sfsi_plus_gutenberg_icon_type":"","sfsi_plus_gutenberg_icon_alignemt":"","sfsi_plus_gutenburg_max_per_row":"","footnotes":""},"categories":[14],"tags":[],"class_list":["post-43209","post","type-post","status-publish","format-standard","has-post-thumbnail","hentry","category-educacao"],"_links":{"self":[{"href":"https:\/\/www.caririemacao.com\/1\/wp-json\/wp\/v2\/posts\/43209","targetHints":{"allow":["GET"]}}],"collection":[{"href":"https:\/\/www.caririemacao.com\/1\/wp-json\/wp\/v2\/posts"}],"about":[{"href":"https:\/\/www.caririemacao.com\/1\/wp-json\/wp\/v2\/types\/post"}],"author":[{"embeddable":true,"href":"https:\/\/www.caririemacao.com\/1\/wp-json\/wp\/v2\/users\/2"}],"replies":[{"embeddable":true,"href":"https:\/\/www.caririemacao.com\/1\/wp-json\/wp\/v2\/comments?post=43209"}],"version-history":[{"count":0,"href":"https:\/\/www.caririemacao.com\/1\/wp-json\/wp\/v2\/posts\/43209\/revisions"}],"wp:featuredmedia":[{"embeddable":true,"href":"https:\/\/www.caririemacao.com\/1\/wp-json\/wp\/v2\/media\/43213"}],"wp:attachment":[{"href":"https:\/\/www.caririemacao.com\/1\/wp-json\/wp\/v2\/media?parent=43209"}],"wp:term":[{"taxonomy":"category","embeddable":true,"href":"https:\/\/www.caririemacao.com\/1\/wp-json\/wp\/v2\/categories?post=43209"},{"taxonomy":"post_tag","embeddable":true,"href":"https:\/\/www.caririemacao.com\/1\/wp-json\/wp\/v2\/tags?post=43209"}],"curies":[{"name":"wp","href":"https:\/\/api.w.org\/{rel}","templated":true}]}}