{"id":43221,"date":"2018-03-07T11:09:18","date_gmt":"2018-03-07T14:09:18","guid":{"rendered":"http:\/\/caririemacao.com\/1\/?p=43221"},"modified":"2018-03-07T11:09:18","modified_gmt":"2018-03-07T14:09:18","slug":"habemus-candidato-diz-alckmin-ao-assumir-pre-candidatura-ao-planalto","status":"publish","type":"post","link":"https:\/\/www.caririemacao.com\/1\/2018\/03\/07\/habemus-candidato-diz-alckmin-ao-assumir-pre-candidatura-ao-planalto\/","title":{"rendered":"Habemus candidato, diz Alckmin ao assumir pr\u00e9-candidatura ao Planalto"},"content":{"rendered":"<p><span class=\"news_capital_letter\">O\u00a0<\/span>governador de S\u00e3o Paulo, Geraldo Alckmin, assumiu nessa ter\u00e7a (6) sua pr\u00e9-candidatura \u00e0 Presid\u00eancia da Rep\u00fablica pelo PSDB, depois de um processo de pr\u00e9vias internas em que foi o \u00fanico inscrito.<\/p>\n<p>&#8220;Publicamos edital, eu fui o \u00fanico inscrito e, portanto, habemus candidato&#8221;, afirmou, em entrevista \u00e0 imprensa em Washington.<\/p>\n<p>Alckmin confirmou que ir\u00e1 deixar o governo de S\u00e3o Paulo no dia 6 de abril, prazo m\u00e1ximo para a desincompatibiliza\u00e7\u00e3o a fim de disputar a elei\u00e7\u00e3o. Depois, afirmou que ir\u00e1 viajar o Brasil &#8220;de Norte a Sul, de Leste a Oeste&#8221; e trabalhar na campanha &#8220;full time&#8221; [em tempo integral].<\/p>\n<p>Durante a entrevista, que durou 45 minutos, o tucano j\u00e1 apresentou uma plataforma de campanha: afirmou que, se eleito, ir\u00e1 propor ainda no primeiro semestre do governo uma reforma pol\u00edtica, a fim de diminuir o excesso de partidos no pa\u00eds.<\/p>\n<p>Tamb\u00e9m declarou que quer simplificar o modelo tribut\u00e1rio, criando um \u00fanico imposto para substituir cinco tributos, e investir na reforma da previd\u00eancia.<\/p>\n<p>Sua prioridade, segundo afirmou, ser\u00e1 fazer o Brasil crescer. O economista P\u00e9rsio Arida ser\u00e1 o coordenador da \u00e1rea econ\u00f4mica da campanha, e j\u00e1 come\u00e7ou a trabalhar numa plataforma para recuperar a economia brasileira e gerar empregos.<\/p>\n<p>O tucano n\u00e3o quis comentar poss\u00edveis nomes para sua vice, e disse que mant\u00e9m conversas com diversos partidos, sem revelar quais.<\/p>\n<p>Sobre a disputa interna no PSDB, da qual o prefeito de Manaus, Arthur Virg\u00edlio, se retirou afirmando que as pr\u00e9vias seriam &#8220;uma fraude&#8221;, Alckmin afirmou que o oponente foi &#8220;injusto&#8221; com ele e com o partido, que abriu as inscri\u00e7\u00f5es para os interessados em se candidatar.<\/p>\n<p>&#8220;A \u00fanica coisa que eu concordo [com Virg\u00edlio] \u00e9 que eu sou meio jeca&#8221;, declarou.<\/p>\n<p>CEN\u00c1RIO<\/p>\n<p>O tucano, que aparece entre o terceiro e o quinto lugar nas inten\u00e7\u00f5es de voto no \u00faltimo Datafolha, rejeitou o r\u00f3tulo de pol\u00edtico tradicional, e disse que \u00e9 &#8220;o candidato da uni\u00e3o nacional&#8221;.<\/p>\n<p>&#8220;N\u00e3o sou filho da dinastia pol\u00edtica, nem da riqueza pessoal. Sou filho do povo&#8221;, afirmou.<\/p>\n<p>Ao mesmo tempo, louvou sua experi\u00eancia como governador por tr\u00eas mandatos. &#8220;N\u00e3o pode ter uma credencial melhor do que ter sido eleito por tr\u00eas vezes&#8221;, declarou. &#8220;H\u00e1 um esgotamento da pol\u00edtica tradicional. Mas o que \u00e9 o novo? \u00c9 a idade? \u00c9 n\u00e3o ter experi\u00eancia nenhuma? O novo, no Brasil, \u00e9 ter coragem de enfrentar as corpora\u00e7\u00f5es.&#8221;<\/p>\n<p>Alckmin minimizou os resultados das pesquisas eleitorais, que d\u00e3o a ele entre 6% e 11% das inten\u00e7\u00f5es de voto, e disse que &#8220;ningu\u00e9m ainda sabe que \u00e9 candidato&#8221;. Segundo ele, a defini\u00e7\u00e3o do voto ocorre a partir de setembro.<\/p>\n<p>O tucano tamb\u00e9m n\u00e3o quis comentar se receberia o ex-presidente do PSDB e senador A\u00e9cio Neves, acusado de corrup\u00e7\u00e3o passiva e obstru\u00e7\u00e3o de Justi\u00e7a, em seu palanque.<\/p>\n<p>&#8220;Eu reconhe\u00e7o o bom trabalho do A\u00e9cio em Minas Gerais, como governador. Cabe a ele decidir se vai ser candidato&#8221;, afirmou. Diante da insist\u00eancia dos rep\u00f3rteres, afirmou: &#8220;Vamos tomar um cafezinho&#8221;, encerrando a entrevista.<\/p>\n<p>O governador esteve em Washington para compromissos no BID (Banco Interamericano de Desenvolvimento), onde obteve recursos para a obra do Rodoanel. Nesta quarta (7), dar\u00e1 uma palestra sobre o cen\u00e1rio pol\u00edtico e econ\u00f4mico do Brasil no Brazil Institute, do Wilson Center, think tank sediado na capital americana.<\/p>\n<p><strong>CARIRI EM A\u00c7\u00c3O<\/strong><\/p>\n<p><em>Com Folhapress\/Foto: Reprodu\u00e7\u00e3o Internet<\/em><\/p>\n<p><strong>Leia mais not\u00edcias em\u00a0<\/strong><a href=\"http:\/\/www.caririemacao.com\/\"><strong>caririemacao.com<\/strong><\/a><strong>, siga nossa p\u00e1gina no\u00a0<\/strong><a href=\"https:\/\/www.facebook.com\/CaririEmAcao\/?ref=aymt_homepage_panel\"><strong>Facebook<\/strong><\/a>,<strong>\u00a0<\/strong><a href=\"https:\/\/www.instagram.com\/cariri_em_acao\/?hl=pt-br\"><strong>Instagram<\/strong><\/a><strong>\u00a0e\u00a0<\/strong><a href=\"https:\/\/www.youtube.com\/channel\/UCAptA0jQuYQy8vMhLt2m4qg\"><strong>Youtube<\/strong><\/a><strong>\u00a0e veja nossas mat\u00e9rias, v\u00eddeos e fotos. Voc\u00ea tamb\u00e9m pode enviar informa\u00e7\u00f5es \u00e0 Reda\u00e7\u00e3o do Portal Cariri em A\u00e7\u00e3o pelo WhatsApp (83) 9 9634.5791, (83) 9 9601-1162.<\/strong><\/p>\n","protected":false},"excerpt":{"rendered":"<p>O\u00a0governador de S\u00e3o Paulo, Geraldo Alckmin, assumiu nessa ter\u00e7a (6) sua pr\u00e9-candidatura \u00e0 Presid\u00eancia da Rep\u00fablica pelo PSDB, depois de um processo de pr\u00e9vias internas&hellip; <\/p>\n","protected":false},"author":2,"featured_media":43222,"comment_status":"closed","ping_status":"closed","sticky":false,"template":"","format":"standard","meta":{"sfsi_plus_gutenberg_text_before_share":"","sfsi_plus_gutenberg_show_text_before_share":"","sfsi_plus_gutenberg_icon_type":"","sfsi_plus_gutenberg_icon_alignemt":"","sfsi_plus_gutenburg_max_per_row":"","footnotes":""},"categories":[1],"tags":[],"class_list":["post-43221","post","type-post","status-publish","format-standard","has-post-thumbnail","hentry","category-o-site"],"_links":{"self":[{"href":"https:\/\/www.caririemacao.com\/1\/wp-json\/wp\/v2\/posts\/43221","targetHints":{"allow":["GET"]}}],"collection":[{"href":"https:\/\/www.caririemacao.com\/1\/wp-json\/wp\/v2\/posts"}],"about":[{"href":"https:\/\/www.caririemacao.com\/1\/wp-json\/wp\/v2\/types\/post"}],"author":[{"embeddable":true,"href":"https:\/\/www.caririemacao.com\/1\/wp-json\/wp\/v2\/users\/2"}],"replies":[{"embeddable":true,"href":"https:\/\/www.caririemacao.com\/1\/wp-json\/wp\/v2\/comments?post=43221"}],"version-history":[{"count":0,"href":"https:\/\/www.caririemacao.com\/1\/wp-json\/wp\/v2\/posts\/43221\/revisions"}],"wp:featuredmedia":[{"embeddable":true,"href":"https:\/\/www.caririemacao.com\/1\/wp-json\/wp\/v2\/media\/43222"}],"wp:attachment":[{"href":"https:\/\/www.caririemacao.com\/1\/wp-json\/wp\/v2\/media?parent=43221"}],"wp:term":[{"taxonomy":"category","embeddable":true,"href":"https:\/\/www.caririemacao.com\/1\/wp-json\/wp\/v2\/categories?post=43221"},{"taxonomy":"post_tag","embeddable":true,"href":"https:\/\/www.caririemacao.com\/1\/wp-json\/wp\/v2\/tags?post=43221"}],"curies":[{"name":"wp","href":"https:\/\/api.w.org\/{rel}","templated":true}]}}