{"id":43224,"date":"2018-03-07T15:13:04","date_gmt":"2018-03-07T18:13:04","guid":{"rendered":"http:\/\/caririemacao.com\/1\/?p=43224"},"modified":"2018-03-07T15:13:04","modified_gmt":"2018-03-07T18:13:04","slug":"articulador-de-cartaxo-solta-o-verbo-na-tv-arapuan-e-culpa-cassio-e-maranhao-por-desistencia-ouca","status":"publish","type":"post","link":"https:\/\/www.caririemacao.com\/1\/2018\/03\/07\/articulador-de-cartaxo-solta-o-verbo-na-tv-arapuan-e-culpa-cassio-e-maranhao-por-desistencia-ouca\/","title":{"rendered":"Articulador de Cartaxo solta o verbo na TV Arapuan e culpa C\u00e1ssio e Maranh\u00e3o por desist\u00eancia; ou\u00e7a"},"content":{"rendered":"<p>O secret\u00e1rio de Sa\u00fade de Jo\u00e3o Pessoa, Adalberto Fulg\u00eancio, apontado como um dos principais articuladores pol\u00edticos de Luciano Cartaxo (PSD), comentou sobre a desist\u00eancia do prefeito em n\u00e3o mais disputar o mandato de governador da Para\u00edba. Para Adalberto, a decis\u00e3o foi acertada e o auxiliar culpou Maranh\u00e3o e C\u00e1ssio pela desist\u00eancia de Cartaxo.<\/p>\n<p>\u201cO MDB lan\u00e7a um candidato. Uma candidatura de uma vontade pr\u00f3pria de um determinado sujeito pol\u00edtico. O PSDB, que \u00e9 uma for\u00e7a muito significativa, tamb\u00e9m abandona o prefeito, lan\u00e7a uma candidatura e n\u00e3o h\u00e1 um di\u00e1logo em tempo h\u00e1bil para que voc\u00ea possa discutir como fica a prefeitura, como ficam os compromissos, como ficam as quest\u00f5es relacionadas a programa de governo, as estrat\u00e9gias de campanha. Portanto, duas for\u00e7as important\u00edssimas que inclusive ajudaram a reeleg\u00ea-lo, n\u00e3o tiveram a capacidade de dizer este \u00e9 o nosso candidato para enfrentar a sucess\u00e3o ao governador Ricardo Coutinho\u201d, avaliou o secret\u00e1rio.<\/p>\n<p>Fulg\u00eancio ainda criticou a tese do senador C\u00e1ssio em defender mais de uma candidatura no campo da oposi\u00e7\u00e3o. \u201cInclusive, a tese do ex-governador C\u00e1ssio Cunha Lima era de que as oposi\u00e7\u00f5es poderiam ter duas ou tr\u00eas candidaturas; isso \u00e9 um absurdo; isso \u00e9 a nega\u00e7\u00e3o de uma pol\u00edtica numa tradi\u00e7\u00e3o de um Estado que sempre foi polarizado\u201d, observou.<\/p>\n<p>Adalberto recorreu \u00e0s elei\u00e7\u00f5es de 2000 em Campina Grande para refor\u00e7ar seus argumentos. \u201cO governador C\u00e1ssio, quando percebeu que n\u00e3o ganhava as elei\u00e7\u00f5es em Campina Grande, fez alian\u00e7a com Cozete. Ora, porque Campina Grande n\u00e3o tinha 2\u00ba turno at\u00e9 o ano 2000. Ent\u00e3o, at\u00e9 enquanto n\u00e3o tinha 2\u00ba turno em Campina, o governador C\u00e1ssio sempre disputou sozinho; quando ele percebeu que iria ter o 2\u00ba turno, ele procurou somar uma advers\u00e1ria que foi Cozete para evitar o 2\u00ba turno e foi eleito, porque eu participei desse processo\u201d.<\/p>\n<p>Para o secret\u00e1rio, os l\u00edderes do PSDB e do MDB ignoraram o potencial do prefeito da Capital. \u201cO ex-governador C\u00e1ssio Cunha Lima e o ex-governador Maranh\u00e3o n\u00e3o aceitam o prefeito Luciano Cartaxo como uma for\u00e7a pol\u00edtica e representativa que dirige a maior cidade do Estado, que \u00e9 bem avaliado, que \u00e9 visto como uma das maiores gest\u00f5es que a cidade j\u00e1 teve. Ent\u00e3o, essa desconsidera\u00e7\u00e3o de uma lideran\u00e7a que est\u00e1 se consolidando foi um motivo claro e o prefeito tomou uma decis\u00e3o em tomar conta da cidade\u201d, concluiu Adalberto Fulg\u00eancio.<\/p>\n<p>A entrevista do secret\u00e1rio foi concedida na tarde desta ter\u00e7a-feira (6) ao jornalista Adelton Alves, no programa Rede Verdade, da TV Arapuan.<\/p>\n<audio class=\"wp-audio-shortcode\" id=\"audio-43224-1\" preload=\"none\" style=\"width: 100%;\" controls=\"controls\"><source type=\"audio\/mpeg\" src=\"http:\/\/caririemacao.com\/1\/wp-content\/uploads\/2018\/03\/fulgencio.mp3?_=1\" \/><a href=\"http:\/\/caririemacao.com\/1\/wp-content\/uploads\/2018\/03\/fulgencio.mp3\">http:\/\/caririemacao.com\/1\/wp-content\/uploads\/2018\/03\/fulgencio.mp3<\/a><\/audio>\n<p><strong>CARIRI EM A\u00c7\u00c3O<\/strong><\/p>\n<p><em>Com Para\u00edba\u00a0J\u00e1\/Foto: Reprodu\u00e7\u00e3o Internet<\/em><\/p>\n<p><strong>Leia mais not\u00edcias em\u00a0<\/strong><a href=\"http:\/\/www.caririemacao.com\/\"><strong>caririemacao.com<\/strong><\/a><strong>, siga nossa p\u00e1gina no\u00a0<\/strong><a href=\"https:\/\/www.facebook.com\/CaririEmAcao\/?ref=aymt_homepage_panel\"><strong>Facebook<\/strong><\/a>,<strong>\u00a0<\/strong><a href=\"https:\/\/www.instagram.com\/cariri_em_acao\/?hl=pt-br\"><strong>Instagram<\/strong><\/a><strong>\u00a0e <\/strong><a href=\"https:\/\/www.youtube.com\/channel\/UCAptA0jQuYQy8vMhLt2m4qg\"><strong>Youtube<\/strong><\/a><strong>\u00a0e veja nossas mat\u00e9rias, v\u00eddeos e fotos. Voc\u00ea tamb\u00e9m pode enviar informa\u00e7\u00f5es \u00e0 Reda\u00e7\u00e3o do Portal Cariri em A\u00e7\u00e3o pelo WhatsApp (83) 9 9634.5791, (83) 9 9601-1162.<\/strong><\/p>\n","protected":false},"excerpt":{"rendered":"<p>O secret\u00e1rio de Sa\u00fade de Jo\u00e3o Pessoa, Adalberto Fulg\u00eancio, apontado como um dos principais articuladores pol\u00edticos de Luciano Cartaxo (PSD), comentou sobre a desist\u00eancia do&hellip; <\/p>\n","protected":false},"author":2,"featured_media":43023,"comment_status":"closed","ping_status":"closed","sticky":false,"template":"","format":"standard","meta":{"sfsi_plus_gutenberg_text_before_share":"","sfsi_plus_gutenberg_show_text_before_share":"","sfsi_plus_gutenberg_icon_type":"","sfsi_plus_gutenberg_icon_alignemt":"","sfsi_plus_gutenburg_max_per_row":"","footnotes":""},"categories":[1],"tags":[],"class_list":["post-43224","post","type-post","status-publish","format-standard","has-post-thumbnail","hentry","category-o-site"],"_links":{"self":[{"href":"https:\/\/www.caririemacao.com\/1\/wp-json\/wp\/v2\/posts\/43224","targetHints":{"allow":["GET"]}}],"collection":[{"href":"https:\/\/www.caririemacao.com\/1\/wp-json\/wp\/v2\/posts"}],"about":[{"href":"https:\/\/www.caririemacao.com\/1\/wp-json\/wp\/v2\/types\/post"}],"author":[{"embeddable":true,"href":"https:\/\/www.caririemacao.com\/1\/wp-json\/wp\/v2\/users\/2"}],"replies":[{"embeddable":true,"href":"https:\/\/www.caririemacao.com\/1\/wp-json\/wp\/v2\/comments?post=43224"}],"version-history":[{"count":0,"href":"https:\/\/www.caririemacao.com\/1\/wp-json\/wp\/v2\/posts\/43224\/revisions"}],"wp:featuredmedia":[{"embeddable":true,"href":"https:\/\/www.caririemacao.com\/1\/wp-json\/wp\/v2\/media\/43023"}],"wp:attachment":[{"href":"https:\/\/www.caririemacao.com\/1\/wp-json\/wp\/v2\/media?parent=43224"}],"wp:term":[{"taxonomy":"category","embeddable":true,"href":"https:\/\/www.caririemacao.com\/1\/wp-json\/wp\/v2\/categories?post=43224"},{"taxonomy":"post_tag","embeddable":true,"href":"https:\/\/www.caririemacao.com\/1\/wp-json\/wp\/v2\/tags?post=43224"}],"curies":[{"name":"wp","href":"https:\/\/api.w.org\/{rel}","templated":true}]}}