{"id":43226,"date":"2018-03-07T14:08:23","date_gmt":"2018-03-07T17:08:23","guid":{"rendered":"http:\/\/caririemacao.com\/1\/?p=43226"},"modified":"2018-03-07T14:08:23","modified_gmt":"2018-03-07T17:08:23","slug":"temer-se-reune-com-prefeitos-para-discutir-seguranca-publica","status":"publish","type":"post","link":"https:\/\/www.caririemacao.com\/1\/2018\/03\/07\/temer-se-reune-com-prefeitos-para-discutir-seguranca-publica\/","title":{"rendered":"Temer se re\u00fane com prefeitos para discutir seguran\u00e7a p\u00fablica"},"content":{"rendered":"<p><span class=\"news_capital_letter\">V<\/span>inte e seis prefeitos de capitais brasileiras foram convocados para se reunir com o presidente Michel Temer, nesta quarta-feira (7), em Bras\u00edlia, a fim de tratar sobre seguran\u00e7a p\u00fablica. Na \u00faltima semana, o emedebista j\u00e1 havia se encontrado com os governadores,\u00a0com o objetivo de discutir o mesmo assunto.<\/p>\n<p>Na reuni\u00e3o de hoje, tamb\u00e9m s\u00e3o esperados dos ministros Raul Jungmann, da Seguran\u00e7a P\u00fablica, e S\u00e9rgio Etchegoyen, da Seguran\u00e7a Institucional.<\/p>\n<p>O encontro ocorre ap\u00f3s ter sido decretada interven\u00e7\u00e3o federal no Rio de Janeiro, no m\u00eas passado,\u00a0e que deve prosseguir at\u00e9 o dia 31 de dezembro.<\/p>\n<p>Quando do encontro com os governadores, Temer anunciou a cria\u00e7\u00e3o de uma linha de cr\u00e9dito de R$ 42 bilh\u00f5es, para estados e tamb\u00e9m munic\u00edpios, investirem em seguran\u00e7a. Segundo o governo, a maior parte dos recursos \u00e9 oriunda do Banco Nacional de Desenvolvimento Econ\u00f4mico (BNDES). Al\u00e9m disso, o presidente tamb\u00e9m anunciou que pode liberar &#8220;outras verbas&#8221; para investimento na \u00e1rea.<\/p>\n<p><strong>CARIRI EM A\u00c7\u00c3O<\/strong><\/p>\n<p><em>Com Pol\u00edtica ao Minuto\/Foto:\u00a0Pol\u00edtica ao Minuto<\/em><\/p>\n<p><strong>Leia mais not\u00edcias em\u00a0<\/strong><a href=\"http:\/\/www.caririemacao.com\/\"><strong>caririemacao.com<\/strong><\/a><strong>, siga nossa p\u00e1gina no\u00a0<\/strong><a href=\"https:\/\/www.facebook.com\/CaririEmAcao\/?ref=aymt_homepage_panel\"><strong>Facebook<\/strong><\/a>,<strong>\u00a0<\/strong><a href=\"https:\/\/www.instagram.com\/cariri_em_acao\/?hl=pt-br\"><strong>Instagram<\/strong><\/a><strong>\u00a0e\u00a0<\/strong><a href=\"https:\/\/www.youtube.com\/channel\/UCAptA0jQuYQy8vMhLt2m4qg\"><strong>Youtube<\/strong><\/a><strong>\u00a0e veja nossas mat\u00e9rias, v\u00eddeos e fotos. Voc\u00ea tamb\u00e9m pode enviar informa\u00e7\u00f5es \u00e0 Reda\u00e7\u00e3o do Portal Cariri em A\u00e7\u00e3o pelo WhatsApp (83) 9 9634.5791, (83) 9 9601-1162.<\/strong><\/p>\n","protected":false},"excerpt":{"rendered":"<p>Vinte e seis prefeitos de capitais brasileiras foram convocados para se reunir com o presidente Michel Temer, nesta quarta-feira (7), em Bras\u00edlia, a fim de&hellip; <\/p>\n","protected":false},"author":2,"featured_media":43227,"comment_status":"closed","ping_status":"closed","sticky":false,"template":"","format":"standard","meta":{"sfsi_plus_gutenberg_text_before_share":"","sfsi_plus_gutenberg_show_text_before_share":"","sfsi_plus_gutenberg_icon_type":"","sfsi_plus_gutenberg_icon_alignemt":"","sfsi_plus_gutenburg_max_per_row":"","footnotes":""},"categories":[11],"tags":[],"class_list":["post-43226","post","type-post","status-publish","format-standard","has-post-thumbnail","hentry","category-politica"],"_links":{"self":[{"href":"https:\/\/www.caririemacao.com\/1\/wp-json\/wp\/v2\/posts\/43226","targetHints":{"allow":["GET"]}}],"collection":[{"href":"https:\/\/www.caririemacao.com\/1\/wp-json\/wp\/v2\/posts"}],"about":[{"href":"https:\/\/www.caririemacao.com\/1\/wp-json\/wp\/v2\/types\/post"}],"author":[{"embeddable":true,"href":"https:\/\/www.caririemacao.com\/1\/wp-json\/wp\/v2\/users\/2"}],"replies":[{"embeddable":true,"href":"https:\/\/www.caririemacao.com\/1\/wp-json\/wp\/v2\/comments?post=43226"}],"version-history":[{"count":0,"href":"https:\/\/www.caririemacao.com\/1\/wp-json\/wp\/v2\/posts\/43226\/revisions"}],"wp:featuredmedia":[{"embeddable":true,"href":"https:\/\/www.caririemacao.com\/1\/wp-json\/wp\/v2\/media\/43227"}],"wp:attachment":[{"href":"https:\/\/www.caririemacao.com\/1\/wp-json\/wp\/v2\/media?parent=43226"}],"wp:term":[{"taxonomy":"category","embeddable":true,"href":"https:\/\/www.caririemacao.com\/1\/wp-json\/wp\/v2\/categories?post=43226"},{"taxonomy":"post_tag","embeddable":true,"href":"https:\/\/www.caririemacao.com\/1\/wp-json\/wp\/v2\/tags?post=43226"}],"curies":[{"name":"wp","href":"https:\/\/api.w.org\/{rel}","templated":true}]}}