{"id":43235,"date":"2018-03-07T14:23:27","date_gmt":"2018-03-07T17:23:27","guid":{"rendered":"http:\/\/caririemacao.com\/1\/?p=43235"},"modified":"2018-03-07T14:23:27","modified_gmt":"2018-03-07T17:23:27","slug":"petrobras-anuncia-queda-de-15-no-preco-da-gasolina-e-06-no-diesel","status":"publish","type":"post","link":"https:\/\/www.caririemacao.com\/1\/2018\/03\/07\/petrobras-anuncia-queda-de-15-no-preco-da-gasolina-e-06-no-diesel\/","title":{"rendered":"Petrobras anuncia queda de 1,5% no pre\u00e7o da gasolina e 0,6% no diesel"},"content":{"rendered":"<p>A Petrobras anunciou que, com o reajuste que entrar\u00e1 em vigor na quinta-feira, 8, o pre\u00e7o m\u00e9dio do litro da gasolina A sem tributos nas refinarias ser\u00e1 de R$ 1,5676, queda de 1,5% em rela\u00e7\u00e3o \u00e0 m\u00e9dia atual, de R$ 1,5923. O valor m\u00e9dio nacional do litro do diesel A recuar\u00e1 0,6%, para R$ 1,7539, ante R$ 1,7645.<\/p>\n<p>A nova pol\u00edtica de revis\u00e3o de pre\u00e7os foi divulgada pela petroleira no dia 30 de junho de 2017. Com o novo modelo, a Petrobras espera acompanhar as condi\u00e7\u00f5es do mercado e enfrentar a concorr\u00eancia de importadores. Com informa\u00e7\u00f5es do Estad\u00e3o Conte\u00fado.<\/p>\n<p><strong>CARIRI EM A\u00c7\u00c3O<\/strong><\/p>\n<p><em>Com G1\/Foto: Reprodu\u00e7\u00e3o google<\/em><\/p>\n<p><strong>Leia mais not\u00edcias em\u00a0<\/strong><a href=\"http:\/\/www.caririemacao.com\/\"><strong>caririemacao.com<\/strong><\/a><strong>, siga nossa p\u00e1gina no\u00a0<\/strong><a href=\"https:\/\/www.facebook.com\/CaririEmAcao\/?ref=aymt_homepage_panel\"><strong>Facebook<\/strong><\/a>,<strong>\u00a0<\/strong><a href=\"https:\/\/www.instagram.com\/cariri_em_acao\/?hl=pt-br\"><strong>Instagram<\/strong><\/a><strong>\u00a0e\u00a0<\/strong><a href=\"https:\/\/www.youtube.com\/channel\/UCAptA0jQuYQy8vMhLt2m4qg\"><strong>Youtube<\/strong><\/a><strong>\u00a0e veja nossas mat\u00e9rias, v\u00eddeos e fotos. Voc\u00ea tamb\u00e9m pode enviar informa\u00e7\u00f5es \u00e0 Reda\u00e7\u00e3o do Portal Cariri em A\u00e7\u00e3o pelo WhatsApp (83) 9 9634.5791, (83) 9 9601-1162.<\/strong><\/p>\n","protected":false},"excerpt":{"rendered":"<p>A Petrobras anunciou que, com o reajuste que entrar\u00e1 em vigor na quinta-feira, 8, o pre\u00e7o m\u00e9dio do litro da gasolina A sem tributos nas&hellip; <\/p>\n","protected":false},"author":2,"featured_media":5042,"comment_status":"closed","ping_status":"closed","sticky":false,"template":"","format":"standard","meta":{"sfsi_plus_gutenberg_text_before_share":"","sfsi_plus_gutenberg_show_text_before_share":"","sfsi_plus_gutenberg_icon_type":"","sfsi_plus_gutenberg_icon_alignemt":"","sfsi_plus_gutenburg_max_per_row":"","footnotes":""},"categories":[2],"tags":[],"class_list":["post-43235","post","type-post","status-publish","format-standard","has-post-thumbnail","hentry","category-geral"],"_links":{"self":[{"href":"https:\/\/www.caririemacao.com\/1\/wp-json\/wp\/v2\/posts\/43235","targetHints":{"allow":["GET"]}}],"collection":[{"href":"https:\/\/www.caririemacao.com\/1\/wp-json\/wp\/v2\/posts"}],"about":[{"href":"https:\/\/www.caririemacao.com\/1\/wp-json\/wp\/v2\/types\/post"}],"author":[{"embeddable":true,"href":"https:\/\/www.caririemacao.com\/1\/wp-json\/wp\/v2\/users\/2"}],"replies":[{"embeddable":true,"href":"https:\/\/www.caririemacao.com\/1\/wp-json\/wp\/v2\/comments?post=43235"}],"version-history":[{"count":0,"href":"https:\/\/www.caririemacao.com\/1\/wp-json\/wp\/v2\/posts\/43235\/revisions"}],"wp:featuredmedia":[{"embeddable":true,"href":"https:\/\/www.caririemacao.com\/1\/wp-json\/wp\/v2\/media\/5042"}],"wp:attachment":[{"href":"https:\/\/www.caririemacao.com\/1\/wp-json\/wp\/v2\/media?parent=43235"}],"wp:term":[{"taxonomy":"category","embeddable":true,"href":"https:\/\/www.caririemacao.com\/1\/wp-json\/wp\/v2\/categories?post=43235"},{"taxonomy":"post_tag","embeddable":true,"href":"https:\/\/www.caririemacao.com\/1\/wp-json\/wp\/v2\/tags?post=43235"}],"curies":[{"name":"wp","href":"https:\/\/api.w.org\/{rel}","templated":true}]}}