{"id":43238,"date":"2018-03-07T14:30:44","date_gmt":"2018-03-07T17:30:44","guid":{"rendered":"http:\/\/caririemacao.com\/1\/?p=43238"},"modified":"2018-03-07T14:30:44","modified_gmt":"2018-03-07T17:30:44","slug":"conta-de-luz-no-brasil-subiu-a-niveis-preocupantes-diz-aneel","status":"publish","type":"post","link":"https:\/\/www.caririemacao.com\/1\/2018\/03\/07\/conta-de-luz-no-brasil-subiu-a-niveis-preocupantes-diz-aneel\/","title":{"rendered":"Conta de luz no Brasil subiu a n\u00edveis preocupantes, diz Aneel"},"content":{"rendered":"<p><span class=\"news_capital_letter\">O\u00a0<\/span>diretor-geral da Ag\u00eancia Nacional de Energia El\u00e9trica (Aneel), Romeu Rufino, disse que as tarifas de energia est\u00e3o atingindo n\u00edveis preocupantes. Rufino fez o coment\u00e1rio durante as discuss\u00f5es para definir a nova taxa m\u00ednima de retorno (WACC, na sigla em ingl\u00eas) do setor de distribui\u00e7\u00e3o. Ao longo do processo, representantes de consumidores reclamaram do peso da conta de luz no or\u00e7amento das fam\u00edlias.<\/p>\n<p>&#8220;Isso de fato nos incomoda tamb\u00e9m, e acho que a todos, \u00e0s distribuidoras, aos consumidores, ao regulador, porque o valor da tarifa est\u00e1 assumindo um patamar muito preocupante. Isso impacta toda a ind\u00fastria. A gente precisa discutir isso de maneira mais efetiva&#8221;, afirmou.<\/p>\n<p>O diretor-geral da Aneel destacou que o esfor\u00e7o que as empresas do setor fazem para melhorar os n\u00edveis de efici\u00eancia e de presta\u00e7\u00e3o do servi\u00e7o, que poderia reduzir as tarifas, tem sido &#8220;neutralizado&#8221; pelo aumento dos subs\u00eddios, pagos por meio de encargos setoriais embutidos na conta de luz.<\/p>\n<p>Para 2018, os subs\u00eddios na conta de luz custar\u00e3o R$ 18,843 bilh\u00f5es e devem aumentar a tarifa em 2,14%. Rufino lembrou que, &#8220;infelizmente&#8221;, h\u00e1 iniciativas em discuss\u00e3o no Congresso para elevar o grupo de benefici\u00e1rios e o valor dos subs\u00eddios. &#8220;Isso bateu no limite de capacidade de pagamento do consumidor&#8221;, afirmou.<\/p>\n<p>&#8220;Todo esfor\u00e7o que se faz na melhoria da efici\u00eancia, na gest\u00e3o da presta\u00e7\u00e3o do servi\u00e7o, \u00e9 em grande medida neutralizado por um crescimento do conjunto de subs\u00eddios que leva ao aumento da CDE em torno de 30%. Essa \u00e9 uma realidade que o setor el\u00e9trico precisa discutir&#8221;, disse Rufino.<\/p>\n<p>A carga tribut\u00e1ria que incide sobre a conta de luz tamb\u00e9m foi criticada pelos representantes de consumidores. Questionado sobre o risco hidrol\u00f3gico e os impactos da guerra de liminares no mercado de energia, Rufino disse que essa \u00e9 uma realidade que o setor el\u00e9trico precisa enfrentar de maneira mais efetiva. Com informa\u00e7\u00f5es do Estad\u00e3o Conte\u00fado.<\/p>\n","protected":false},"excerpt":{"rendered":"<p>O\u00a0diretor-geral da Ag\u00eancia Nacional de Energia El\u00e9trica (Aneel), Romeu Rufino, disse que as tarifas de energia est\u00e3o atingindo n\u00edveis preocupantes. Rufino fez o coment\u00e1rio durante&hellip; <\/p>\n","protected":false},"author":2,"featured_media":43239,"comment_status":"closed","ping_status":"closed","sticky":false,"template":"","format":"standard","meta":{"sfsi_plus_gutenberg_text_before_share":"","sfsi_plus_gutenberg_show_text_before_share":"","sfsi_plus_gutenberg_icon_type":"","sfsi_plus_gutenberg_icon_alignemt":"","sfsi_plus_gutenburg_max_per_row":"","footnotes":""},"categories":[2],"tags":[],"class_list":["post-43238","post","type-post","status-publish","format-standard","has-post-thumbnail","hentry","category-geral"],"_links":{"self":[{"href":"https:\/\/www.caririemacao.com\/1\/wp-json\/wp\/v2\/posts\/43238","targetHints":{"allow":["GET"]}}],"collection":[{"href":"https:\/\/www.caririemacao.com\/1\/wp-json\/wp\/v2\/posts"}],"about":[{"href":"https:\/\/www.caririemacao.com\/1\/wp-json\/wp\/v2\/types\/post"}],"author":[{"embeddable":true,"href":"https:\/\/www.caririemacao.com\/1\/wp-json\/wp\/v2\/users\/2"}],"replies":[{"embeddable":true,"href":"https:\/\/www.caririemacao.com\/1\/wp-json\/wp\/v2\/comments?post=43238"}],"version-history":[{"count":0,"href":"https:\/\/www.caririemacao.com\/1\/wp-json\/wp\/v2\/posts\/43238\/revisions"}],"wp:featuredmedia":[{"embeddable":true,"href":"https:\/\/www.caririemacao.com\/1\/wp-json\/wp\/v2\/media\/43239"}],"wp:attachment":[{"href":"https:\/\/www.caririemacao.com\/1\/wp-json\/wp\/v2\/media?parent=43238"}],"wp:term":[{"taxonomy":"category","embeddable":true,"href":"https:\/\/www.caririemacao.com\/1\/wp-json\/wp\/v2\/categories?post=43238"},{"taxonomy":"post_tag","embeddable":true,"href":"https:\/\/www.caririemacao.com\/1\/wp-json\/wp\/v2\/tags?post=43238"}],"curies":[{"name":"wp","href":"https:\/\/api.w.org\/{rel}","templated":true}]}}