{"id":43244,"date":"2018-03-07T15:19:03","date_gmt":"2018-03-07T18:19:03","guid":{"rendered":"http:\/\/caririemacao.com\/1\/?p=43244"},"modified":"2018-03-07T15:19:03","modified_gmt":"2018-03-07T18:19:03","slug":"prefeitura-de-gurjao-reinaugura-ginasio-o-vidalzao-nesta-quinta-08","status":"publish","type":"post","link":"https:\/\/www.caririemacao.com\/1\/2018\/03\/07\/prefeitura-de-gurjao-reinaugura-ginasio-o-vidalzao-nesta-quinta-08\/","title":{"rendered":"Prefeitura de Gurj\u00e3o reinaugura gin\u00e1sio \u201cO Vidalz\u00e3o\u201d nesta quinta (08)"},"content":{"rendered":"<p class=\"&quot;MsoNormal&quot;\">A Prefeitura de Gurj\u00e3o esta preparando uma grande festa para esta quinta-feira (08) , onde ser\u00e1 reentregue a popula\u00e7\u00e3o o gin\u00e1sio poliesportivo \u00a0Carlos Vidal de Negreiros \u00a0\u201cO Vidalz\u00e3o\u201d\u00a0 , na nova reforma foram feitas pinturas, al\u00e9m de reforma de banheiros e vesti\u00e1rios, e tamb\u00e9m<sub>\u00a0<\/sub>foi colocada as \u00a0telas de prote\u00e7\u00e3o, todo investimento foi feito com recursos pr\u00f3prios.<\/p>\n<p class=\"&quot;MsoNormal&quot;\">Um grande evento est\u00e1 sendo preparado pela Prefeitura de Gurj\u00e3o com a apresenta\u00e7\u00e3o da Orquestra Nossa Senhora do Ros\u00e1rio, e uma grande partida de futsal entre o selecionado de Gurj\u00e3o e a forte equipe da Ponte Preta de Sum\u00e9 e ter\u00e1 in\u00edcio \u00e0s 19:00.<\/p>\n<p class=\"&quot;MsoNormal&quot;\">Para o Prefeito Ronaldo Queiroz \u201c\u00a0a maior satisfa\u00e7\u00e3o \u00e9 ter de volta um espa\u00e7o comunit\u00e1rio, onde voltamos a ter um \u00a0lugar para praticar esportes, al\u00e9m do mais tenho que reconhecer que a \u00a0reforma ficou maravilhosa e a comunidade ganha muito tendo o gin\u00e1sio de volta, tanto para a juventude quanto para os idosos, como prometemos a \u00a0entrega foi feita no prazo e finalmente o equipamento volta a pertencer \u00e0 popula\u00e7\u00e3o, com certeza agora aqui \u00a0vai ser um espa\u00e7o de lazer, esporte, promo\u00e7\u00e3o da sa\u00fade e enfrentamento \u00e1s drogas\u201d, complementou Ronaldo Queiroz.<\/p>\n<p class=\"&quot;MsoNormal&quot;\">\n<strong>CARIRI EM A\u00c7\u00c3O<\/strong><\/p>\n<p><em>Com Asscom \/Foto: Cariri em A\u00e7\u00e3o\u00a0<\/em><\/p>\n<p><strong>Leia mais not\u00edcias em\u00a0<\/strong><a href=\"http:\/\/www.caririemacao.com\/\"><strong>caririemacao.com<\/strong><\/a><strong>, siga nossa p\u00e1gina no\u00a0<\/strong><a href=\"https:\/\/www.facebook.com\/CaririEmAcao\/?ref=aymt_homepage_panel\"><strong>Facebook<\/strong><\/a>,<strong>\u00a0<\/strong><a href=\"https:\/\/www.instagram.com\/cariri_em_acao\/?hl=pt-br\"><strong>Instagram<\/strong><\/a><strong>\u00a0e <\/strong><a href=\"https:\/\/www.youtube.com\/channel\/UCAptA0jQuYQy8vMhLt2m4qg\"><strong>Youtube<\/strong><\/a><strong>\u00a0e veja nossas mat\u00e9rias, v\u00eddeos e fotos. Voc\u00ea tamb\u00e9m pode enviar informa\u00e7\u00f5es \u00e0 Reda\u00e7\u00e3o do Portal Cariri em A\u00e7\u00e3o pelo WhatsApp (83) 9 9634.5791, (83) 9 9601-1162.<\/strong><\/p>\n","protected":false},"excerpt":{"rendered":"<p>A Prefeitura de Gurj\u00e3o esta preparando uma grande festa para esta quinta-feira (08) , onde ser\u00e1 reentregue a popula\u00e7\u00e3o o gin\u00e1sio poliesportivo \u00a0Carlos Vidal de&hellip; <\/p>\n","protected":false},"author":2,"featured_media":43245,"comment_status":"closed","ping_status":"closed","sticky":false,"template":"","format":"standard","meta":{"sfsi_plus_gutenberg_text_before_share":"","sfsi_plus_gutenberg_show_text_before_share":"","sfsi_plus_gutenberg_icon_type":"","sfsi_plus_gutenberg_icon_alignemt":"","sfsi_plus_gutenburg_max_per_row":"","footnotes":""},"categories":[6],"tags":[],"class_list":["post-43244","post","type-post","status-publish","format-standard","has-post-thumbnail","hentry","category-cidades"],"_links":{"self":[{"href":"https:\/\/www.caririemacao.com\/1\/wp-json\/wp\/v2\/posts\/43244","targetHints":{"allow":["GET"]}}],"collection":[{"href":"https:\/\/www.caririemacao.com\/1\/wp-json\/wp\/v2\/posts"}],"about":[{"href":"https:\/\/www.caririemacao.com\/1\/wp-json\/wp\/v2\/types\/post"}],"author":[{"embeddable":true,"href":"https:\/\/www.caririemacao.com\/1\/wp-json\/wp\/v2\/users\/2"}],"replies":[{"embeddable":true,"href":"https:\/\/www.caririemacao.com\/1\/wp-json\/wp\/v2\/comments?post=43244"}],"version-history":[{"count":0,"href":"https:\/\/www.caririemacao.com\/1\/wp-json\/wp\/v2\/posts\/43244\/revisions"}],"wp:featuredmedia":[{"embeddable":true,"href":"https:\/\/www.caririemacao.com\/1\/wp-json\/wp\/v2\/media\/43245"}],"wp:attachment":[{"href":"https:\/\/www.caririemacao.com\/1\/wp-json\/wp\/v2\/media?parent=43244"}],"wp:term":[{"taxonomy":"category","embeddable":true,"href":"https:\/\/www.caririemacao.com\/1\/wp-json\/wp\/v2\/categories?post=43244"},{"taxonomy":"post_tag","embeddable":true,"href":"https:\/\/www.caririemacao.com\/1\/wp-json\/wp\/v2\/tags?post=43244"}],"curies":[{"name":"wp","href":"https:\/\/api.w.org\/{rel}","templated":true}]}}