{"id":43247,"date":"2018-03-07T16:02:27","date_gmt":"2018-03-07T19:02:27","guid":{"rendered":"http:\/\/caririemacao.com\/1\/?p=43247"},"modified":"2018-03-07T16:02:27","modified_gmt":"2018-03-07T19:02:27","slug":"ministro-ve-paraiba-na-rota-de-migracao-de-bandidos-do-rj","status":"publish","type":"post","link":"https:\/\/www.caririemacao.com\/1\/2018\/03\/07\/ministro-ve-paraiba-na-rota-de-migracao-de-bandidos-do-rj\/","title":{"rendered":"Ministro v\u00ea Para\u00edba na rota de migra\u00e7\u00e3o de bandidos do RJ"},"content":{"rendered":"<p>A convite do vice-presidente do Senado Federal, C\u00e1ssio Cunha Lima, o ministro da Seguran\u00e7a P\u00fablica, Raul Jungmann, esteve na Vice-Presid\u00eancia da Casa, no come\u00e7o da noite desta ter\u00e7a-feira (06), para acertar detalhes de uma reuni\u00e3o em breve com a bancada federal da Para\u00edba para tratar dos n\u00fameros estarrecedores da viol\u00eancia no Rio de Janeiro, no Brasil como um todo e da Para\u00edba em particular.<\/p>\n<p>\u2013 O senador C\u00e1ssio \u00e9 uma refer\u00eancia no Brasil e no Senado da Rep\u00fablica e precisamos dele para que discutamos quest\u00f5es cruciais como a lentid\u00e3o da estrutura recursal, bem como o ciclo completo das pol\u00edcias e a pol\u00edtica nacional antidrogas.<\/p>\n<p>O ministro admitiu a preocupa\u00e7\u00e3o de que a interven\u00e7\u00e3o federal no Rio de Janeiro termine por \u201cempurrar\u201d mais bandidos para a Para\u00edba.<\/p>\n<p>\u2013 A tend\u00eancia \u00e9 que membros do Comando Vermelho migrem para outros estados, a Para\u00edba entre eles \u2013 afirmou Jungmann.<\/p>\n<p>A preocupa\u00e7\u00e3o com essa \u201cmigra\u00e7\u00e3o\u201d faz todo sentido. A revista Piau\u00ed, da Folha de S. Paulo, por exemplo, que mant\u00e9m uma coluna chama \u201cAg\u00eancia Lupa\u201d a fim de verificar a veracidade das informa\u00e7\u00f5es nesses tempos de \u201cfake news\u201d, afirma que\u00a0\u00a0est\u00e1 absolutamente correta a afirma\u00e7\u00e3o de C\u00e1ssio.<\/p>\n<p>O senador afirmou, no plen\u00e1rio do Senado, que: \u201cNo caso da Para\u00edba, no que diz respeito a homic\u00eddios, entre 2008 e 2016, registrou-se um crescimento de 39%. No Rio de Janeiro, se verificou um decr\u00e9scimo de 8%\u201d.<\/p>\n<p>Segundo a revista, \u201ca informa\u00e7\u00e3o est\u00e1 correta. Esses n\u00fameros indicam a varia\u00e7\u00e3o na taxa de homic\u00eddios dos dois estados (Para\u00edba e Rio) entre as edi\u00e7\u00f5es de 2010 e 2017 do Anu\u00e1rio Brasileiro de Seguran\u00e7a P\u00fablica\u201d.<\/p>\n<p>Para C\u00e1ssio, \u201ctodo paraibano tem sentido na pele, e no n\u00famero de assaltos e sobressaltos, o crescimento da viol\u00eancia que grassa no estado\u201d. O senador afirmou que o momento \u00e9 de unidade para proteger a popula\u00e7\u00e3o das duras e dr\u00e1sticas consequ\u00eancias da bandidagem.<\/p>\n<div><strong>CARIRI EM A\u00c7\u00c3O<\/strong><em>Com Vitrine do Cariri \/Foto: Reprodu\u00e7\u00e3o\u00a0<\/em><\/p>\n<p><strong>Leia mais not\u00edcias em\u00a0<\/strong><a href=\"http:\/\/www.caririemacao.com\/\"><strong>caririemacao.com<\/strong><\/a><strong>, siga nossa p\u00e1gina no\u00a0<\/strong><a href=\"https:\/\/www.facebook.com\/CaririEmAcao\/?ref=aymt_homepage_panel\"><strong>Facebook<\/strong><\/a>,<strong>\u00a0<\/strong><a href=\"https:\/\/www.instagram.com\/cariri_em_acao\/?hl=pt-br\"><strong>Instagram<\/strong><\/a><strong>\u00a0e <\/strong><a href=\"https:\/\/www.youtube.com\/channel\/UCAptA0jQuYQy8vMhLt2m4qg\"><strong>Youtube<\/strong><\/a><strong>\u00a0e veja nossas mat\u00e9rias, v\u00eddeos e fotos. Voc\u00ea tamb\u00e9m pode enviar informa\u00e7\u00f5es \u00e0 Reda\u00e7\u00e3o do Portal Cariri em A\u00e7\u00e3o pelo WhatsApp (83) 9 9634.5791, (83) 9 9601-1162.<\/strong><\/p>\n<\/div>\n","protected":false},"excerpt":{"rendered":"<p>A convite do vice-presidente do Senado Federal, C\u00e1ssio Cunha Lima, o ministro da Seguran\u00e7a P\u00fablica, Raul Jungmann, esteve na Vice-Presid\u00eancia da Casa, no come\u00e7o da&hellip; <\/p>\n","protected":false},"author":2,"featured_media":43248,"comment_status":"closed","ping_status":"closed","sticky":false,"template":"","format":"standard","meta":{"sfsi_plus_gutenberg_text_before_share":"","sfsi_plus_gutenberg_show_text_before_share":"","sfsi_plus_gutenberg_icon_type":"","sfsi_plus_gutenberg_icon_alignemt":"","sfsi_plus_gutenburg_max_per_row":"","footnotes":""},"categories":[11],"tags":[],"class_list":["post-43247","post","type-post","status-publish","format-standard","has-post-thumbnail","hentry","category-politica"],"_links":{"self":[{"href":"https:\/\/www.caririemacao.com\/1\/wp-json\/wp\/v2\/posts\/43247","targetHints":{"allow":["GET"]}}],"collection":[{"href":"https:\/\/www.caririemacao.com\/1\/wp-json\/wp\/v2\/posts"}],"about":[{"href":"https:\/\/www.caririemacao.com\/1\/wp-json\/wp\/v2\/types\/post"}],"author":[{"embeddable":true,"href":"https:\/\/www.caririemacao.com\/1\/wp-json\/wp\/v2\/users\/2"}],"replies":[{"embeddable":true,"href":"https:\/\/www.caririemacao.com\/1\/wp-json\/wp\/v2\/comments?post=43247"}],"version-history":[{"count":0,"href":"https:\/\/www.caririemacao.com\/1\/wp-json\/wp\/v2\/posts\/43247\/revisions"}],"wp:featuredmedia":[{"embeddable":true,"href":"https:\/\/www.caririemacao.com\/1\/wp-json\/wp\/v2\/media\/43248"}],"wp:attachment":[{"href":"https:\/\/www.caririemacao.com\/1\/wp-json\/wp\/v2\/media?parent=43247"}],"wp:term":[{"taxonomy":"category","embeddable":true,"href":"https:\/\/www.caririemacao.com\/1\/wp-json\/wp\/v2\/categories?post=43247"},{"taxonomy":"post_tag","embeddable":true,"href":"https:\/\/www.caririemacao.com\/1\/wp-json\/wp\/v2\/tags?post=43247"}],"curies":[{"name":"wp","href":"https:\/\/api.w.org\/{rel}","templated":true}]}}