{"id":43250,"date":"2018-03-07T16:30:07","date_gmt":"2018-03-07T19:30:07","guid":{"rendered":"http:\/\/caririemacao.com\/1\/?p=43250"},"modified":"2018-03-07T16:30:07","modified_gmt":"2018-03-07T19:30:07","slug":"ricardo-cria-delegacia-especializada-e-lanca-campanha-para-homenagear-o-mes-das-mulheres","status":"publish","type":"post","link":"https:\/\/www.caririemacao.com\/1\/2018\/03\/07\/ricardo-cria-delegacia-especializada-e-lanca-campanha-para-homenagear-o-mes-das-mulheres\/","title":{"rendered":"Ricardo cria delegacia especializada e lan\u00e7a campanha para homenagear o M\u00eas das Mulheres"},"content":{"rendered":"<p>O governador Ricardo Coutinho lan\u00e7ou, nesta quarta-feira (7), no Pal\u00e1cio da Reden\u00e7\u00e3o, a campanha publicit\u00e1ria\u00a0\u201cPela Vida das Mulheres \u2013 Decis\u00e3o e Participa\u00e7\u00e3o\u201d, tamb\u00e9m\u00a0criou a Delegacia Especializada de Atendimento \u00e0 Mulher, em Queimadas, e\u00a0liberou\u00a0R$ 146 mil em cr\u00e9ditos para 26 empreendedoras\u00a0da Linha Empreender Mulher. O chefe do Executivo Estadual ainda empossou\u00a0os membros do Conselho Estadual de Direitos da Mulher (CEDM) e\u00a0divulgou uma s\u00e9rie de atividades em homenagem \u00e0s mulheres.<\/p>\n<p>Na oportunidade, Ricardo Coutinho tamb\u00e9m entregou kits do projeto Mandala para trabalhadoras rurais; lan\u00e7ou\u00a0o edital do concurso de Reda\u00e7\u00e3o com o tema \u201cPela Vida das Mulheres\u201d; lan\u00e7ou o Pronatec voltado para mulheres e\u00a0anunciou a implanta\u00e7\u00e3o da Escolinha\u00a0de Futebol de Campo e Futsal Feminino, para meninas de 12 aos 20 anos.<\/p>\n<p>De acordo com Ricardo Coutinho, o Governo do Estado tem se dedicado muito a formula\u00e7\u00e3o de pol\u00edticas p\u00fablicas voltadas para a mulher. \u201cCriamos a Casa abrigo Aryane Thais, para acolher mulheres v\u00edtimas de viol\u00eancia; implantamos o Empreender Mulher; o projeto SOS Mulher; diversas delegacias especializadas foram criadas, enfim h\u00e1 uma sintonia no sentido de construir uma sociedade em que os direitos sejam iguais. Este m\u00eas de mar\u00e7o consolida as a\u00e7\u00f5es com uma s\u00e9rie de atividades voltadas para as mulheres paraibanas\u201d, afirmou o governador.<\/p>\n<p>A gerente executiva de equidade de g\u00eanero da Secretaria da Mulher e Diversidade Humana, Elinaide Carvalho, lembrou que esta \u00e9 a oitava edi\u00e7\u00e3o da campanha do m\u00eas das mulheres, sendo uma continuidade do compromisso do Governo do Estado em desenvolver a\u00e7\u00f5es alusivas ao Dia Internacional da Mulher. \u201c\u00c9 um calend\u00e1rio extenso com atividades culturais, como shows, ciranda, mostras de teatro e cinema, al\u00e9m de capacita\u00e7\u00f5es com profissionais que atuam nas pol\u00edcias, atividades voltadas para as mulheres nas cidades em parceria com as prefeituras. Tamb\u00e9m teremos atividades esportivas, cursos do Pronatec para mulheres e outras a\u00e7\u00f5es\u201d, explicou.<\/p>\n<p>A coordenadora das Delegacias da Mulher da Para\u00edba, Ma\u00edsa F\u00e9lix, frisou que a cria\u00e7\u00e3o de uma nova delegacia \u00e9 fundamental, porque representa a afirma\u00e7\u00e3o das pol\u00edticas desenvolvidas em prol da mulher para evitar qualquer tipo de viol\u00eancia. \u201cA Delegacia da Mulher em Queimadas vai atender praticamente 15 munic\u00edpios da regi\u00e3o e ser\u00e1 mais um refor\u00e7o no combate \u00e0 viol\u00eancia contra as mulheres\u201d, garantiu.<\/p>\n<p>Durante a solenidade, mulheres que passaram por alguma situa\u00e7\u00e3o de vulnerabilidade social assinaram contratos do Empreender Mulher para fomentar seus neg\u00f3cios. \u201cTemos o exemplo de uma mulher que era catadora de lixo, foi agredida pelo marido, mas agora, ap\u00f3s passar pelo treinamento do Empreender, vai se tornar vendedora. Estamos dando a oportunidade para que essas mulheres possam ter seu sustento e se libertem de casos de vulnerabilidade\u201d, pontuou a secret\u00e1ria executiva do Empreendedorismo, Amanda Rodrigues.<\/p>\n<p>M\u00e1rcia Dornele, que representa o F\u00f3rum Paraibano de Promo\u00e7\u00e3o da Igualdade Social , tomou posse como membro do\u00a0Conselho Estadual de Direitos da Mulher. \u201cPara n\u00f3s mulheres, esse espa\u00e7o \u00e9 de extrema import\u00e2ncia, porque foi conquistado com muita luta. O Conselho representa um ambiente de empoderamento, forma\u00e7\u00e3o e troca de informa\u00e7\u00f5es sobre as necessidades e os desafios da mulher\u201d, afirmou.<\/p>\n<p>Para a deputada estadual Estela Bezerra, a mulher tem um papel fundamental para o desenvolvimento da sociedade e por isso precisa ser, cada vez mais, valorizada. \u201cO empoderamento das mulheres \u00e9 um grande desafio, mas a Para\u00edba est\u00e1 avan\u00e7ando muito com pol\u00edticas p\u00fablicas variadas que trazem novas perspectivas de vida e mais prote\u00e7\u00e3o para as mulheres\u201d, observou.<\/p>\n<p>A agricultora Maria da Concei\u00e7\u00e3o \u00e9 de Rio Tinto e foi uma das contempladas com um kit para trabalhadoras rurais. \u201cA gente s\u00f3 precisa de um apoio e este apoio chegou na hora certa. Esse kit da Emater vai facilitar a produ\u00e7\u00e3o. Eu trabalho com v\u00e1rios produtos: macaxeira, inhame, plantas medicinais e outros\u201d, comentou.<\/p>\n<p><strong>CARIRI EM A\u00c7\u00c3O<\/strong><\/p>\n<p><em>Com Para\u00edba\u00a0j\u00e1\/Foto: Reprodu\u00e7\u00e3o Internet, Divulga\u00e7\u00e3o \u00a0<\/em><\/p>\n<p><strong>Leia mais not\u00edcias em\u00a0<\/strong><a href=\"http:\/\/www.caririemacao.com\/\"><strong>caririemacao.com<\/strong><\/a><strong>, siga nossa p\u00e1gina no\u00a0<\/strong><a href=\"https:\/\/www.facebook.com\/CaririEmAcao\/?ref=aymt_homepage_panel\"><strong>Facebook<\/strong><\/a>,<strong>\u00a0<\/strong><a href=\"https:\/\/www.instagram.com\/cariri_em_acao\/?hl=pt-br\"><strong>Instagram<\/strong><\/a><strong>\u00a0e <\/strong><a href=\"https:\/\/www.youtube.com\/channel\/UCAptA0jQuYQy8vMhLt2m4qg\"><strong>Youtube<\/strong><\/a><strong>\u00a0e veja nossas mat\u00e9rias, v\u00eddeos e fotos. Voc\u00ea tamb\u00e9m pode enviar informa\u00e7\u00f5es \u00e0 Reda\u00e7\u00e3o do Portal Cariri em A\u00e7\u00e3o pelo WhatsApp (83) 9 9634.5791, (83) 9 9601-1162.<\/strong><\/p>\n","protected":false},"excerpt":{"rendered":"<p>O governador Ricardo Coutinho lan\u00e7ou, nesta quarta-feira (7), no Pal\u00e1cio da Reden\u00e7\u00e3o, a campanha publicit\u00e1ria\u00a0\u201cPela Vida das Mulheres \u2013 Decis\u00e3o e Participa\u00e7\u00e3o\u201d, tamb\u00e9m\u00a0criou a Delegacia&hellip; <\/p>\n","protected":false},"author":2,"featured_media":43251,"comment_status":"closed","ping_status":"closed","sticky":false,"template":"","format":"standard","meta":{"sfsi_plus_gutenberg_text_before_share":"","sfsi_plus_gutenberg_show_text_before_share":"","sfsi_plus_gutenberg_icon_type":"","sfsi_plus_gutenberg_icon_alignemt":"","sfsi_plus_gutenburg_max_per_row":"","footnotes":""},"categories":[11],"tags":[],"class_list":["post-43250","post","type-post","status-publish","format-standard","has-post-thumbnail","hentry","category-politica"],"_links":{"self":[{"href":"https:\/\/www.caririemacao.com\/1\/wp-json\/wp\/v2\/posts\/43250","targetHints":{"allow":["GET"]}}],"collection":[{"href":"https:\/\/www.caririemacao.com\/1\/wp-json\/wp\/v2\/posts"}],"about":[{"href":"https:\/\/www.caririemacao.com\/1\/wp-json\/wp\/v2\/types\/post"}],"author":[{"embeddable":true,"href":"https:\/\/www.caririemacao.com\/1\/wp-json\/wp\/v2\/users\/2"}],"replies":[{"embeddable":true,"href":"https:\/\/www.caririemacao.com\/1\/wp-json\/wp\/v2\/comments?post=43250"}],"version-history":[{"count":0,"href":"https:\/\/www.caririemacao.com\/1\/wp-json\/wp\/v2\/posts\/43250\/revisions"}],"wp:featuredmedia":[{"embeddable":true,"href":"https:\/\/www.caririemacao.com\/1\/wp-json\/wp\/v2\/media\/43251"}],"wp:attachment":[{"href":"https:\/\/www.caririemacao.com\/1\/wp-json\/wp\/v2\/media?parent=43250"}],"wp:term":[{"taxonomy":"category","embeddable":true,"href":"https:\/\/www.caririemacao.com\/1\/wp-json\/wp\/v2\/categories?post=43250"},{"taxonomy":"post_tag","embeddable":true,"href":"https:\/\/www.caririemacao.com\/1\/wp-json\/wp\/v2\/tags?post=43250"}],"curies":[{"name":"wp","href":"https:\/\/api.w.org\/{rel}","templated":true}]}}