{"id":43255,"date":"2018-03-07T16:58:20","date_gmt":"2018-03-07T19:58:20","guid":{"rendered":"http:\/\/caririemacao.com\/1\/?p=43255"},"modified":"2018-03-07T21:04:10","modified_gmt":"2018-03-08T00:04:10","slug":"vereadores-de-caraubas-debatem-seguranca-publica-e-abastecimento-dagua","status":"publish","type":"post","link":"https:\/\/www.caririemacao.com\/1\/2018\/03\/07\/vereadores-de-caraubas-debatem-seguranca-publica-e-abastecimento-dagua\/","title":{"rendered":"Vereadores de Cara\u00fabas debatem seguran\u00e7a p\u00fablica e abastecimento d\u00b4\u00e1gua"},"content":{"rendered":"<p>A C\u00e2mara Municipal de Cara\u00fabas realizou na noite desta nesta ter\u00e7a-feira (07) mais uma importante sess\u00e3o ordin\u00e1ria presidida pelo vereador Renivan Neves (PC do B).<\/p>\n<p><a href=\"http:\/\/caririemacao.com\/1\/?attachment_id=43264\" rel=\"attachment wp-att-43264\"><img fetchpriority=\"high\" decoding=\"async\" class=\"aligncenter size-full wp-image-43264\" src=\"http:\/\/caririemacao.com\/1\/wp-content\/uploads\/2018\/03\/IMG_2386.jpg\" alt=\"\" width=\"800\" height=\"533\" srcset=\"https:\/\/www.caririemacao.com\/1\/wp-content\/uploads\/2018\/03\/IMG_2386.jpg 800w, https:\/\/www.caririemacao.com\/1\/wp-content\/uploads\/2018\/03\/IMG_2386-300x200.jpg 300w, https:\/\/www.caririemacao.com\/1\/wp-content\/uploads\/2018\/03\/IMG_2386-768x512.jpg 768w\" sizes=\"(max-width: 800px) 100vw, 800px\" \/><\/a><\/p>\n<p>Durante a reuni\u00e3o desta ter\u00e7a-feira, dia 06, os vereadores de Cara\u00fabas foram a tribuna e debateram relacionados a popula\u00e7\u00e3o do munic\u00edpio de Cara\u00fabas, como a seguran\u00e7a p\u00fablica e abastecimento d\u2019\u00e1gua.<\/p>\n<p>Os vereadores aproveitaram e usaram da tribuna para falar destes temas e abordar outras quest\u00f5es voltadas ao munic\u00edpio.<\/p>\n<p>Confira o que foram destaques na tribuna da C\u00e2mara de Cara\u00fabas nesta ter\u00e7a-feira:<\/p>\n<p><strong>NA TRIBUNA<\/strong><\/p>\n<p><a href=\"http:\/\/caririemacao.com\/1\/?attachment_id=43258\" rel=\"attachment wp-att-43258\"><img decoding=\"async\" class=\"aligncenter size-full wp-image-43258 lazyload\" data-src=\"http:\/\/caririemacao.com\/1\/wp-content\/uploads\/2018\/03\/IMG_2339.jpg\" alt=\"\" width=\"800\" height=\"533\" data-srcset=\"https:\/\/www.caririemacao.com\/1\/wp-content\/uploads\/2018\/03\/IMG_2339.jpg 800w, https:\/\/www.caririemacao.com\/1\/wp-content\/uploads\/2018\/03\/IMG_2339-300x200.jpg 300w, https:\/\/www.caririemacao.com\/1\/wp-content\/uploads\/2018\/03\/IMG_2339-768x512.jpg 768w\" data-sizes=\"(max-width: 800px) 100vw, 800px\" src=\"data:image\/svg+xml;base64,PHN2ZyB3aWR0aD0iMSIgaGVpZ2h0PSIxIiB4bWxucz0iaHR0cDovL3d3dy53My5vcmcvMjAwMC9zdmciPjwvc3ZnPg==\" style=\"--smush-placeholder-width: 800px; --smush-placeholder-aspect-ratio: 800\/533;\" \/><\/a><\/p>\n<p>A vereadora <strong>Neide de Assis<\/strong> foi a primeira a se pronunciar na tribuna da casa e destacou algumas a\u00e7\u00f5es do Governo Municipal, com a compra de balan\u00e7a para o matadouro p\u00fablico, a\u00e7\u00e3o que ir\u00e1 ajudar no trabalho dos marchantes do munic\u00edpio de Cara\u00fabas. Neide ainda destacou em sua fala que o PAA retorna as atividades ainda esse m\u00eas. Ele informou que o PAA est\u00e1 or\u00e7ado no valor de RS 63 mil, al\u00e9m disso, a vereadora tamb\u00e9m destacou o empenho e esfor\u00e7o da gest\u00e3o no sentido de recuperar os pr\u00e9dios das escolas do munic\u00edpio.<\/p>\n<p>Por fim, a parlamentar apresentou uma mo\u00e7\u00e3o de aplausos a todas as mulheres do munic\u00edpio de Cara\u00fabas pelo dia 8 de Mar\u00e7o, Dia Internacional da Mulher.<\/p>\n<p><a href=\"http:\/\/caririemacao.com\/1\/?attachment_id=43266\" rel=\"attachment wp-att-43266\"><img decoding=\"async\" class=\"aligncenter size-full wp-image-43266 lazyload\" data-src=\"http:\/\/caririemacao.com\/1\/wp-content\/uploads\/2018\/03\/IMG_2351.jpg\" alt=\"\" width=\"800\" height=\"533\" data-srcset=\"https:\/\/www.caririemacao.com\/1\/wp-content\/uploads\/2018\/03\/IMG_2351.jpg 800w, https:\/\/www.caririemacao.com\/1\/wp-content\/uploads\/2018\/03\/IMG_2351-300x200.jpg 300w, https:\/\/www.caririemacao.com\/1\/wp-content\/uploads\/2018\/03\/IMG_2351-768x512.jpg 768w\" data-sizes=\"(max-width: 800px) 100vw, 800px\" src=\"data:image\/svg+xml;base64,PHN2ZyB3aWR0aD0iMSIgaGVpZ2h0PSIxIiB4bWxucz0iaHR0cDovL3d3dy53My5vcmcvMjAwMC9zdmciPjwvc3ZnPg==\" style=\"--smush-placeholder-width: 800px; --smush-placeholder-aspect-ratio: 800\/533;\" \/><\/a><\/p>\n<p>O vereador <strong>F\u00e1bio Pereira<\/strong> foi \u00e0 tribuna e disse acompanhar a mo\u00e7\u00e3o de aplauso da vereadora Neide parabenizando as mulheres pelo Dia Internacional da mulher. Em sua fala, o vereador destacou a compra da balan\u00e7a para o matadouro p\u00fablico e a reforma da escola da Comunidade de Ponta de Serra, inclu\u00eddas no programa de Governo do prefeito Silvano Dudu, atendendo assim, uma solicita\u00e7\u00e3o do vereador.<\/p>\n<p>F\u00e1bio ainda parabenizou a Gest\u00e3o Municipal pela postura democr\u00e1tica de atender o pedido da popula\u00e7\u00e3o. O Parlamentar ainda apresentou um voto de pesar aos familiares do Senhor Josival Isidoro de Almeida, falecido na \u00faltima semana. Josival era irm\u00e3o do ex-vereador caraubense Josivan Isidoro.<\/p>\n<p><a href=\"http:\/\/caririemacao.com\/1\/?attachment_id=43259\" rel=\"attachment wp-att-43259\"><img decoding=\"async\" class=\"aligncenter size-full wp-image-43259 lazyload\" data-src=\"http:\/\/caririemacao.com\/1\/wp-content\/uploads\/2018\/03\/IMG_2354.jpg\" alt=\"\" width=\"800\" height=\"533\" data-srcset=\"https:\/\/www.caririemacao.com\/1\/wp-content\/uploads\/2018\/03\/IMG_2354.jpg 800w, https:\/\/www.caririemacao.com\/1\/wp-content\/uploads\/2018\/03\/IMG_2354-300x200.jpg 300w, https:\/\/www.caririemacao.com\/1\/wp-content\/uploads\/2018\/03\/IMG_2354-768x512.jpg 768w\" data-sizes=\"(max-width: 800px) 100vw, 800px\" src=\"data:image\/svg+xml;base64,PHN2ZyB3aWR0aD0iMSIgaGVpZ2h0PSIxIiB4bWxucz0iaHR0cDovL3d3dy53My5vcmcvMjAwMC9zdmciPjwvc3ZnPg==\" style=\"--smush-placeholder-width: 800px; --smush-placeholder-aspect-ratio: 800\/533;\" \/><\/a><\/p>\n<p>&nbsp;<\/p>\n<p>O vereador <strong>In\u00e1cio Filho<\/strong> tamb\u00e9m apresentou o seu voto de pesar a fam\u00edlia do ex-vereador caraubense Josivan Isidoro. In\u00e1cio fez uma solicita\u00e7\u00e3o ao governador do Estado da Para\u00edba, Ricardo Coutinho, com objetivo da conclus\u00e3o das obras do Governo do Estado que ainda est\u00e3o inacabadas no munic\u00edpio. Ele ainda cobrou mais seguran\u00e7a p\u00fablica na sede do munic\u00edpio e tamb\u00e9m no distrito de Barreiras.<\/p>\n<p><a href=\"http:\/\/caririemacao.com\/1\/?attachment_id=43260\" rel=\"attachment wp-att-43260\"><img decoding=\"async\" class=\"aligncenter size-full wp-image-43260 lazyload\" data-src=\"http:\/\/caririemacao.com\/1\/wp-content\/uploads\/2018\/03\/IMG_2360.jpg\" alt=\"\" width=\"800\" height=\"533\" data-srcset=\"https:\/\/www.caririemacao.com\/1\/wp-content\/uploads\/2018\/03\/IMG_2360.jpg 800w, https:\/\/www.caririemacao.com\/1\/wp-content\/uploads\/2018\/03\/IMG_2360-300x200.jpg 300w, https:\/\/www.caririemacao.com\/1\/wp-content\/uploads\/2018\/03\/IMG_2360-768x512.jpg 768w\" data-sizes=\"(max-width: 800px) 100vw, 800px\" src=\"data:image\/svg+xml;base64,PHN2ZyB3aWR0aD0iMSIgaGVpZ2h0PSIxIiB4bWxucz0iaHR0cDovL3d3dy53My5vcmcvMjAwMC9zdmciPjwvc3ZnPg==\" style=\"--smush-placeholder-width: 800px; --smush-placeholder-aspect-ratio: 800\/533;\" \/><\/a><\/p>\n<p><strong>Jos\u00e9 Josima (Bazoca)<\/strong> foi \u00e0 tribuna e tamb\u00e9m clamou por mais seguran\u00e7a p\u00fablica ao Governo do Estado. Ele fez lembran\u00e7a de dois assaltos que ocorreram nos \u00faltimos dias no munic\u00edpio de Cara\u00fabas. O parlamentar ainda solicitou da Gest\u00e3o Municipal a implanta\u00e7\u00e3o de uma sistema de monitoramento atrav\u00e9s de c\u00e2meras 24h. Ele disse que a medida ajudar a identifica\u00e7\u00e3o de criminosos al\u00e9m de trazer mais seguran\u00e7a para os caraubenses, Bazoca ainda pediu ao governador do Estado uma aten\u00e7\u00e3o no sentido de concluir a obra de abastecimento d\u00b4\u00e1gua no munic\u00edpio para que o munic\u00edpio n\u00e3o venha sofrer mais com a escassez h\u00eddrica.<\/p>\n<p><a href=\"http:\/\/caririemacao.com\/1\/?attachment_id=43261\" rel=\"attachment wp-att-43261\"><img decoding=\"async\" class=\"aligncenter size-full wp-image-43261 lazyload\" data-src=\"http:\/\/caririemacao.com\/1\/wp-content\/uploads\/2018\/03\/IMG_2367.jpg\" alt=\"\" width=\"800\" height=\"533\" data-srcset=\"https:\/\/www.caririemacao.com\/1\/wp-content\/uploads\/2018\/03\/IMG_2367.jpg 800w, https:\/\/www.caririemacao.com\/1\/wp-content\/uploads\/2018\/03\/IMG_2367-300x200.jpg 300w, https:\/\/www.caririemacao.com\/1\/wp-content\/uploads\/2018\/03\/IMG_2367-768x512.jpg 768w\" data-sizes=\"(max-width: 800px) 100vw, 800px\" src=\"data:image\/svg+xml;base64,PHN2ZyB3aWR0aD0iMSIgaGVpZ2h0PSIxIiB4bWxucz0iaHR0cDovL3d3dy53My5vcmcvMjAwMC9zdmciPjwvc3ZnPg==\" style=\"--smush-placeholder-width: 800px; --smush-placeholder-aspect-ratio: 800\/533;\" \/><\/a><\/p>\n<p>J\u00e1 vereador<strong> Jos\u00e9 Franconero (Nero)<\/strong> cobrou do governo estadual a conclus\u00e3o das obras da adutora de Cara\u00fabas que est\u00e1 sendo executada e tamb\u00e9m chamou aten\u00e7\u00e3o para o esporte da cidade, destacando a necessidade de dar um apoio aos atletas da cidade. Nero lembrou em sua fala que no pr\u00f3ximo s\u00e1bado haver\u00e1 audi\u00eancia do Or\u00e7amento Democr\u00e1tico e falou da import\u00e2ncia de participar levando reivindica\u00e7\u00e3o do povo, uma vez que o governador do Estado estar\u00e1 presente na audi\u00eancia que ser\u00e1 realizado na cidade de Sum\u00e9, no pr\u00f3ximo s\u00e1bado dia 10.<\/p>\n<p><a href=\"http:\/\/caririemacao.com\/1\/?attachment_id=43262\" rel=\"attachment wp-att-43262\"><img decoding=\"async\" class=\"aligncenter size-full wp-image-43262 lazyload\" data-src=\"http:\/\/caririemacao.com\/1\/wp-content\/uploads\/2018\/03\/IMG_2374.jpg\" alt=\"\" width=\"800\" height=\"533\" data-srcset=\"https:\/\/www.caririemacao.com\/1\/wp-content\/uploads\/2018\/03\/IMG_2374.jpg 800w, https:\/\/www.caririemacao.com\/1\/wp-content\/uploads\/2018\/03\/IMG_2374-300x200.jpg 300w, https:\/\/www.caririemacao.com\/1\/wp-content\/uploads\/2018\/03\/IMG_2374-768x512.jpg 768w\" data-sizes=\"(max-width: 800px) 100vw, 800px\" src=\"data:image\/svg+xml;base64,PHN2ZyB3aWR0aD0iMSIgaGVpZ2h0PSIxIiB4bWxucz0iaHR0cDovL3d3dy53My5vcmcvMjAwMC9zdmciPjwvc3ZnPg==\" style=\"--smush-placeholder-width: 800px; --smush-placeholder-aspect-ratio: 800\/533;\" \/><\/a><\/p>\n<p>O vereador <strong>Tomaz Arquino<\/strong> estendeu os votos de pesar \u00e0 fam\u00edlia do ex-vereador Josivan Isidoro pela perca do seu irm\u00e3o e tamb\u00e9m a fam\u00edlia do secret\u00e1rio do munic\u00edpio, Eduardo Belo, pelo falecimento de sua tia. Tomaz falou do Dia Internacional da Mulher, destacando o papel importante da mulher na sociedade brasileira e solicitou da gest\u00e3o Municipal aten\u00e7\u00e3o para os requerimentos que s\u00e3o aprovados na casa, especialmente, o que diz respeito ao esporte onde ele mesmo apresentou requerimento solicitando a constru\u00e7\u00e3o de uma quadra no distrito de Barreiras.<\/p>\n<p><a href=\"http:\/\/caririemacao.com\/1\/?attachment_id=43263\" rel=\"attachment wp-att-43263\"><img decoding=\"async\" class=\"aligncenter size-full wp-image-43263 lazyload\" data-src=\"http:\/\/caririemacao.com\/1\/wp-content\/uploads\/2018\/03\/IMG_2378.jpg\" alt=\"\" width=\"800\" height=\"533\" data-srcset=\"https:\/\/www.caririemacao.com\/1\/wp-content\/uploads\/2018\/03\/IMG_2378.jpg 800w, https:\/\/www.caririemacao.com\/1\/wp-content\/uploads\/2018\/03\/IMG_2378-300x200.jpg 300w, https:\/\/www.caririemacao.com\/1\/wp-content\/uploads\/2018\/03\/IMG_2378-768x512.jpg 768w\" data-sizes=\"(max-width: 800px) 100vw, 800px\" src=\"data:image\/svg+xml;base64,PHN2ZyB3aWR0aD0iMSIgaGVpZ2h0PSIxIiB4bWxucz0iaHR0cDovL3d3dy53My5vcmcvMjAwMC9zdmciPjwvc3ZnPg==\" style=\"--smush-placeholder-width: 800px; --smush-placeholder-aspect-ratio: 800\/533;\" \/><\/a><\/p>\n<p>O vereador <strong>Nerivan\u00a0Alvares<\/strong> utilizou o espa\u00e7o da tribuna para falar da import\u00e2ncia de finalizar a Adutora do munic\u00edpio, e da necessidade do melhoramento da seguran\u00e7a. Ele ainda parabenizou a gest\u00e3o pelas a\u00e7\u00f5es de recupera\u00e7\u00e3o das escolas do munic\u00edpio e tamb\u00e9m pela compra da balan\u00e7a para o matadouro p\u00fablico. Nerivan destacou que \u00e9 necess\u00e1rio incentivar cada vez mais o esporte do munic\u00edpio de Cara\u00fabas.<\/p>\n<p><a href=\"http:\/\/caririemacao.com\/1\/?attachment_id=43265\" rel=\"attachment wp-att-43265\"><img decoding=\"async\" class=\"aligncenter size-full wp-image-43265 lazyload\" data-src=\"http:\/\/caririemacao.com\/1\/wp-content\/uploads\/2018\/03\/IMG_2393.jpg\" alt=\"\" width=\"800\" height=\"533\" data-srcset=\"https:\/\/www.caririemacao.com\/1\/wp-content\/uploads\/2018\/03\/IMG_2393.jpg 800w, https:\/\/www.caririemacao.com\/1\/wp-content\/uploads\/2018\/03\/IMG_2393-300x200.jpg 300w, https:\/\/www.caririemacao.com\/1\/wp-content\/uploads\/2018\/03\/IMG_2393-768x512.jpg 768w\" data-sizes=\"(max-width: 800px) 100vw, 800px\" src=\"data:image\/svg+xml;base64,PHN2ZyB3aWR0aD0iMSIgaGVpZ2h0PSIxIiB4bWxucz0iaHR0cDovL3d3dy53My5vcmcvMjAwMC9zdmciPjwvc3ZnPg==\" style=\"--smush-placeholder-width: 800px; --smush-placeholder-aspect-ratio: 800\/533;\" \/><\/a><\/p>\n<p>O Presidente <strong>Renivan Neves<\/strong> destacou em seu pronunciamento que \u00e9 preciso fazer algo concreto e que todos os vereadores, prefeito e o vice-prefeito da cidade se dirijam aos \u00f3rg\u00e3os competentes, para fazer press\u00e3o no que diz respeito \u00e0 conclus\u00e3o de obras e de mais seguran\u00e7a p\u00fablica para o munic\u00edpio. Segundo o presidente, os apelos s\u00e3o importantes, mas que \u00e9 preciso fazer algo mais concreto ou a popula\u00e7\u00e3o n\u00e3o consegue continuar ref\u00e9m da bandidagem.<\/p>\n<h3><strong><a href=\"https:\/\/www.facebook.com\/pg\/CaririEmAcao\/photos\/?tab=album&amp;album_id=1197097250426296\">Veja aqui todas as fotos da sess\u00e3o<\/a><\/strong><\/h3>\n<p><strong>CARIRI EM A\u00c7\u00c3O<\/strong><\/p>\n<p><strong>Leia mais not\u00edcias em\u00a0<\/strong><a style=\"font-style: inherit; font-weight: inherit;\" href=\"http:\/\/www.caririemacao.com\/\"><strong style=\"font-style: inherit;\">caririemacao.com<\/strong><\/a><strong style=\"font-style: inherit;\">, siga nossa p\u00e1gina no\u00a0<\/strong><a style=\"font-style: inherit; font-weight: inherit;\" href=\"https:\/\/www.facebook.com\/CaririEmAcao\/?ref=aymt_homepage_panel\"><strong style=\"font-style: inherit;\">Facebook<\/strong><\/a>,<strong style=\"font-style: inherit;\">\u00a0<\/strong><a style=\"font-style: inherit; font-weight: inherit;\" href=\"https:\/\/www.instagram.com\/cariri_em_acao\/?hl=pt-br\"><strong style=\"font-style: inherit;\">Instagram<\/strong><\/a><strong style=\"font-style: inherit;\">\u00a0e\u00a0<\/strong><a style=\"font-style: inherit; font-weight: inherit;\" href=\"https:\/\/www.youtube.com\/channel\/UCAptA0jQuYQy8vMhLt2m4qg\"><strong style=\"font-style: inherit;\">Youtube<\/strong><\/a><strong style=\"font-style: inherit;\">\u00a0e veja nossas mat\u00e9rias, v\u00eddeos e fotos. Voc\u00ea tamb\u00e9m pode enviar informa\u00e7\u00f5es \u00e0 Reda\u00e7\u00e3o do Portal Cariri em A\u00e7\u00e3o pelo WhatsApp (83) 9 9634.5791, (83) 9 9601-1162.<\/strong><\/p>\n","protected":false},"excerpt":{"rendered":"<p>A C\u00e2mara Municipal de Cara\u00fabas realizou na noite desta nesta ter\u00e7a-feira (07) mais uma importante sess\u00e3o ordin\u00e1ria presidida pelo vereador Renivan Neves (PC do B).&hellip; <\/p>\n","protected":false},"author":2,"featured_media":43257,"comment_status":"closed","ping_status":"closed","sticky":false,"template":"","format":"standard","meta":{"sfsi_plus_gutenberg_text_before_share":"","sfsi_plus_gutenberg_show_text_before_share":"","sfsi_plus_gutenberg_icon_type":"","sfsi_plus_gutenberg_icon_alignemt":"","sfsi_plus_gutenburg_max_per_row":"","footnotes":""},"categories":[6],"tags":[],"class_list":["post-43255","post","type-post","status-publish","format-standard","has-post-thumbnail","hentry","category-cidades"],"_links":{"self":[{"href":"https:\/\/www.caririemacao.com\/1\/wp-json\/wp\/v2\/posts\/43255","targetHints":{"allow":["GET"]}}],"collection":[{"href":"https:\/\/www.caririemacao.com\/1\/wp-json\/wp\/v2\/posts"}],"about":[{"href":"https:\/\/www.caririemacao.com\/1\/wp-json\/wp\/v2\/types\/post"}],"author":[{"embeddable":true,"href":"https:\/\/www.caririemacao.com\/1\/wp-json\/wp\/v2\/users\/2"}],"replies":[{"embeddable":true,"href":"https:\/\/www.caririemacao.com\/1\/wp-json\/wp\/v2\/comments?post=43255"}],"version-history":[{"count":0,"href":"https:\/\/www.caririemacao.com\/1\/wp-json\/wp\/v2\/posts\/43255\/revisions"}],"wp:featuredmedia":[{"embeddable":true,"href":"https:\/\/www.caririemacao.com\/1\/wp-json\/wp\/v2\/media\/43257"}],"wp:attachment":[{"href":"https:\/\/www.caririemacao.com\/1\/wp-json\/wp\/v2\/media?parent=43255"}],"wp:term":[{"taxonomy":"category","embeddable":true,"href":"https:\/\/www.caririemacao.com\/1\/wp-json\/wp\/v2\/categories?post=43255"},{"taxonomy":"post_tag","embeddable":true,"href":"https:\/\/www.caririemacao.com\/1\/wp-json\/wp\/v2\/tags?post=43255"}],"curies":[{"name":"wp","href":"https:\/\/api.w.org\/{rel}","templated":true}]}}