{"id":43280,"date":"2018-03-07T19:49:10","date_gmt":"2018-03-07T22:49:10","guid":{"rendered":"http:\/\/caririemacao.com\/1\/?p=43280"},"modified":"2018-03-07T19:49:10","modified_gmt":"2018-03-07T22:49:10","slug":"transposicao-mpf-em-monteiro-pede-suspensao-do-bombeamento-da-agua-no-eixo-leste","status":"publish","type":"post","link":"https:\/\/www.caririemacao.com\/1\/2018\/03\/07\/transposicao-mpf-em-monteiro-pede-suspensao-do-bombeamento-da-agua-no-eixo-leste\/","title":{"rendered":"Transposi\u00e7\u00e3o: MPF em Monteiro pede suspens\u00e3o do bombeamento da \u00e1gua no eixo leste"},"content":{"rendered":"<p>O Minist\u00e9rio P\u00fablico Federal (MPF) em Monteiro (PB) recomendou \u00e0 Secretaria de Infraestrutura H\u00eddrica do Minist\u00e9rio da Integra\u00e7\u00e3o Nacional que suspenda a opera\u00e7\u00e3o do sistema de bombeamento de \u00e1guas da\u00a0 transposi\u00e7\u00e3o do rio S\u00e3o Francisco, no eixo leste, meta 3L, pelo prazo necess\u00e1rio de realizar interven\u00e7\u00f5es nos a\u00e7udes de Po\u00e7\u00f5es e Camala\u00fa.<\/p>\n<p>O MPF recomenda ainda ao Departamento Nacional de Obras Contra as Secas (Dnocs), por interm\u00e9dio de seu diretor-geral ou substituto legal, que t\u00e3o logo haja a descontinuidade da \u00e1gua e\/ou redu\u00e7\u00e3o da vaz\u00e3o de bombeamento atualmente fornecida, retome as obras de recupera\u00e7\u00e3o dos a\u00e7udes, inclusive as adequa\u00e7\u00f5es para a execu\u00e7\u00e3o da tomada suplementar de \u00e1gua, com o devido controle do fluxo.<\/p>\n<p><strong>Fiscaliza\u00e7\u00e3o do Ibama \u2013<\/strong>\u00a0Em reuni\u00e3o realizada em Bras\u00edlia na \u00faltima segunda-feira (5), ficou acordado entre o MPF e o Instituto Brasileiro do Meio Ambiente e dos Recursos Naturais Renov\u00e1veis (Ibama) que ser\u00e1 realizada em breve fiscaliza\u00e7\u00e3o das condicionantes das licen\u00e7as pr\u00e9vias de instala\u00e7\u00e3o (revitaliza\u00e7\u00e3o do rio Para\u00edba, esgotamento sanit\u00e1rio e reassentamento das popula\u00e7\u00f5es atingidas) no eixo leste.<\/p>\n<p>A procuradora da Rep\u00fablica em Monteiro encaminhou of\u00edcio \u00e0 presidente do Ibama com documentos do Inqu\u00e9rito Civil 1.24.004.000005\/2017-61, que comprovam que as condicionantes n\u00e3o v\u00eam sendo cumpridas na integralidade pelo Minist\u00e9rio da Integra\u00e7\u00e3o Nacional<\/p>\n<p><strong>Recursos para revitaliza\u00e7\u00e3o do rio Para\u00edba \u2013<\/strong>\u00a0Por meio de novo of\u00edcio, a procuradora solicitou ao coordenador da bancada federal da Para\u00edba no Congresso Nacional aloca\u00e7\u00e3o imediata de recursos, da ordem de R$ 6 milh\u00f5es, para contrata\u00e7\u00e3o de empresa para elabora\u00e7\u00e3o de projeto de revitaliza\u00e7\u00e3o do rio Para\u00edba, bem como a aloca\u00e7\u00e3o de recursos, da ordem da R$ 20 milh\u00f5es, no or\u00e7amento do ano de 2019, com vistas \u00e0 execu\u00e7\u00e3o do plano de revitaliza\u00e7\u00e3o do rio Para\u00edba.<\/p>\n<p><strong>CARIRI EM A\u00c7\u00c3O<\/strong><\/p>\n<p><em>Com MPF\/Foto: Reprodu\u00e7\u00e3o Internet<\/em><\/p>\n<p><strong>Leia mais not\u00edcias em\u00a0<\/strong><a href=\"http:\/\/www.caririemacao.com\/\"><strong>caririemacao.com<\/strong><\/a><strong>, siga nossa p\u00e1gina no\u00a0<\/strong><a href=\"https:\/\/www.facebook.com\/CaririEmAcao\/?ref=aymt_homepage_panel\"><strong>Facebook<\/strong><\/a>,<strong>\u00a0<\/strong><a href=\"https:\/\/www.instagram.com\/cariri_em_acao\/?hl=pt-br\"><strong>Instagram<\/strong><\/a><strong>\u00a0e\u00a0<\/strong><a href=\"https:\/\/www.youtube.com\/channel\/UCAptA0jQuYQy8vMhLt2m4qg\"><strong>Youtube<\/strong><\/a><strong>\u00a0e veja nossas mat\u00e9rias, v\u00eddeos e fotos. Voc\u00ea tamb\u00e9m pode enviar informa\u00e7\u00f5es \u00e0 Reda\u00e7\u00e3o do Portal Cariri em A\u00e7\u00e3o pelo WhatsApp (83) 9 9634.5791, (83) 9 9601-1162.<\/strong><\/p>\n","protected":false},"excerpt":{"rendered":"<p>O Minist\u00e9rio P\u00fablico Federal (MPF) em Monteiro (PB) recomendou \u00e0 Secretaria de Infraestrutura H\u00eddrica do Minist\u00e9rio da Integra\u00e7\u00e3o Nacional que suspenda a opera\u00e7\u00e3o do sistema&hellip; <\/p>\n","protected":false},"author":2,"featured_media":43281,"comment_status":"closed","ping_status":"closed","sticky":false,"template":"","format":"standard","meta":{"sfsi_plus_gutenberg_text_before_share":"","sfsi_plus_gutenberg_show_text_before_share":"","sfsi_plus_gutenberg_icon_type":"","sfsi_plus_gutenberg_icon_alignemt":"","sfsi_plus_gutenburg_max_per_row":"","footnotes":""},"categories":[2],"tags":[],"class_list":["post-43280","post","type-post","status-publish","format-standard","has-post-thumbnail","hentry","category-geral"],"_links":{"self":[{"href":"https:\/\/www.caririemacao.com\/1\/wp-json\/wp\/v2\/posts\/43280","targetHints":{"allow":["GET"]}}],"collection":[{"href":"https:\/\/www.caririemacao.com\/1\/wp-json\/wp\/v2\/posts"}],"about":[{"href":"https:\/\/www.caririemacao.com\/1\/wp-json\/wp\/v2\/types\/post"}],"author":[{"embeddable":true,"href":"https:\/\/www.caririemacao.com\/1\/wp-json\/wp\/v2\/users\/2"}],"replies":[{"embeddable":true,"href":"https:\/\/www.caririemacao.com\/1\/wp-json\/wp\/v2\/comments?post=43280"}],"version-history":[{"count":0,"href":"https:\/\/www.caririemacao.com\/1\/wp-json\/wp\/v2\/posts\/43280\/revisions"}],"wp:featuredmedia":[{"embeddable":true,"href":"https:\/\/www.caririemacao.com\/1\/wp-json\/wp\/v2\/media\/43281"}],"wp:attachment":[{"href":"https:\/\/www.caririemacao.com\/1\/wp-json\/wp\/v2\/media?parent=43280"}],"wp:term":[{"taxonomy":"category","embeddable":true,"href":"https:\/\/www.caririemacao.com\/1\/wp-json\/wp\/v2\/categories?post=43280"},{"taxonomy":"post_tag","embeddable":true,"href":"https:\/\/www.caririemacao.com\/1\/wp-json\/wp\/v2\/tags?post=43280"}],"curies":[{"name":"wp","href":"https:\/\/api.w.org\/{rel}","templated":true}]}}