{"id":43284,"date":"2018-03-07T20:28:55","date_gmt":"2018-03-07T23:28:55","guid":{"rendered":"http:\/\/caririemacao.com\/1\/?p=43284"},"modified":"2018-03-07T20:28:55","modified_gmt":"2018-03-07T23:28:55","slug":"ricardo-e-ligia-creem-que-tse-mantera-improcedencia-de-recurso-do-psdb","status":"publish","type":"post","link":"https:\/\/www.caririemacao.com\/1\/2018\/03\/07\/ricardo-e-ligia-creem-que-tse-mantera-improcedencia-de-recurso-do-psdb\/","title":{"rendered":"Ricardo e L\u00edgia creem que TSE manter\u00e1 improced\u00eancia de recurso do PSDB"},"content":{"rendered":"<p>Foi definido para a pr\u00f3xima quarta-feira (13), o julgamento da A\u00e7\u00e3o de Investiga\u00e7\u00e3o Judicial Eleitoral (Aije), pela cassa\u00e7\u00e3o do governador Ricardo Coutinho (PSB) e da vice, L\u00edgia Feliciano (PDT). A Aije julga suposto abuso de poder nas elei\u00e7\u00f5es de 2014.<\/p>\n<p>A defesa do governador se pronunciou sobre o caso, e reiterou o respeito a legisla\u00e7\u00e3o eleitoral no pleito daquele ano.<\/p>\n<p>\u201cA defesa do Governador Ricardo Coutinho e da Vice-Governadora L\u00edgia Feliciano reitera que todas as a\u00e7\u00f5es administrativas realizadas no ano de 2014 se deram em pleno respeito \u00e0 legisla\u00e7\u00e3o eleitoral, com observ\u00e2ncia da impessoalidade e do interesse p\u00fablico, sem qualquer desvirtuamento\u201d, disse.<\/p>\n<p>Ainda foi explicado que\u00a0 fatos apurados no processo fazem parte de uma pol\u00edtica publica continuada, vigente h\u00e1 d\u00e9cadas na Para\u00edba. \u201cA gest\u00e3o fiscal s\u00e9ria e respons\u00e1vel empreendida tamb\u00e9m em 2014 fez parte de uma pol\u00edtica p\u00fablica continuada, n\u00e3o graciosa, vigente h\u00e1 d\u00e9cadas na Para\u00edba, que, no caso do IPVA, teve por objetivo regularizar a circula\u00e7\u00e3o de ve\u00edculos e garantir recursos financeiros por interm\u00e9dio do aumento da receita tribut\u00e1ria. Logo, a defesa ratifica a convic\u00e7\u00e3o de que os Ministros do TSE ir\u00e3o negar provimento ao recurso do PSDB, confirmando, na integralidade, a decis\u00e3o de improced\u00eancia proferida pelo TRE da Para\u00edba\u201d.<\/p>\n<p><strong>CARIRI EM A\u00c7\u00c3O<\/strong><\/p>\n<p><em>Com Wscom\/Foto: Reprodu\u00e7\u00e3o Internet<\/em><\/p>\n<p><strong>Leia mais not\u00edcias em\u00a0<\/strong><a href=\"http:\/\/www.caririemacao.com\/\"><strong>caririemacao.com<\/strong><\/a><strong>, siga nossa p\u00e1gina no\u00a0<\/strong><a href=\"https:\/\/www.facebook.com\/CaririEmAcao\/?ref=aymt_homepage_panel\"><strong>Facebook<\/strong><\/a>,<strong>\u00a0<\/strong><a href=\"https:\/\/www.instagram.com\/cariri_em_acao\/?hl=pt-br\"><strong>Instagram<\/strong><\/a><strong>\u00a0e\u00a0<\/strong><a href=\"https:\/\/www.youtube.com\/channel\/UCAptA0jQuYQy8vMhLt2m4qg\"><strong>Youtube<\/strong><\/a><strong>\u00a0e veja nossas mat\u00e9rias, v\u00eddeos e fotos. Voc\u00ea tamb\u00e9m pode enviar informa\u00e7\u00f5es \u00e0 Reda\u00e7\u00e3o do Portal Cariri em A\u00e7\u00e3o pelo WhatsApp (83) 9 9634.5791, (83) 9 9601-1162.<\/strong><\/p>\n","protected":false},"excerpt":{"rendered":"<p>Foi definido para a pr\u00f3xima quarta-feira (13), o julgamento da A\u00e7\u00e3o de Investiga\u00e7\u00e3o Judicial Eleitoral (Aije), pela cassa\u00e7\u00e3o do governador Ricardo Coutinho (PSB) e da&hellip; <\/p>\n","protected":false},"author":2,"featured_media":9586,"comment_status":"closed","ping_status":"closed","sticky":false,"template":"","format":"standard","meta":{"sfsi_plus_gutenberg_text_before_share":"","sfsi_plus_gutenberg_show_text_before_share":"","sfsi_plus_gutenberg_icon_type":"","sfsi_plus_gutenberg_icon_alignemt":"","sfsi_plus_gutenburg_max_per_row":"","footnotes":""},"categories":[11],"tags":[],"class_list":["post-43284","post","type-post","status-publish","format-standard","has-post-thumbnail","hentry","category-politica"],"_links":{"self":[{"href":"https:\/\/www.caririemacao.com\/1\/wp-json\/wp\/v2\/posts\/43284","targetHints":{"allow":["GET"]}}],"collection":[{"href":"https:\/\/www.caririemacao.com\/1\/wp-json\/wp\/v2\/posts"}],"about":[{"href":"https:\/\/www.caririemacao.com\/1\/wp-json\/wp\/v2\/types\/post"}],"author":[{"embeddable":true,"href":"https:\/\/www.caririemacao.com\/1\/wp-json\/wp\/v2\/users\/2"}],"replies":[{"embeddable":true,"href":"https:\/\/www.caririemacao.com\/1\/wp-json\/wp\/v2\/comments?post=43284"}],"version-history":[{"count":0,"href":"https:\/\/www.caririemacao.com\/1\/wp-json\/wp\/v2\/posts\/43284\/revisions"}],"wp:featuredmedia":[{"embeddable":true,"href":"https:\/\/www.caririemacao.com\/1\/wp-json\/wp\/v2\/media\/9586"}],"wp:attachment":[{"href":"https:\/\/www.caririemacao.com\/1\/wp-json\/wp\/v2\/media?parent=43284"}],"wp:term":[{"taxonomy":"category","embeddable":true,"href":"https:\/\/www.caririemacao.com\/1\/wp-json\/wp\/v2\/categories?post=43284"},{"taxonomy":"post_tag","embeddable":true,"href":"https:\/\/www.caririemacao.com\/1\/wp-json\/wp\/v2\/tags?post=43284"}],"curies":[{"name":"wp","href":"https:\/\/api.w.org\/{rel}","templated":true}]}}