{"id":43287,"date":"2018-03-07T20:34:41","date_gmt":"2018-03-07T23:34:41","guid":{"rendered":"http:\/\/caririemacao.com\/1\/?p=43287"},"modified":"2018-03-07T20:34:41","modified_gmt":"2018-03-07T23:34:41","slug":"ao-stf-temer-nega-acesso-a-dados-sigilosos-sobre-inquerito","status":"publish","type":"post","link":"https:\/\/www.caririemacao.com\/1\/2018\/03\/07\/ao-stf-temer-nega-acesso-a-dados-sigilosos-sobre-inquerito\/","title":{"rendered":"Ao STF, Temer nega acesso a dados sigilosos sobre inqu\u00e9rito"},"content":{"rendered":"<p>A defesa de Michel Temer encaminhou hoje (7) ao Supremo Tribunal Federal (STF) um documento no qual nega ter tido acesso a informa\u00e7\u00f5es sigilosas sobre a quebra de sigilo banc\u00e1rio do presidente.<\/p>\n<p>Os esclarecimentos foram feitos ap\u00f3s o ministro Lu\u00eds Roberto Barroso ter determinado, ontem (6), a\u00a0abertura de investiga\u00e7\u00e3o\u00a0para apurar o vazamento de informa\u00e7\u00f5es sobre a quebra de sigilo.<\/p>\n<p>Barroso havia imposto segredo de Justi\u00e7a \u00e0 quebra do sigilo, cuja ordem foi encaminhada ao Banco Central para cumprimento. No entanto, a decis\u00e3o foi tornada p\u00fablica na ter\u00e7a-feira pelo site da revista<em>\u00a0Veja<\/em>. Ap\u00f3s a divulga\u00e7\u00e3o pela imprensa, a defesa de Temer\u00a0pediu ao STF acesso \u00e0 decis\u00e3o.<\/p>\n<p>Pouco depois, ao determinar a investiga\u00e7\u00e3o do vazamento, Barroso ressaltou que a peti\u00e7\u00e3o da defesa trazia o n\u00famero referente ao processo no sistema do STF, embora a informa\u00e7\u00e3o se refira a procedimento \u201cabsolutamente sigiloso\u201d.<\/p>\n<p>Nas explica\u00e7\u00f5es encaminhadas nesta quarta-feira, o advogado Ant\u00f4nio Cl\u00e1udio Mariz de Oliveira, que representa Temer, escreveu que os referidos n\u00fameros de autua\u00e7\u00e3o foram obtidos por meio de pesquisa no Di\u00e1rio de Justi\u00e7a eletr\u00f4nico, dispon\u00edvel no portal do STF.<\/p>\n<p>De acordo com Mariz, a defesa foi levada a \u201cintuir, por mera e simples dedu\u00e7\u00e3o l\u00f3gica\u201d os n\u00fameros dos processos referentes \u00e0 quebra de sigilo, ap\u00f3s analisar quais andamentos processuais constavam decis\u00f5es proferidas em 27 de fevereiro, data da determina\u00e7\u00e3o da quebra de sigilo, conforme divulgado pela imprensa.<\/p>\n<p>\u201cO peticion\u00e1rio [Temer] esclarece que nem ele, tampouco a sua defesa, teve acesso a \u2018procedimentos de investiga\u00e7\u00e3o absolutamente sigilosos\u2019\u201d, diz o texto.<\/p>\n<p>Nesta quarta-feira, antes da sess\u00e3o plen\u00e1ria do STF,\u00a0Barroso fez um breve coment\u00e1rio\u00a0sobre o assunto a jornalistas, no qual disse apenas: \u201c\u00c9 um procedimento sigiloso. As palavras perderam o sentido no Brasil\u201d.<\/p>\n<p><strong>Inqu\u00e9rito<\/strong><\/p>\n<p>A quebra do sigilo de Temer foi determinada por Barroso no inqu\u00e9rito sobre o suposto favorecimento da empresa Rodrimar S.A. com a edi\u00e7\u00e3o do decreto do Portos (9.048\/2017), assinado por Temer em maio do ano passado. O ministro \u00e9 o relator da investiga\u00e7\u00e3o, autorizada por ele em setembro do ano passado, a pedido do Minist\u00e9rio P\u00fablico Federal (MPF) e com base nas dela\u00e7\u00f5es premiadas de executivos da empresa JBS.<\/p>\n<p>Na a\u00e7\u00e3o, al\u00e9m de Temer, s\u00e3o investigados o ex-deputado Rodrigo Rocha Loures e os empres\u00e1rios Ant\u00f4nio Celso Grecco e Ricardo Mesquita, donos da Rodrimar, empresa que atua no Porto de Santos.<\/p>\n<p>Em\u00a0janeiro, ao responder por escrito aos questionamentos dos delegados respons\u00e1veis pelo caso, a defesa do presidente Temer declarou que ele nunca foi procurado por empres\u00e1rios do setor portu\u00e1rio para tratar da edi\u00e7\u00e3o do decreto, tampouco autorizou qualquer pessoa a fazer tratativas em seu nome.<\/p>\n<p><strong>CARIRI EM A\u00c7\u00c3O<\/strong><\/p>\n<p><em>Com Ag\u00eancia Brasil\/Foto: Reprodu\u00e7\u00e3o Internet<\/em><\/p>\n<p><strong>Leia mais not\u00edcias em\u00a0<\/strong><a href=\"http:\/\/www.caririemacao.com\/\"><strong>caririemacao.com<\/strong><\/a><strong>, siga nossa p\u00e1gina no\u00a0<\/strong><a href=\"https:\/\/www.facebook.com\/CaririEmAcao\/?ref=aymt_homepage_panel\"><strong>Facebook<\/strong><\/a>,<strong>\u00a0<\/strong><a href=\"https:\/\/www.instagram.com\/cariri_em_acao\/?hl=pt-br\"><strong>Instagram<\/strong><\/a><strong>\u00a0e\u00a0<\/strong><a href=\"https:\/\/www.youtube.com\/channel\/UCAptA0jQuYQy8vMhLt2m4qg\"><strong>Youtube<\/strong><\/a><strong>\u00a0e veja nossas mat\u00e9rias, v\u00eddeos e fotos. Voc\u00ea tamb\u00e9m pode enviar informa\u00e7\u00f5es \u00e0 Reda\u00e7\u00e3o do Portal Cariri em A\u00e7\u00e3o pelo WhatsApp (83) 9 9634.5791, (83) 9 9601-1162.<\/strong><\/p>\n","protected":false},"excerpt":{"rendered":"<p>A defesa de Michel Temer encaminhou hoje (7) ao Supremo Tribunal Federal (STF) um documento no qual nega ter tido acesso a informa\u00e7\u00f5es sigilosas sobre&hellip; <\/p>\n","protected":false},"author":2,"featured_media":30059,"comment_status":"closed","ping_status":"closed","sticky":false,"template":"","format":"standard","meta":{"sfsi_plus_gutenberg_text_before_share":"","sfsi_plus_gutenberg_show_text_before_share":"","sfsi_plus_gutenberg_icon_type":"","sfsi_plus_gutenberg_icon_alignemt":"","sfsi_plus_gutenburg_max_per_row":"","footnotes":""},"categories":[11],"tags":[],"class_list":["post-43287","post","type-post","status-publish","format-standard","has-post-thumbnail","hentry","category-politica"],"_links":{"self":[{"href":"https:\/\/www.caririemacao.com\/1\/wp-json\/wp\/v2\/posts\/43287","targetHints":{"allow":["GET"]}}],"collection":[{"href":"https:\/\/www.caririemacao.com\/1\/wp-json\/wp\/v2\/posts"}],"about":[{"href":"https:\/\/www.caririemacao.com\/1\/wp-json\/wp\/v2\/types\/post"}],"author":[{"embeddable":true,"href":"https:\/\/www.caririemacao.com\/1\/wp-json\/wp\/v2\/users\/2"}],"replies":[{"embeddable":true,"href":"https:\/\/www.caririemacao.com\/1\/wp-json\/wp\/v2\/comments?post=43287"}],"version-history":[{"count":0,"href":"https:\/\/www.caririemacao.com\/1\/wp-json\/wp\/v2\/posts\/43287\/revisions"}],"wp:featuredmedia":[{"embeddable":true,"href":"https:\/\/www.caririemacao.com\/1\/wp-json\/wp\/v2\/media\/30059"}],"wp:attachment":[{"href":"https:\/\/www.caririemacao.com\/1\/wp-json\/wp\/v2\/media?parent=43287"}],"wp:term":[{"taxonomy":"category","embeddable":true,"href":"https:\/\/www.caririemacao.com\/1\/wp-json\/wp\/v2\/categories?post=43287"},{"taxonomy":"post_tag","embeddable":true,"href":"https:\/\/www.caririemacao.com\/1\/wp-json\/wp\/v2\/tags?post=43287"}],"curies":[{"name":"wp","href":"https:\/\/api.w.org\/{rel}","templated":true}]}}