{"id":43289,"date":"2018-03-07T20:38:20","date_gmt":"2018-03-07T23:38:20","guid":{"rendered":"http:\/\/caririemacao.com\/1\/?p=43289"},"modified":"2018-03-07T20:38:20","modified_gmt":"2018-03-07T23:38:20","slug":"camara-aprova-pena-maior-para-estupro-coletivo-projeto-torna-crime-a-importunacao-sexual","status":"publish","type":"post","link":"https:\/\/www.caririemacao.com\/1\/2018\/03\/07\/camara-aprova-pena-maior-para-estupro-coletivo-projeto-torna-crime-a-importunacao-sexual\/","title":{"rendered":"C\u00e2mara aprova pena maior para estupro coletivo; projeto torna crime a importuna\u00e7\u00e3o sexual"},"content":{"rendered":"<p>A C\u00e2mara dos Deputados aprovou nesta quarta-feira (7) um projeto que aumenta a pena em caso de estupro coletivo e torna crime a importuna\u00e7\u00e3o sexual e a divulga\u00e7\u00e3o de cena de estupro.<\/p>\n<p>O projeto j\u00e1 havia sido aprovado pelo Senado, mas como os deputados modificaram o texto, os senadores dever\u00e3o analisar a proposta novamente.<\/p>\n<p>Pelo texto, com a tipifica\u00e7\u00e3o dos crimes de divulga\u00e7\u00e3o de cena de estupro e de importuna\u00e7\u00e3o sexual, as penas poder\u00e3o variar de um a cinco anos de pris\u00e3o.<\/p>\n<p>A importuna\u00e7\u00e3o sexual \u00e9 relacionada \u00e0 pr\u00e1tica de ato libidinoso na presen\u00e7a de algu\u00e9m sem concord\u00e2ncia dessa pessoa.<\/p>\n<p>Na pr\u00e1tica, o crime pode enquadrar, por exemplo, os casos de homens pegos em ve\u00edculos de transporte p\u00fablico se masturbando ou ejaculando em mulheres. Hoje, esse comportamento \u00e9 classificado como contraven\u00e7\u00e3o penal, punido somente com multa.<\/p>\n<p>&nbsp;<\/p>\n<p><strong>CARIRI EM A\u00c7\u00c3O<\/strong><\/p>\n<p><em>Com Para\u00edba Debate\/Foto: Reprodu\u00e7\u00e3o Internet<\/em><\/p>\n<p><strong>Leia mais not\u00edcias em\u00a0<\/strong><a href=\"http:\/\/www.caririemacao.com\/\"><strong>caririemacao.com<\/strong><\/a><strong>, siga nossa p\u00e1gina no\u00a0<\/strong><a href=\"https:\/\/www.facebook.com\/CaririEmAcao\/?ref=aymt_homepage_panel\"><strong>Facebook<\/strong><\/a>,<strong>\u00a0<\/strong><a href=\"https:\/\/www.instagram.com\/cariri_em_acao\/?hl=pt-br\"><strong>Instagram<\/strong><\/a><strong>\u00a0e\u00a0<\/strong><a href=\"https:\/\/www.youtube.com\/channel\/UCAptA0jQuYQy8vMhLt2m4qg\"><strong>Youtube<\/strong><\/a><strong>\u00a0e veja nossas mat\u00e9rias, v\u00eddeos e fotos. Voc\u00ea tamb\u00e9m pode enviar informa\u00e7\u00f5es \u00e0 Reda\u00e7\u00e3o do Portal Cariri em A\u00e7\u00e3o pelo WhatsApp (83) 9 9634.5791, (83) 9 9601-1162.<\/strong><\/p>\n","protected":false},"excerpt":{"rendered":"<p>A C\u00e2mara dos Deputados aprovou nesta quarta-feira (7) um projeto que aumenta a pena em caso de estupro coletivo e torna crime a importuna\u00e7\u00e3o sexual&hellip; <\/p>\n","protected":false},"author":2,"featured_media":43290,"comment_status":"closed","ping_status":"closed","sticky":false,"template":"","format":"standard","meta":{"sfsi_plus_gutenberg_text_before_share":"","sfsi_plus_gutenberg_show_text_before_share":"","sfsi_plus_gutenberg_icon_type":"","sfsi_plus_gutenberg_icon_alignemt":"","sfsi_plus_gutenburg_max_per_row":"","footnotes":""},"categories":[2],"tags":[],"class_list":["post-43289","post","type-post","status-publish","format-standard","has-post-thumbnail","hentry","category-geral"],"_links":{"self":[{"href":"https:\/\/www.caririemacao.com\/1\/wp-json\/wp\/v2\/posts\/43289","targetHints":{"allow":["GET"]}}],"collection":[{"href":"https:\/\/www.caririemacao.com\/1\/wp-json\/wp\/v2\/posts"}],"about":[{"href":"https:\/\/www.caririemacao.com\/1\/wp-json\/wp\/v2\/types\/post"}],"author":[{"embeddable":true,"href":"https:\/\/www.caririemacao.com\/1\/wp-json\/wp\/v2\/users\/2"}],"replies":[{"embeddable":true,"href":"https:\/\/www.caririemacao.com\/1\/wp-json\/wp\/v2\/comments?post=43289"}],"version-history":[{"count":0,"href":"https:\/\/www.caririemacao.com\/1\/wp-json\/wp\/v2\/posts\/43289\/revisions"}],"wp:featuredmedia":[{"embeddable":true,"href":"https:\/\/www.caririemacao.com\/1\/wp-json\/wp\/v2\/media\/43290"}],"wp:attachment":[{"href":"https:\/\/www.caririemacao.com\/1\/wp-json\/wp\/v2\/media?parent=43289"}],"wp:term":[{"taxonomy":"category","embeddable":true,"href":"https:\/\/www.caririemacao.com\/1\/wp-json\/wp\/v2\/categories?post=43289"},{"taxonomy":"post_tag","embeddable":true,"href":"https:\/\/www.caririemacao.com\/1\/wp-json\/wp\/v2\/tags?post=43289"}],"curies":[{"name":"wp","href":"https:\/\/api.w.org\/{rel}","templated":true}]}}