{"id":43292,"date":"2018-03-07T20:40:25","date_gmt":"2018-03-07T23:40:25","guid":{"rendered":"http:\/\/caririemacao.com\/1\/?p=43292"},"modified":"2018-03-07T20:40:25","modified_gmt":"2018-03-07T23:40:25","slug":"acude-acaua-vai-receber-48-milhoes-de-metros-cubicos-de-agua-de-boqueirao","status":"publish","type":"post","link":"https:\/\/www.caririemacao.com\/1\/2018\/03\/07\/acude-acaua-vai-receber-48-milhoes-de-metros-cubicos-de-agua-de-boqueirao\/","title":{"rendered":"A\u00e7ude Acau\u00e3 vai receber 4,8 milh\u00f5es de metros c\u00fabicos de \u00e1gua de Boqueir\u00e3o"},"content":{"rendered":"<p>A barragem Argemiro de Figueiredo, que \u00e9 popularmente conhecida como Acau\u00e3 e fica localizada no munic\u00edpio de Itatuba, vai receber 4,8 milh\u00f5es de metros c\u00fabicos de \u00e1gua do a\u00e7ude Epit\u00e1cio Pessoa (Boqueir\u00e3o). A resolu\u00e7\u00e3o que autoriza a abertura da comporta de Boqueir\u00e3o foi publicada no Di\u00e1rio Oficial da Uni\u00e3o desta quarta-feira (7) pela Ag\u00eancia Nacional das \u00c1guas (ANA) e a Ag\u00eancia Executiva de Gest\u00e3o das \u00c1guas da Para\u00edba (Aesa).<\/p>\n<p>A situa\u00e7\u00e3o de Acau\u00e3 ficou cr\u00edtica por conta da estiagem nos \u00faltimos 5 anos. O a\u00e7ude tem apenas 3,47% da capacidade, o equivalente a 7 milh\u00f5es de metros c\u00fabicos. Com o aux\u00edlio de Boqueir\u00e3o, que tem mais de 411 milh\u00f5es de metros c\u00fabicos, deve ser regularizado o abastecimento nas cidades de Itatuba, Ing\u00e1, Itabaiana, Juarez T\u00e1vora, Juripiranga, Mogeiro, Pilar, S\u00e3o Jos\u00e9 dos Ramos e Salgado de S\u00e3o F\u00e9lix; e os distritos Zumbi e Boqueir\u00e3o de Gurinh\u00e9m. Cerca de 100 mil pessoas ser\u00e3o beneficiadas.<\/p>\n<p>\u201cA responsabilidade pela opera\u00e7\u00e3o da comporta de Boqueir\u00e3o ficou a cargo do Departamento Nacional de Obras Contra as Secas. Solicitamos ao Dnocs que a abertura seja feita na sexta-feira. Como os resultados dos testes realizados na semana passada foram satisfat\u00f3rios, n\u00e3o teremos problemas para controlar a vaz\u00e3o da \u00e1gua\u201d, afirmou o presidente da Aesa, Jo\u00e3o Fernandes da Silva. Segundo o presidente da Aesa, a abertura da comporta n\u00e3o prejudicar\u00e1 Campina Grande e outras 18 cidades que s\u00e3o abastecidas pelo reservat\u00f3rio Epit\u00e1cio Pessoa. \u201cN\u00f3s temos seguran\u00e7a h\u00eddrica em Campina e regi\u00e3o. Esta seguran\u00e7a \u00e9 dada pelo volume em Boqueir\u00e3o e tamb\u00e9m pela quantidade de \u00e1gua que estamos recebendo da transposi\u00e7\u00e3o. Em m\u00e9dia est\u00e1 chegando 4 metros c\u00fabicos por segundo e n\u00f3s estamos gastando apenas 2,3 metros c\u00fabicos por segundo. Desta forma, n\u00e3o h\u00e1 com o que se preocupar\u201d, garantiu Fernandes.<\/p>\n<p>A iniciativa tem o apoio do presidente do Comit\u00ea da Bacia Hidrogr\u00e1fica do rio Para\u00edba, Ulysmar Curvelo Cavalcante. \u201cT\u00e3o logo o reservat\u00f3rio de Acau\u00e3 ofere\u00e7a seguran\u00e7a h\u00eddrica para a popula\u00e7\u00e3o daquela regi\u00e3o, as suas comportas devem ser abertas para perenizar o rio Para\u00edba at\u00e9 a foz\u201d, declarou por meio de of\u00edcio enviado \u00e0 agencia estadual.<\/p>\n<p><strong>CARIRI EM A\u00c7\u00c3O<\/strong><\/p>\n<p><em>Com Secom PB\/Foto: Reprodu\u00e7\u00e3o Internet<\/em><\/p>\n<p><strong>Leia mais not\u00edcias em\u00a0<\/strong><a href=\"http:\/\/www.caririemacao.com\/\"><strong>caririemacao.com<\/strong><\/a><strong>, siga nossa p\u00e1gina no\u00a0<\/strong><a href=\"https:\/\/www.facebook.com\/CaririEmAcao\/?ref=aymt_homepage_panel\"><strong>Facebook<\/strong><\/a>,<strong>\u00a0<\/strong><a href=\"https:\/\/www.instagram.com\/cariri_em_acao\/?hl=pt-br\"><strong>Instagram<\/strong><\/a><strong>\u00a0e\u00a0<\/strong><a href=\"https:\/\/www.youtube.com\/channel\/UCAptA0jQuYQy8vMhLt2m4qg\"><strong>Youtube<\/strong><\/a><strong>\u00a0e veja nossas mat\u00e9rias, v\u00eddeos e fotos. Voc\u00ea tamb\u00e9m pode enviar informa\u00e7\u00f5es \u00e0 Reda\u00e7\u00e3o do Portal Cariri em A\u00e7\u00e3o pelo WhatsApp (83) 9 9634.5791, (83) 9 9601-1162.<\/strong><\/p>\n","protected":false},"excerpt":{"rendered":"<p>A barragem Argemiro de Figueiredo, que \u00e9 popularmente conhecida como Acau\u00e3 e fica localizada no munic\u00edpio de Itatuba, vai receber 4,8 milh\u00f5es de metros c\u00fabicos&hellip; <\/p>\n","protected":false},"author":2,"featured_media":43293,"comment_status":"closed","ping_status":"closed","sticky":false,"template":"","format":"standard","meta":{"sfsi_plus_gutenberg_text_before_share":"","sfsi_plus_gutenberg_show_text_before_share":"","sfsi_plus_gutenberg_icon_type":"","sfsi_plus_gutenberg_icon_alignemt":"","sfsi_plus_gutenburg_max_per_row":"","footnotes":""},"categories":[2],"tags":[],"class_list":["post-43292","post","type-post","status-publish","format-standard","has-post-thumbnail","hentry","category-geral"],"_links":{"self":[{"href":"https:\/\/www.caririemacao.com\/1\/wp-json\/wp\/v2\/posts\/43292","targetHints":{"allow":["GET"]}}],"collection":[{"href":"https:\/\/www.caririemacao.com\/1\/wp-json\/wp\/v2\/posts"}],"about":[{"href":"https:\/\/www.caririemacao.com\/1\/wp-json\/wp\/v2\/types\/post"}],"author":[{"embeddable":true,"href":"https:\/\/www.caririemacao.com\/1\/wp-json\/wp\/v2\/users\/2"}],"replies":[{"embeddable":true,"href":"https:\/\/www.caririemacao.com\/1\/wp-json\/wp\/v2\/comments?post=43292"}],"version-history":[{"count":0,"href":"https:\/\/www.caririemacao.com\/1\/wp-json\/wp\/v2\/posts\/43292\/revisions"}],"wp:featuredmedia":[{"embeddable":true,"href":"https:\/\/www.caririemacao.com\/1\/wp-json\/wp\/v2\/media\/43293"}],"wp:attachment":[{"href":"https:\/\/www.caririemacao.com\/1\/wp-json\/wp\/v2\/media?parent=43292"}],"wp:term":[{"taxonomy":"category","embeddable":true,"href":"https:\/\/www.caririemacao.com\/1\/wp-json\/wp\/v2\/categories?post=43292"},{"taxonomy":"post_tag","embeddable":true,"href":"https:\/\/www.caririemacao.com\/1\/wp-json\/wp\/v2\/tags?post=43292"}],"curies":[{"name":"wp","href":"https:\/\/api.w.org\/{rel}","templated":true}]}}