{"id":43295,"date":"2018-03-07T20:45:05","date_gmt":"2018-03-07T23:45:05","guid":{"rendered":"http:\/\/caririemacao.com\/1\/?p=43295"},"modified":"2018-03-07T20:45:05","modified_gmt":"2018-03-07T23:45:05","slug":"estudante-de-16-anos-comete-suicidio","status":"publish","type":"post","link":"https:\/\/www.caririemacao.com\/1\/2018\/03\/07\/estudante-de-16-anos-comete-suicidio\/","title":{"rendered":"Estudante de 16 anos comete suic\u00eddio"},"content":{"rendered":"<p>Uma jovem estudante do 2\u00ba ano do ensino m\u00e9dio da Escola Estadual Coriolano de Medeiros suicidou-se atrav\u00e9s de enforcamento nesta \u00faltima ter\u00e7a-feira, dia 06, no Jardim Guanabara, em Patos.<\/p>\n<p>A estudante foi identificada como sendo Kely Yorrana A. de Souza, 16 anos. Ela praticou suic\u00eddio enquanto estava na casa da av\u00f3. A jovem teria dito a av\u00f3 que iria tomar um banho, mas poucos minutos depois\u00a0tirou a pr\u00f3pria vida de forma tr\u00e1gica.<\/p>\n<p>Em contato com uma professora da garota, a reportagem foi informada que a estudante era uma jovem que n\u00e3o aparentava ter problemas que levasse a tal atitude lastim\u00e1vel. No entanto, Kely Yorrana chegou a conversar com amigos em um grupo de WhatsApp dizendo: \u201cAmanh\u00e3 voc\u00eas veem a not\u00edcia\u201d. Um amigo da garota ainda tentou convenc\u00ea-la sobre o valor da vida, por\u00e9m a estudante revidou com a seguinte frase: \u201cPorque minha vida \u00e9 um lixo\u201d e finalizou confirmando que a trag\u00e9dia \u201cvai acontecer agora de noite\u201d.<\/p>\n<p>Equipes do Servi\u00e7o de Atendimento M\u00f3vel de Urg\u00eancia (SAMU) ainda foram acionadas, por\u00e9m j\u00e1 encontraram a jovem sem vida.<\/p>\n<p>O caso da estudante Kely Yorrana \u00e9 uma alerta \u00e0s fam\u00edlias, pois na primeira semana de mar\u00e7o outra adolescente tentou tirar a pr\u00f3pria vida usando a mesma forma, ou seja, atrav\u00e9s de corda no pesco\u00e7o.<\/p>\n<p><strong>CARIRI EM A\u00c7\u00c3O<\/strong><\/p>\n<p><em>Para\u00edba Debate com Patosonline\/Foto:\u00a0Para\u00edba Debate<\/em><\/p>\n<p><strong>Leia mais not\u00edcias em\u00a0<\/strong><a href=\"http:\/\/www.caririemacao.com\/\"><strong>caririemacao.com<\/strong><\/a><strong>, siga nossa p\u00e1gina no\u00a0<\/strong><a href=\"https:\/\/www.facebook.com\/CaririEmAcao\/?ref=aymt_homepage_panel\"><strong>Facebook<\/strong><\/a>,<strong>\u00a0<\/strong><a href=\"https:\/\/www.instagram.com\/cariri_em_acao\/?hl=pt-br\"><strong>Instagram<\/strong><\/a><strong>\u00a0e\u00a0<\/strong><a href=\"https:\/\/www.youtube.com\/channel\/UCAptA0jQuYQy8vMhLt2m4qg\"><strong>Youtube<\/strong><\/a><strong>\u00a0e veja nossas mat\u00e9rias, v\u00eddeos e fotos. Voc\u00ea tamb\u00e9m pode enviar informa\u00e7\u00f5es \u00e0 Reda\u00e7\u00e3o do Portal Cariri em A\u00e7\u00e3o pelo WhatsApp (83) 9 9634.5791, (83) 9 9601-1162.<\/strong><\/p>\n","protected":false},"excerpt":{"rendered":"<p>Uma jovem estudante do 2\u00ba ano do ensino m\u00e9dio da Escola Estadual Coriolano de Medeiros suicidou-se atrav\u00e9s de enforcamento nesta \u00faltima ter\u00e7a-feira, dia 06, no&hellip; <\/p>\n","protected":false},"author":2,"featured_media":43296,"comment_status":"closed","ping_status":"closed","sticky":false,"template":"","format":"standard","meta":{"sfsi_plus_gutenberg_text_before_share":"","sfsi_plus_gutenberg_show_text_before_share":"","sfsi_plus_gutenberg_icon_type":"","sfsi_plus_gutenberg_icon_alignemt":"","sfsi_plus_gutenburg_max_per_row":"","footnotes":""},"categories":[12],"tags":[],"class_list":["post-43295","post","type-post","status-publish","format-standard","has-post-thumbnail","hentry","category-policia"],"_links":{"self":[{"href":"https:\/\/www.caririemacao.com\/1\/wp-json\/wp\/v2\/posts\/43295","targetHints":{"allow":["GET"]}}],"collection":[{"href":"https:\/\/www.caririemacao.com\/1\/wp-json\/wp\/v2\/posts"}],"about":[{"href":"https:\/\/www.caririemacao.com\/1\/wp-json\/wp\/v2\/types\/post"}],"author":[{"embeddable":true,"href":"https:\/\/www.caririemacao.com\/1\/wp-json\/wp\/v2\/users\/2"}],"replies":[{"embeddable":true,"href":"https:\/\/www.caririemacao.com\/1\/wp-json\/wp\/v2\/comments?post=43295"}],"version-history":[{"count":0,"href":"https:\/\/www.caririemacao.com\/1\/wp-json\/wp\/v2\/posts\/43295\/revisions"}],"wp:featuredmedia":[{"embeddable":true,"href":"https:\/\/www.caririemacao.com\/1\/wp-json\/wp\/v2\/media\/43296"}],"wp:attachment":[{"href":"https:\/\/www.caririemacao.com\/1\/wp-json\/wp\/v2\/media?parent=43295"}],"wp:term":[{"taxonomy":"category","embeddable":true,"href":"https:\/\/www.caririemacao.com\/1\/wp-json\/wp\/v2\/categories?post=43295"},{"taxonomy":"post_tag","embeddable":true,"href":"https:\/\/www.caririemacao.com\/1\/wp-json\/wp\/v2\/tags?post=43295"}],"curies":[{"name":"wp","href":"https:\/\/api.w.org\/{rel}","templated":true}]}}