{"id":43301,"date":"2018-03-07T20:58:53","date_gmt":"2018-03-07T23:58:53","guid":{"rendered":"http:\/\/caririemacao.com\/1\/?p=43301"},"modified":"2018-03-07T20:58:53","modified_gmt":"2018-03-07T23:58:53","slug":"adriano-galdino-participa-de-reuniao-com-prefeito-de-sao-sebastiao-de-umbuzeiro-e-secretario-joao-azevedo","status":"publish","type":"post","link":"https:\/\/www.caririemacao.com\/1\/2018\/03\/07\/adriano-galdino-participa-de-reuniao-com-prefeito-de-sao-sebastiao-de-umbuzeiro-e-secretario-joao-azevedo\/","title":{"rendered":"Adriano Galdino participa de reuni\u00e3o com prefeito de S\u00e3o Sebasti\u00e3o de Umbuzeiro e secret\u00e1rio Jo\u00e3o Azevedo"},"content":{"rendered":"<p>O deputado estadual e secret\u00e1rio de Articula\u00e7\u00e3o Pol\u00edtica, Adriano Galdino (PSB), acompanhou ontem, ter\u00e7a-feira (06), uma audi\u00eancia entre com o secret\u00e1rio de Infraestrutura e Recursos H\u00eddricos do Estado, Jo\u00e3o Azevedo (PSB) e o prefeito de S\u00e3o Sebasti\u00e3o de Umbuzeiro, Adriano Wolf (DEM).<\/p>\n<p>O prefeito encaminhou v\u00e1rios pleitos nas \u00e1reas de infraestrutura, educa\u00e7\u00e3o, esporte e lazer, e aproveitou para reafirmar sua cobran\u00e7a para conclus\u00e3o da adjutora de Camala\u00fa, demandas que s\u00e3o apoiadas por Adriano Galdino.<\/p>\n<p>\u201cFoi uma audi\u00eancia positiva, e j\u00e1 estamos fazendo os projetos arquitet\u00f4nicos para quando entrar os recursos as obras tenha in\u00edcio imediato\u201d, disse o prefeito.<\/p>\n<p>Galdino aproveitou a oportunidade para reafirmar seu compromisso com a popula\u00e7\u00e3o umbuzeirense. \u201cO nosso\u00a0principal compromisso com o povo de S\u00e3o Sebasti\u00e3o de Umbuzeiro \u00e9 o de ajudar o prefeito Adriano fazer a cidade cada vez melhor e mais justa\u201d, afirmou.<\/p>\n<p><a href=\"http:\/\/caririemacao.com\/1\/?attachment_id=43303\" rel=\"attachment wp-att-43303\"><img fetchpriority=\"high\" decoding=\"async\" class=\"aligncenter size-full wp-image-43303\" src=\"http:\/\/caririemacao.com\/1\/wp-content\/uploads\/2018\/03\/timthumb-8.jpg\" alt=\"\" width=\"547\" height=\"398\" srcset=\"https:\/\/www.caririemacao.com\/1\/wp-content\/uploads\/2018\/03\/timthumb-8.jpg 547w, https:\/\/www.caririemacao.com\/1\/wp-content\/uploads\/2018\/03\/timthumb-8-300x218.jpg 300w\" sizes=\"(max-width: 547px) 100vw, 547px\" \/><\/a><\/p>\n<p><strong>CARIRI EM A\u00c7\u00c3O<\/strong><\/p>\n<p><em>Com Para\u00edba Debate\/Foto:\u00a0Para\u00edba Debate<\/em><\/p>\n<p><strong>Leia mais not\u00edcias em\u00a0<\/strong><a href=\"http:\/\/www.caririemacao.com\/\"><strong>caririemacao.com<\/strong><\/a><strong>, siga nossa p\u00e1gina no\u00a0<\/strong><a href=\"https:\/\/www.facebook.com\/CaririEmAcao\/?ref=aymt_homepage_panel\"><strong>Facebook<\/strong><\/a>,<strong>\u00a0<\/strong><a href=\"https:\/\/www.instagram.com\/cariri_em_acao\/?hl=pt-br\"><strong>Instagram<\/strong><\/a><strong>\u00a0e\u00a0<\/strong><a href=\"https:\/\/www.youtube.com\/channel\/UCAptA0jQuYQy8vMhLt2m4qg\"><strong>Youtube<\/strong><\/a><strong>\u00a0e veja nossas mat\u00e9rias, v\u00eddeos e fotos. Voc\u00ea tamb\u00e9m pode enviar informa\u00e7\u00f5es \u00e0 Reda\u00e7\u00e3o do Portal Cariri em A\u00e7\u00e3o pelo WhatsApp (83) 9 9634.5791, (83) 9 9601-1162.<\/strong><\/p>\n","protected":false},"excerpt":{"rendered":"<p>O deputado estadual e secret\u00e1rio de Articula\u00e7\u00e3o Pol\u00edtica, Adriano Galdino (PSB), acompanhou ontem, ter\u00e7a-feira (06), uma audi\u00eancia entre com o secret\u00e1rio de Infraestrutura e Recursos&hellip; <\/p>\n","protected":false},"author":2,"featured_media":43302,"comment_status":"closed","ping_status":"closed","sticky":false,"template":"","format":"standard","meta":{"sfsi_plus_gutenberg_text_before_share":"","sfsi_plus_gutenberg_show_text_before_share":"","sfsi_plus_gutenberg_icon_type":"","sfsi_plus_gutenberg_icon_alignemt":"","sfsi_plus_gutenburg_max_per_row":"","footnotes":""},"categories":[6],"tags":[],"class_list":["post-43301","post","type-post","status-publish","format-standard","has-post-thumbnail","hentry","category-cidades"],"_links":{"self":[{"href":"https:\/\/www.caririemacao.com\/1\/wp-json\/wp\/v2\/posts\/43301","targetHints":{"allow":["GET"]}}],"collection":[{"href":"https:\/\/www.caririemacao.com\/1\/wp-json\/wp\/v2\/posts"}],"about":[{"href":"https:\/\/www.caririemacao.com\/1\/wp-json\/wp\/v2\/types\/post"}],"author":[{"embeddable":true,"href":"https:\/\/www.caririemacao.com\/1\/wp-json\/wp\/v2\/users\/2"}],"replies":[{"embeddable":true,"href":"https:\/\/www.caririemacao.com\/1\/wp-json\/wp\/v2\/comments?post=43301"}],"version-history":[{"count":0,"href":"https:\/\/www.caririemacao.com\/1\/wp-json\/wp\/v2\/posts\/43301\/revisions"}],"wp:featuredmedia":[{"embeddable":true,"href":"https:\/\/www.caririemacao.com\/1\/wp-json\/wp\/v2\/media\/43302"}],"wp:attachment":[{"href":"https:\/\/www.caririemacao.com\/1\/wp-json\/wp\/v2\/media?parent=43301"}],"wp:term":[{"taxonomy":"category","embeddable":true,"href":"https:\/\/www.caririemacao.com\/1\/wp-json\/wp\/v2\/categories?post=43301"},{"taxonomy":"post_tag","embeddable":true,"href":"https:\/\/www.caririemacao.com\/1\/wp-json\/wp\/v2\/tags?post=43301"}],"curies":[{"name":"wp","href":"https:\/\/api.w.org\/{rel}","templated":true}]}}